{"id":494295,"date":"2023-12-06T01:21:21","date_gmt":"2023-12-06T05:21:21","guid":{"rendered":"https:\/\/diariodominicano.com\/?p=494295"},"modified":"2023-12-06T01:22:58","modified_gmt":"2023-12-06T05:22:58","slug":"julio-romero-muestra-su-musculo-y-fortaleza-en-barrios-de-sde-y-vaticina-sera-el-proximo-alcalde","status":"publish","type":"post","link":"https:\/\/diariodominicano.com\/?p=494295","title":{"rendered":"Julio Romero muestra su m\u00fasculo y fortaleza en barrios de SDE y vaticina ser\u00e1 el pr\u00f3ximo alcalde"},"content":{"rendered":"\n<p><strong>El candidato a alcalde de Santo Domingo Este por Fuerza del Pueblo y varios aliados, anuncia gran manifestaci\u00f3n el pr\u00f3ximo domingo, para proclamar a candidatos a cargos congresuales y municipales.<\/strong><\/p>\n\n\n\n<figure class=\"wp-block-image size-large\"><img loading=\"lazy\" decoding=\"async\" width=\"1024\" height=\"669\" src=\"https:\/\/diariodominicano.com\/wp-content\/uploads\/2023\/12\/Julio-Romero-FP-gana-SDE-2-1024x669.jpg\" alt=\"\" class=\"wp-image-494297\" srcset=\"https:\/\/diariodominicano.com\/wp-content\/uploads\/2023\/12\/Julio-Romero-FP-gana-SDE-2-1024x669.jpg 1024w, https:\/\/diariodominicano.com\/wp-content\/uploads\/2023\/12\/Julio-Romero-FP-gana-SDE-2-300x196.jpg 300w, https:\/\/diariodominicano.com\/wp-content\/uploads\/2023\/12\/Julio-Romero-FP-gana-SDE-2-768x502.jpg 768w, https:\/\/diariodominicano.com\/wp-content\/uploads\/2023\/12\/Julio-Romero-FP-gana-SDE-2-816x533.jpg 816w, https:\/\/diariodominicano.com\/wp-content\/uploads\/2023\/12\/Julio-Romero-FP-gana-SDE-2.jpg 1080w\" sizes=\"auto, (max-width: 1024px) 100vw, 1024px\" \/><\/figure>\n\n\n\n<p><strong>SANTO DOMINGO ESTE.-<\/strong>&nbsp;Julio Romero ya arranc\u00f3 con su campa\u00f1a proselitista, y en las \u00faltimas 72 horas ha mostrado sus m\u00fasculos en diferentes sectores de Santo Domingo Este, donde ha garantizado que ser\u00e1 el pr\u00f3ximo alcalde de este municipio.&nbsp;<\/p>\n\n\n\n<p>\u201cUstedes est\u00e1n hablando con el pr\u00f3ximo alcalde de Santo Domingo Este\u201d.&nbsp;<\/p>\n\n\n\n<p>Con esas once palabras se present\u00f3 el candidato a la Alcald\u00eda de SDE por el Partido Fuerza del Pueblo, Juntos Podemos, Movimiento Rebelde y otras organizaciones, al presentarse ante l\u00edderes y dirigentes pol\u00edticos de las tres circunscripciones de este municipio, con quienes analiz\u00f3 varios aspectos relativos a su direcci\u00f3n de Campa\u00f1a, frente a quienes asegur\u00f3 tener asegurados los votos suficientes para ganar los comicios del 18 de febrero de 2024.<\/p>\n\n\n\n<p>Cit\u00f3 que entre s\u00e1bado, domingo y lunes se han celebrado actividades pol\u00edtico-electorales que han venido a ratificar su fortaleza electoral y que los mun\u00edcipes de Santo Domingo Este favorecen mayoritariamente su propuesta de gobierno municipal.<\/p>\n\n\n\n<figure class=\"wp-block-image size-large\"><img loading=\"lazy\" decoding=\"async\" width=\"1024\" height=\"1000\" src=\"https:\/\/diariodominicano.com\/wp-content\/uploads\/2023\/12\/Julio-Romero-FP-gana-SDE-3-1024x1000.jpg\" alt=\"\" class=\"wp-image-494300\" srcset=\"https:\/\/diariodominicano.com\/wp-content\/uploads\/2023\/12\/Julio-Romero-FP-gana-SDE-3-1024x1000.jpg 1024w, https:\/\/diariodominicano.com\/wp-content\/uploads\/2023\/12\/Julio-Romero-FP-gana-SDE-3-300x293.jpg 300w, https:\/\/diariodominicano.com\/wp-content\/uploads\/2023\/12\/Julio-Romero-FP-gana-SDE-3-768x750.jpg 768w, https:\/\/diariodominicano.com\/wp-content\/uploads\/2023\/12\/Julio-Romero-FP-gana-SDE-3-816x797.jpg 816w, https:\/\/diariodominicano.com\/wp-content\/uploads\/2023\/12\/Julio-Romero-FP-gana-SDE-3.jpg 1080w\" sizes=\"auto, (max-width: 1024px) 100vw, 1024px\" \/><figcaption> Julio Romero saluda a seguidores<\/figcaption><\/figure>\n\n\n\n<p>\u201cEl s\u00e1bado marchamos, junto a candidatos a diputados y regidores de la Circunscripci\u00f3n 3, previo a lo cual presentamos en una gran asamblea a nuestra candidata a vicealcaldesa, Norma Molina, para luego ver desfilar por sectores de la Circunscripci\u00f3n n\u00famero 2 a quien estamos seguros, ser\u00e1 el pr\u00f3ximo presidente de la Rep\u00fablica, el l\u00edder indiscutible de la oposici\u00f3n, Leonel Fern\u00e1ndez\u201d, expres\u00f3 Julio Romero.<\/p>\n\n\n\n<p>Inmediatamente, el candidato a alcalde de Santo Domingo Este por el Partido Fuerza del Pueblo y aliados se refiri\u00f3 a la importancia de esta \u00faltima actividad como \u201cla m\u00e1s importante asamblea de cuadros que hemos celebrado\u201d.<\/p>\n\n\n\n<p>Lo defini\u00f3 as\u00ed, porque en la misma estaban presentes varios de los cuadros pol\u00edticos, t\u00e9cnicos y asesores que tendr\u00e1n a su cargo acciones de comunicaci\u00f3n, relaciones p\u00fablicas, prensa, redes sociales, labores sociales y de interacci\u00f3n comunitaria, barrio por barrio y cara a cara.<\/p>\n\n\n\n<p>\u201cY nosotros que tenemos los n\u00fameros, adem\u00e1s de que se trata de estad\u00edsticas irrefutables, podemos decir con toda propiedad que aqu\u00ed est\u00e1n los n\u00fameros para hacer realidad los reales cambios que necesita Santo Domingo Este, para su desarrollo y bienestar social de toda su gente\u201d, exclam\u00f3 el veterano y experimentado l\u00edder pol\u00edtico.<\/p>\n\n\n\n<p><strong>Proclamar\u00e1n candidatos<\/strong><\/p>\n\n\n\n<p>&nbsp;Asimismo, el candidato a alcalde de Santo Domingo Este, anunci\u00f3 que, con la presencia de la Direcci\u00f3n Pol\u00edtica de su partido, ser\u00e1 celebrada una gran manifestaci\u00f3n el pr\u00f3ximo domingo, para proclamar a candidatos a cargos congresuales y municipales, en esta demarcaci\u00f3n.<\/p>\n\n\n\n<p>\u201cPueden estar seguros que la actividad que estamos anunciando para el pr\u00f3ximo domingo, servir\u00e1 para que los residentes en las tres circunscripciones de Santo Domingo Este, provincia Santo Domingo, el Distrito Nacional y todo el pa\u00eds, puedan ver la realidad de lo que hemos venido se\u00f1alando, de que en febrero vamos a ganar convincentemente, como pre\u00e1mbulo de que en mayo de 2024, el PRM, Luis Abinader y su desgobierno se van\u201d, sentenci\u00f3 Julio Romero. &nbsp;<\/p>\n\n\n\n<p><strong>Direcci\u00f3n de Comunicaciones<\/strong><\/p>\n\n\n\n<p><strong>Proyecto Pol\u00edtico Julio Romero Alcalde<\/strong><\/p>\n\n\n\n<p><strong>Santo Domingo Este 2024-2028<\/strong><strong>,<\/strong><\/p>\n\n\n\n<p><strong>Partido Fuerza del Pueblo y aliados.<\/strong><\/p>\n","protected":false},"excerpt":{"rendered":"<p>El candidato a alcalde de Santo Domingo Este por Fuerza del Pueblo y varios aliados, anuncia gran manifestaci\u00f3n el pr\u00f3ximo domingo, para proclamar a candidatos a cargos congresuales y municipales. SANTO DOMINGO ESTE.-&nbsp;Julio Romero ya arranc\u00f3 con su campa\u00f1a proselitista, y en las \u00faltimas 72 horas ha mostrado sus m\u00fasculos en diferentes sectores de Santo [&hellip;]<\/p>\n","protected":false},"author":28,"featured_media":494296,"comment_status":"closed","ping_status":"","sticky":false,"template":"","format":"standard","meta":{"footnotes":""},"categories":[22],"tags":[],"class_list":["post-494295","post","type-post","status-publish","format-standard","has-post-thumbnail","hentry","category-politica"],"_links":{"self":[{"href":"https:\/\/diariodominicano.com\/index.php?rest_route=\/wp\/v2\/posts\/494295","targetHints":{"allow":["GET"]}}],"collection":[{"href":"https:\/\/diariodominicano.com\/index.php?rest_route=\/wp\/v2\/posts"}],"about":[{"href":"https:\/\/diariodominicano.com\/index.php?rest_route=\/wp\/v2\/types\/post"}],"author":[{"embeddable":true,"href":"https:\/\/diariodominicano.com\/index.php?rest_route=\/wp\/v2\/users\/28"}],"replies":[{"embeddable":true,"href":"https:\/\/diariodominicano.com\/index.php?rest_route=%2Fwp%2Fv2%2Fcomments&post=494295"}],"version-history":[{"count":4,"href":"https:\/\/diariodominicano.com\/index.php?rest_route=\/wp\/v2\/posts\/494295\/revisions"}],"predecessor-version":[{"id":494302,"href":"https:\/\/diariodominicano.com\/index.php?rest_route=\/wp\/v2\/posts\/494295\/revisions\/494302"}],"wp:featuredmedia":[{"embeddable":true,"href":"https:\/\/diariodominicano.com\/index.php?rest_route=\/wp\/v2\/media\/494296"}],"wp:attachment":[{"href":"https:\/\/diariodominicano.com\/index.php?rest_route=%2Fwp%2Fv2%2Fmedia&parent=494295"}],"wp:term":[{"taxonomy":"category","embeddable":true,"href":"https:\/\/diariodominicano.com\/index.php?rest_route=%2Fwp%2Fv2%2Fcategories&post=494295"},{"taxonomy":"post_tag","embeddable":true,"href":"https:\/\/diariodominicano.com\/index.php?rest_route=%2Fwp%2Fv2%2Ftags&post=494295"}],"curies":[{"name":"wp","href":"https:\/\/api.w.org\/{rel}","templated":true}]}}