{"id":49429,"date":"2020-09-17T00:52:26","date_gmt":"2020-09-17T00:52:26","guid":{"rendered":"http:\/\/diariodominicano.ddns.net\/?p=49429"},"modified":"2020-09-17T00:52:26","modified_gmt":"2020-09-17T00:52:26","slug":"el-dia-que-nacio-rafael-tomas-fernandez-dominguez","status":"publish","type":"post","link":"https:\/\/diariodominicano.com\/?p=49429","title":{"rendered":"El d\u00eda que naci\u00f3 Rafael Tom\u00e1s Fern\u00e1ndez Dom\u00ednguez"},"content":{"rendered":"<p><body><\/p>\n<p><img decoding=\"async\" src=\"img3\/rafaelT1800.jpg\" \/>  <\/p>\n<p><strong>Diariodominicano.com<\/strong><\/p>\n<p><strong>El d\u00eda que  Rafael Tom\u00e1s Fern\u00e1ndez Dom\u00ednguez <\/strong><\/p>\n<p><strong>De  joven se interes\u00f3 por la carrera militar. El 17 de marzo de 1953, a  los 19 a\u00f1os abandon\u00f3 los estudios de ingenier\u00eda en la Universidad de Santo Domingo e ingres\u00f3 al Ej\u00e9rcito Nacional como raso. Tom\u00f3 la decisi\u00f3n en contra del deseo de su padre, quien prefer\u00eda que siguiera sus estudios universitarios.<\/strong><\/p>\n<p><strong> <\/strong><\/p>\n<p><strong>Por H\u00e9ctor Tineo Nolasco<\/strong><\/p>\n<p><strong>Diariodominicano.com<\/strong><\/p>\n<\/p>\n<p><strong>     DAMAJAGUA, Provincia Valverde, el  18 de septiembre de 1934<\/strong>, naci\u00f3 en la comunidad Damajagua de la provincia Valverde, Rafael Tom\u00e1s Fern\u00e1ndez Dom\u00ednguez, quien se distingui\u00f3 como militar y defensor de la Constituci\u00f3n de la Rep\u00fablica. Fueron sus padres el general del Ej\u00e9rcito Nacional, Ludovino Fern\u00e1ndez y la se\u00f1ora Erminda Dom\u00ednguez.<\/p>\n<\/p>\n<p>     De  joven se interes\u00f3 por la carrera militar. El 17 de marzo de 1953, a  los 19 a\u00f1os abandon\u00f3 los estudios de ingenier\u00eda en la Universidad de Santo Domingo e ingres\u00f3 al Ej\u00e9rcito Nacional como raso. Tom\u00f3 la decisi\u00f3n en contra del deseo de su padre, quien prefer\u00eda que siguiera sus estudios universitarios.<\/p>\n<\/p>\n<p>      Al poco tiempo ingres\u00f3 a la Escuela de Cadetes donde se gradu\u00f3 en Ciencias Militares. El 22 de agosto de 1955 fue ascendido a Segundo Teniente.<\/p>\n<\/p>\n<p>     En 1957, Rafael Fern\u00e1ndez Dom\u00ednguez hizo un curso de \u00abComputaciones Geod\u00e9sicas\u00bb, en la Escuela Cartogr\u00e1fica Fort Clayton, en la Zona del Canal de Panam\u00e1.<\/p>\n<\/p>\n<p>    En febrero de 1958, fue transferido del Ej\u00e9rcito Nacional a Aviaci\u00f3n Militar Dominicana. All\u00ed estuvo asignado a la Tercera y Quinta Compa\u00f1\u00edas de Fusileros, a la Compa\u00f1\u00eda de Tanques y en la Academia Batalla de Las Carreras, encargado de la biblioteca.<\/p>\n<\/p>\n<p>    En abril de 1959, Rafael Fern\u00e1ndez Dom\u00ednguez  fue ascendido a Primer Teniente y el 25 de agosto de ese mismo a\u00f1o fue ascendido a Capit\u00e1n y prest\u00f3 servicios en la Bater\u00eda de Morteros del Centro de Ense\u00f1anza de las Fuerzas Armadas. <\/p>\n<\/p>\n<p>     Fue de los oficiales que se resisti\u00f3 a participar en acciones represivas contra los presos pol\u00edticos  que eran recluidos en las c\u00e1rceles del 9 y la 40 por disposici\u00f3n de la dictadura de Trujillo.<\/p>\n<\/p>\n<p>    Cuando cay\u00f3 la dictadura de Trujillo,  Rafael Fern\u00e1ndez Dom\u00ednguez contribuy\u00f3 a que el pa\u00eds tomara la v\u00eda democr\u00e1tica.<\/p>\n<\/p>\n<p>     Durante el Gobierno ef\u00edmero del Presidente Juan Bosch, fue un militar obediente al poder civil y el 15 de junio de 1963, fue nombrado director de la Academia Militar Batalla de Las Carreras.<\/p>\n<\/p>\n<p>     El presidente Juan Bosch fue electo el 20 de  diciembre de 1962, en los primeros comicios democr\u00e1ticos celebrados en el pa\u00eds despu\u00e9s de la ca\u00edda de la dictadura de Trujillo. Tom\u00f3 posesi\u00f3n el 27 de febrero de 1963 para un per\u00edodo de cuatro a\u00f1os, pero fue derrocado el 25 de septiembre de ese a\u00f1o.<\/p>\n<\/p>\n<p>     Al coronel Rafael Fern\u00e1ndez Dom\u00ednguez le toc\u00f3 encabezar el Movimiento Militar Constitucionalista, que ten\u00eda como objetivo luchar por la restauraci\u00f3n del Gobierno Constitucional.<\/p>\n<\/p>\n<p>El 19 de Mayo de 1965, muri\u00f3  en una emboscada que tendieron tropas del Gobierno de  Estados Unidos del presidente Lindon B Jhonson.  En ese momento el  coronel Rafael Fern\u00e1ndez Dom\u00ednguez, era el l\u00edder de los militares que lucharon por el retorno del presidente constitucional, profesor  Juan Bosch.<\/p>\n<\/p>\n<p>   Desde que Juan Bosch fue derrocado el 25 de septiembre de 1965, el coronel Fern\u00e1ndez Dom\u00ednguez y otros militares iniciaron un plan para acabar con el Gobierno de facto del Triunvirato y restaurar el Gobierno constitucional interrumpido en 1963.<\/p>\n<\/p>\n<p>    En la guerra de Abril de 1965, Rafael Fern\u00e1ndez Dom\u00ednguez desempe\u00f1\u00f3 un papel de primera l\u00ednea y muri\u00f3  cuando se dirig\u00eda a tomar el  Palacio Nacional y fue sorprendido por una emboscada que tendieron los militares estadounidenses.<\/p>\n<\/p>\n<p>    El cuerpo sin vida de Fern\u00e1ndez Dom\u00ednguez cay\u00f3 en la calle 30 de Marzo, en la intersecci\u00f3n con la calle Abreu, en el sector San Carlos de la Capital,  el 19 de Mayo de 1965.<\/p>\n<\/p>\n<h6> 2020-09-17 00:52:26 <\/h6>\n<p><!--\n<link rel=\"stylesheet\" href=\"css\/bootstrap.min.css\">\n\n\n<ul class=\"pagination\">\n\t    \n\t\n\n<li >\n\t<a href='?page_no=206'>Previous<\/a>\n\t<\/li>\n\n\n       \n    \n\n<li><a href='?page_no=1'>1<\/a><\/li>\n\n\n\n<li><a href='?page_no=2'>2<\/a><\/li>\n\n\n\n<li><a>...<\/a><\/li>\n\n\n\n<li><a href='?page_no=205'>205<\/a><\/li>\n\n\n\n<li><a href='?page_no=206'>206<\/a><\/li>\n\n\n\n<li class='active'><a>207<\/a><\/li>\n\n\n\n<li><a href='?page_no=208'>208<\/a><\/li>\n\n\n\n<li><a href='?page_no=209'>209<\/a><\/li>\n\n\n\n<li><a>...<\/a><\/li>\n\n\n\n<li><a href='?page_no=22911'>22911<\/a><\/li>\n\n\n\n<li><a href='?page_no=22912'>22912<\/a><\/li>\n\n    \n\t\n\n<li >\n\t<a href='?page_no=208'>Next<\/a>\n\t<\/li>\n\n\n    \n\n<li><a href='?page_no=22912'>Last &rsaquo;&rsaquo;<\/a><\/li>\n\n<\/ul>\n\n\n--><br \/>\n<\/body><\/p>\n","protected":false},"excerpt":{"rendered":"<p>Diariodominicano.com El d\u00eda que Rafael Tom\u00e1s Fern\u00e1ndez Dom\u00ednguez De joven se interes\u00f3 por la carrera militar. El 17 de marzo de 1953, a los 19 a\u00f1os abandon\u00f3 los estudios de ingenier\u00eda en la Universidad de Santo Domingo e ingres\u00f3 al Ej\u00e9rcito Nacional como raso. Tom\u00f3 la decisi\u00f3n en contra del deseo de su padre, quien [&hellip;]<\/p>\n","protected":false},"author":3,"featured_media":0,"comment_status":"open","ping_status":"open","sticky":false,"template":"","format":"standard","meta":{"footnotes":""},"categories":[21],"tags":[],"class_list":["post-49429","post","type-post","status-publish","format-standard","hentry","category-cultura"],"_links":{"self":[{"href":"https:\/\/diariodominicano.com\/index.php?rest_route=\/wp\/v2\/posts\/49429","targetHints":{"allow":["GET"]}}],"collection":[{"href":"https:\/\/diariodominicano.com\/index.php?rest_route=\/wp\/v2\/posts"}],"about":[{"href":"https:\/\/diariodominicano.com\/index.php?rest_route=\/wp\/v2\/types\/post"}],"author":[{"embeddable":true,"href":"https:\/\/diariodominicano.com\/index.php?rest_route=\/wp\/v2\/users\/3"}],"replies":[{"embeddable":true,"href":"https:\/\/diariodominicano.com\/index.php?rest_route=%2Fwp%2Fv2%2Fcomments&post=49429"}],"version-history":[{"count":0,"href":"https:\/\/diariodominicano.com\/index.php?rest_route=\/wp\/v2\/posts\/49429\/revisions"}],"wp:attachment":[{"href":"https:\/\/diariodominicano.com\/index.php?rest_route=%2Fwp%2Fv2%2Fmedia&parent=49429"}],"wp:term":[{"taxonomy":"category","embeddable":true,"href":"https:\/\/diariodominicano.com\/index.php?rest_route=%2Fwp%2Fv2%2Fcategories&post=49429"},{"taxonomy":"post_tag","embeddable":true,"href":"https:\/\/diariodominicano.com\/index.php?rest_route=%2Fwp%2Fv2%2Ftags&post=49429"}],"curies":[{"name":"wp","href":"https:\/\/api.w.org\/{rel}","templated":true}]}}