{"id":494098,"date":"2023-12-05T13:48:03","date_gmt":"2023-12-05T17:48:03","guid":{"rendered":"https:\/\/diariodominicano.com\/?p=494098"},"modified":"2023-12-05T13:51:44","modified_gmt":"2023-12-05T17:51:44","slug":"el-instituto-cultural-dominico-americano-inaugura-exposicion-el-mundo-magico-de-jop-y-el-coleccionismo-del-artista-visual-jose-perdomo","status":"publish","type":"post","link":"https:\/\/diariodominicano.com\/?p=494098","title":{"rendered":"El Instituto Cultural Dom\u00ednico Americano inaugura exposici\u00f3n \u201cEl Mundo M\u00e1gico de Jop y el Coleccionismo\u201d del artista visual Jos\u00e9 Perdomo"},"content":{"rendered":"\n<p>El artista Visual Jos\u00e9 Perdomo. (<strong>Colecci\u00f3n Privada<\/strong>)<\/p>\n\n\n\n<p><em>La muestra estar\u00e1 abierta al p\u00fablico del 30 de noviembre al 22 de diciembre 2023 y del 08 al 26 de enero de 2024<\/em><\/p>\n\n\n\n<figure class=\"wp-block-image size-large\"><img loading=\"lazy\" decoding=\"async\" width=\"969\" height=\"1024\" src=\"https:\/\/diariodominicano.com\/wp-content\/uploads\/2023\/12\/Maria-del-Carmen-Ossaye-Santiago-Espinal-Jose-Perdomo-y-Sofia-Otero-969x1024.jpg\" alt=\"\" class=\"wp-image-494101\" srcset=\"https:\/\/diariodominicano.com\/wp-content\/uploads\/2023\/12\/Maria-del-Carmen-Ossaye-Santiago-Espinal-Jose-Perdomo-y-Sofia-Otero-969x1024.jpg 969w, https:\/\/diariodominicano.com\/wp-content\/uploads\/2023\/12\/Maria-del-Carmen-Ossaye-Santiago-Espinal-Jose-Perdomo-y-Sofia-Otero-284x300.jpg 284w, https:\/\/diariodominicano.com\/wp-content\/uploads\/2023\/12\/Maria-del-Carmen-Ossaye-Santiago-Espinal-Jose-Perdomo-y-Sofia-Otero-768x812.jpg 768w, https:\/\/diariodominicano.com\/wp-content\/uploads\/2023\/12\/Maria-del-Carmen-Ossaye-Santiago-Espinal-Jose-Perdomo-y-Sofia-Otero-1453x1536.jpg 1453w, https:\/\/diariodominicano.com\/wp-content\/uploads\/2023\/12\/Maria-del-Carmen-Ossaye-Santiago-Espinal-Jose-Perdomo-y-Sofia-Otero-1938x2048.jpg 1938w, https:\/\/diariodominicano.com\/wp-content\/uploads\/2023\/12\/Maria-del-Carmen-Ossaye-Santiago-Espinal-Jose-Perdomo-y-Sofia-Otero-816x862.jpg 816w\" sizes=\"auto, (max-width: 969px) 100vw, 969px\" \/><figcaption>Mar\u00eda del Carmen Ossaye, Santiago Espinal, Jos\u00e9 Perdomo y Sof\u00eda Otero <\/figcaption><\/figure>\n\n\n\n<p><strong>Santo Domingo, diciembre 2023.-<\/strong>&nbsp;Con la finalidad de exaltar las manifestaciones art\u00edsticas y culturales, la Direcci\u00f3n Cultural del Instituto Cultural Dom\u00ednico Americano (ICDA) presenta la exposici\u00f3n \u201cEl Mundo M\u00e1gico de Jop y el Coleccionismo\u201d del artista visual dominicano Jos\u00e9 Perdomo.<\/p>\n\n\n\n<p>La exhibici\u00f3n fue inaugurada en el sal\u00f3n de exposiciones de la sede principal del Dom\u00ednico Americano en la Av. Abraham Lincoln, y estar\u00e1 disponible para todo el p\u00fablico hasta el 26 de enero de 2024 en horario de 8:00 de la ma\u00f1ana a 8:00 de la noche.<\/p>\n\n\n\n<p>Comprende 32 obras de diversos formatos, las cuales se acercan al arte prehisp\u00e1nico, a la cultura ta\u00edna y afroantillana, con una impresionante capacidad de abstracci\u00f3n de la naturaleza.<\/p>\n\n\n\n<p>Las piezas art\u00edsticas pertenecen a la colecci\u00f3n de Santiago Espinal, coleccionista dominicano, radicado en la ciudad de San Juan, Puerto Rico.<\/p>\n\n\n\n<p>\u201cEl Instituto Cultural Dom\u00ednico Americano tiene el compromiso de promover y proyectar el arte y el talento local e internacional, como demostraci\u00f3n de esta misi\u00f3n presentamos la serie \u2018El Mundo M\u00e1gico de Jop y el Coleccionismo\u201d\u2019 con piezas cargadas de vivos colores y trazos din\u00e1micos\u201d, expres\u00f3 Sof\u00eda Otero, Directora Cultural del ICDA, durante el acto de apertura.<\/p>\n\n\n\n<p>La muestra cuenta con la curadur\u00eda de la gestora cultural Mar\u00eda del Carmen Ossaye.<\/p>\n\n\n\n<p>El artista visual Jos\u00e9 Perdomo naci\u00f3 en 1946 en Santo Domingo. A muy temprana edad se da cuenta de que el don que pose\u00eda por la pintura, el dibujo y crear obras pict\u00f3ricas, flu\u00edan como una necesidad de manera espont\u00e1nea. A los 15 a\u00f1os inici\u00f3 su formaci\u00f3n en las artes Escuela Nacional de Bellas Artes y en el taller de Paul Guidicelli y Gilberto Hernandez Ortega.<\/p>\n\n\n\n<p>A los 16 a\u00f1os tuvo la suerte de tener un mecenas que le brind\u00f3 apoyo y protecci\u00f3n mediante sus influencias y&nbsp; le ofreci\u00f3 ayuda para estudiar en los Estados Unidos. Regres\u00f3 en 1966 para presentar su primera exposici\u00f3n individual en el Palacio Nacional de Bellas Artes. De vuelta al pa\u00eds norteamericano, estudi\u00f3 con los maestros Luis Camnitzer y Robert Motherwell. Luego vivi\u00f3 varios a\u00f1os en Per\u00fa, donde aprovech\u00f3 para estudiar sobre las L\u00edneas de Nazca, Machu Pichu y el arte peruano, y finalmente en Brasil donde complementa estos estudios.<\/p>\n\n\n\n<p>A Rep\u00fablica Dominicana regresar\u00eda para quedarse en 1983. A partir de este a\u00f1o, el contenido plano y sin fondo de sus cuadros, la singularidad de sus trazos y los colores fuertes de sus figuras humanas le aseguraron un espacio en la pl\u00e1stica dominicana.<\/p>\n\n\n\n<p>El Instituto Cultural Dom\u00ednico Americano se define como un espacio educativo y cultural para el disfrute de demostraciones art\u00edsticas nacionales e internacionales. Tambi\u00e9n, ofrece oportunidades a los art\u00edfices de revelar sus m\u00e1s exquisitas creaciones.<\/p>\n\n\n\n<p><strong>M\u00e1s sobre el ICDA<\/strong><strong><\/strong><\/p>\n\n\n\n<p>El Instituto Cultural Dom\u00ednico Americano fue fundado en 1947 por un grupo de dominicanos y norteamericanos residentes en el pa\u00eds, con la finalidad de estrechar los lazos de amistad y culturales entre los Estados Unidos de Am\u00e9rica y la Rep\u00fablica Dominicana.<\/p>\n\n\n\n<p>Desde su fundaci\u00f3n, ha sido una instituci\u00f3n que se ha mantenido siempre a la vanguardia en servicios educacionales a la sociedad dominicana, dominando el mercado de la ense\u00f1anza del idioma ingl\u00e9s.<\/p>\n\n\n\n<p>En la actualidad la instituci\u00f3n posee una amplia oferta acad\u00e9mico-cultural, que cuenta con educaci\u00f3n superior: programas de grado, postgrado, educaci\u00f3n continuada y el Teacher Development Center a trav\u00e9s de la Universidad Dom\u00ednico Americano (UNICDA); el Dom\u00ednico Americano School &amp; Preschool para ni\u00f1os desde los 2 a\u00f1os hasta la secundaria; escuela de idiomas, con un programa de ingl\u00e9s como segunda lengua y un programa de espa\u00f1ol para extranjeros; la Direcci\u00f3n Cultural que dirige los programas culturales, la Escuela de Arte &amp; Cultura, Espacio Culinario y la Biblioteca Lincoln.<\/p>\n\n\n\n<p>Elizabeth Martinez<a target=\"_blank\" href=\"mailto:elizabeth.martinez@caribbeanpn.com\" rel=\"noreferrer noopener\">elizabeth.martinez@caribbeanp<\/a><\/p>\n","protected":false},"excerpt":{"rendered":"<p>El artista Visual Jos\u00e9 Perdomo. (Colecci\u00f3n Privada) La muestra estar\u00e1 abierta al p\u00fablico del 30 de noviembre al 22 de diciembre 2023 y del 08 al 26 de enero de 2024 Santo Domingo, diciembre 2023.-&nbsp;Con la finalidad de exaltar las manifestaciones art\u00edsticas y culturales, la Direcci\u00f3n Cultural del Instituto Cultural Dom\u00ednico Americano (ICDA) presenta la [&hellip;]<\/p>\n","protected":false},"author":28,"featured_media":494099,"comment_status":"closed","ping_status":"","sticky":true,"template":"","format":"standard","meta":{"footnotes":""},"categories":[21,36,27,32],"tags":[],"class_list":["post-494098","post","type-post","status-publish","format-standard","has-post-thumbnail","hentry","category-cultura","category-hombresmujeresycosas","category-portada","category-turismo"],"_links":{"self":[{"href":"https:\/\/diariodominicano.com\/index.php?rest_route=\/wp\/v2\/posts\/494098","targetHints":{"allow":["GET"]}}],"collection":[{"href":"https:\/\/diariodominicano.com\/index.php?rest_route=\/wp\/v2\/posts"}],"about":[{"href":"https:\/\/diariodominicano.com\/index.php?rest_route=\/wp\/v2\/types\/post"}],"author":[{"embeddable":true,"href":"https:\/\/diariodominicano.com\/index.php?rest_route=\/wp\/v2\/users\/28"}],"replies":[{"embeddable":true,"href":"https:\/\/diariodominicano.com\/index.php?rest_route=%2Fwp%2Fv2%2Fcomments&post=494098"}],"version-history":[{"count":4,"href":"https:\/\/diariodominicano.com\/index.php?rest_route=\/wp\/v2\/posts\/494098\/revisions"}],"predecessor-version":[{"id":494104,"href":"https:\/\/diariodominicano.com\/index.php?rest_route=\/wp\/v2\/posts\/494098\/revisions\/494104"}],"wp:featuredmedia":[{"embeddable":true,"href":"https:\/\/diariodominicano.com\/index.php?rest_route=\/wp\/v2\/media\/494099"}],"wp:attachment":[{"href":"https:\/\/diariodominicano.com\/index.php?rest_route=%2Fwp%2Fv2%2Fmedia&parent=494098"}],"wp:term":[{"taxonomy":"category","embeddable":true,"href":"https:\/\/diariodominicano.com\/index.php?rest_route=%2Fwp%2Fv2%2Fcategories&post=494098"},{"taxonomy":"post_tag","embeddable":true,"href":"https:\/\/diariodominicano.com\/index.php?rest_route=%2Fwp%2Fv2%2Ftags&post=494098"}],"curies":[{"name":"wp","href":"https:\/\/api.w.org\/{rel}","templated":true}]}}