{"id":494062,"date":"2023-12-05T11:55:14","date_gmt":"2023-12-05T15:55:14","guid":{"rendered":"https:\/\/diariodominicano.com\/?p=494062"},"modified":"2023-12-05T11:56:28","modified_gmt":"2023-12-05T15:56:28","slug":"yvan-lorenzo-expresa-fuertes-criticas-contra-el-gobierno-y-el-prm-por-el-secuestro-de-la-comision-electoral-del-card","status":"publish","type":"post","link":"https:\/\/diariodominicano.com\/?p=494062","title":{"rendered":"Yv\u00e1n Lorenzo\u00a0expresa fuertes cr\u00edticas contra  Gobierno y el PRM por \u00abel secuestro\u00bb de la comisi\u00f3n electoral del CARD"},"content":{"rendered":"\n<p>Yv\u00e1n Lorenzo<\/p>\n\n\n\n<p><strong>Yv\u00e1n Lorenzo<\/strong>,&nbsp;<strong>senador vocero y miembro del Comit\u00e9 Pol\u00edtico del Partido de la Liberaci\u00f3n Dominicana (PLD),<\/strong>&nbsp;declar\u00f3 que con el accionar del Gobierno y el PRM &nbsp;&nbsp;respecto del proceso renovaci\u00f3n de directiva en el Colegio de Abogados de Rep\u00fablica Dominicana (CARD) es una muestra de cu\u00e1l ser\u00e1 su reacci\u00f3n cuando los resultados electorales de febrero y mayo pr\u00f3ximo le sean adversos.<\/p>\n\n\n\n<p>Calific\u00f3 de secuestro de la Comisi\u00f3n Electoral del CARD por acordonar policialmente el recinto desde donde opera la misma para el actual proceso de renovaci\u00f3n de autoridades gremiales; de lo que responsabiliz\u00f3 al presidente de la Rep\u00fablica Lu\u00eds Abinader.<\/p>\n\n\n\n<p>Sugiri\u00f3 que la orden de secuestrar a los integrantes de dicha comisi\u00f3n electoral solo puede provenir del mandatario como m\u00e1ximo superior de la Polic\u00eda Nacional.<\/p>\n\n\n\n<p>\u201cEl Pueblo tiene temor, porque si con lo que est\u00e1 pasando en el CARD son capaces de secuestrar a los rectores de ese proceso, qu\u00e9 no ser\u00e1n capaces de hacer cuando los saquemos del poder ahora en el 2024\u201d, manifest\u00f3 el dirigente pol\u00edtico citado mediante despacho de la Secretar\u00eda de Comunicaciones del principal partido opositor.<\/p>\n\n\n\n<p>A pregunta de una reportera de cu\u00e1l ser\u00eda la actitud de los aliancistas de RescateRD en caso de que lo vivido en el CARD se reproduzca en las elecciones nacionales, el vocero senatorial del PLD adelant\u00f3 que se tomar\u00e1n todas las medidas necesarias para preservar la voluntad soberana de los electores dominicanos.<\/p>\n\n\n\n<p>\u201cNosotros vamos a tomar todas las medidas para defender el triunfo de nuestros candidatos y principalmente de nuestro candidato presidencial Abel Mart\u00ednez en todos los escenarios\u201d, agreg\u00f3.<\/p>\n\n\n\n<p>Insisti\u00f3 que la dirigencia, militancia y simpatizantes pelede\u00edstas no escatimar\u00e1n esfuerzos para captar el respaldo mayoritario de la poblaci\u00f3n y en consecuencia defender el triunfo.<\/p>\n\n\n\n<p>\u201cPorque si el gobierno ha sido capaz de tratar de escamotear el triunfo de Trajano Vidal Potentini en el Colegio de Abogados de qu\u00e9 no ser\u00edan capaces\u201d, pregunt\u00f3 el legislador para afirmar que el oficialismo perreme\u00edsta se muestra temeroso tras consolidarse la Alianza Opositora RescateRD, y que el temor que siente pretenden transferirlo a la poblaci\u00f3n, a la que se\u00f1al\u00f3 como la principal encuesta, porque las oficiales \u201clas muestras las est\u00e1n tomando en el Palacio\u201d, sostuvo Yv\u00e1n Lorenzo.<\/p>\n\n\n\n<p>Dijo que basta con salir a las calles para constatar c\u00f3mo el pueblo se expresa maldiciendo al gobierno porque ha encarecido todos los productos de primera necesidad y en el caso de la energ\u00eda el\u00e9ctrica en algunos casos ha quintuplicado las tarifas.<\/p>\n\n\n\n<p><strong>En otro orden,<\/strong>&nbsp;refiri\u00e9ndose a la incursi\u00f3n a territorio nacional de supuestos polic\u00edas haitianos a agredir a comerciantes dominicanos y estropear las mercanc\u00edas de \u00e9stos, Yv\u00e1n Lorenzo sostuvo que es una demostraci\u00f3n de las inefectivas medidas de salvaguarda promovidas por el oficialismo perreme\u00edsta.<\/p>\n\n\n\n<p>Manifest\u00f3 que la referida incursi\u00f3n no tiene precedentes y que se esperan que las autoridades comenzando por el presidente de la Rep\u00fablica Lu\u00eds Abinader act\u00faen en consecuencia.<\/p>\n\n\n\n<p>\u201cSiempre le hemos advertido a este gobierno que las relaciones con Hait\u00ed hay que manejarlas con mucha madurez\u201d, concluy\u00f3 el senador y miembro del Comit\u00e9 Pol\u00edtico del Partido de la Liberaci\u00f3n Dominicana.<\/p>\n\n\n\n<p><strong>SECRETARIA DE COMUNICACIONES<\/strong><\/p>\n\n\n\n<p><strong>05 DE DICIEMBRE, 2023.-<\/strong><\/p>\n","protected":false},"excerpt":{"rendered":"<p>Yv\u00e1n Lorenzo Yv\u00e1n Lorenzo,&nbsp;senador vocero y miembro del Comit\u00e9 Pol\u00edtico del Partido de la Liberaci\u00f3n Dominicana (PLD),&nbsp;declar\u00f3 que con el accionar del Gobierno y el PRM &nbsp;&nbsp;respecto del proceso renovaci\u00f3n de directiva en el Colegio de Abogados de Rep\u00fablica Dominicana (CARD) es una muestra de cu\u00e1l ser\u00e1 su reacci\u00f3n cuando los resultados electorales de febrero [&hellip;]<\/p>\n","protected":false},"author":28,"featured_media":494064,"comment_status":"closed","ping_status":"","sticky":true,"template":"","format":"standard","meta":{"footnotes":""},"categories":[22,27],"tags":[],"class_list":["post-494062","post","type-post","status-publish","format-standard","has-post-thumbnail","hentry","category-politica","category-portada"],"_links":{"self":[{"href":"https:\/\/diariodominicano.com\/index.php?rest_route=\/wp\/v2\/posts\/494062","targetHints":{"allow":["GET"]}}],"collection":[{"href":"https:\/\/diariodominicano.com\/index.php?rest_route=\/wp\/v2\/posts"}],"about":[{"href":"https:\/\/diariodominicano.com\/index.php?rest_route=\/wp\/v2\/types\/post"}],"author":[{"embeddable":true,"href":"https:\/\/diariodominicano.com\/index.php?rest_route=\/wp\/v2\/users\/28"}],"replies":[{"embeddable":true,"href":"https:\/\/diariodominicano.com\/index.php?rest_route=%2Fwp%2Fv2%2Fcomments&post=494062"}],"version-history":[{"count":4,"href":"https:\/\/diariodominicano.com\/index.php?rest_route=\/wp\/v2\/posts\/494062\/revisions"}],"predecessor-version":[{"id":494068,"href":"https:\/\/diariodominicano.com\/index.php?rest_route=\/wp\/v2\/posts\/494062\/revisions\/494068"}],"wp:featuredmedia":[{"embeddable":true,"href":"https:\/\/diariodominicano.com\/index.php?rest_route=\/wp\/v2\/media\/494064"}],"wp:attachment":[{"href":"https:\/\/diariodominicano.com\/index.php?rest_route=%2Fwp%2Fv2%2Fmedia&parent=494062"}],"wp:term":[{"taxonomy":"category","embeddable":true,"href":"https:\/\/diariodominicano.com\/index.php?rest_route=%2Fwp%2Fv2%2Fcategories&post=494062"},{"taxonomy":"post_tag","embeddable":true,"href":"https:\/\/diariodominicano.com\/index.php?rest_route=%2Fwp%2Fv2%2Ftags&post=494062"}],"curies":[{"name":"wp","href":"https:\/\/api.w.org\/{rel}","templated":true}]}}