{"id":493983,"date":"2023-12-04T23:56:46","date_gmt":"2023-12-05T03:56:46","guid":{"rendered":"https:\/\/diariodominicano.com\/?p=493983"},"modified":"2023-12-04T23:56:46","modified_gmt":"2023-12-05T03:56:46","slug":"inundaciones-noviembre-2022-y-la-reciente-de-2023-confirman-el-fracaso-en-la-gestion-municipal-de-la-actual-alcaldesa-denuncia-domingo-contreras","status":"publish","type":"post","link":"https:\/\/diariodominicano.com\/?p=493983","title":{"rendered":"Inundaciones noviembre 2022 y la reciente de 2023 confirman el fracaso en la gesti\u00f3n municipal de la actual alcaldesa, denuncia Domingo Contreras"},"content":{"rendered":"\n<p><strong>El candidato a alcalde del Partido de la Liberaci\u00f3n Dominicana y de la alianza Rescate RD, Domingo Contreras,<\/strong>&nbsp;dijo que las inundaciones que afectaron al Distrito Nacional en noviembre es una muestra de la vulnerabilidad a que est\u00e1 sometida la ciudad y del fracaso de la gesti\u00f3n de la alcaldesa Carolina Mej\u00eda.<\/p>\n\n\n\n<p><strong>Contreras, miembro del Comit\u00e9 Pol\u00edtico del Partido de la Liberaci\u00f3n Dominicana,<\/strong>&nbsp;expres\u00f3 que las actuaciones preventivas de la alcald\u00eda del Distrito Nacional entre el 4 de noviembre del 2022 y el 18 de noviembre del 2023 fueron nulas.<\/p>\n\n\n\n<p>\u201cLos agarr\u00f3 como dicen popularmente asando batata, a pesar de los anuncios que hab\u00edan hecho la Oficina de Meteorolog\u00eda y meteor\u00f3logos profesionales desde los medios de comunicaci\u00f3n sobre la magnitud del fen\u00f3meno&nbsp;que se&nbsp;aproximaba. Simplemente no se hizo nada\u201d, declar\u00f3 el dirigente pol\u00edtico al programa Telematutino 11.<\/p>\n\n\n\n<p>Domingo Contreras explic\u00f3 que el Distrito Nacional tiene 17 estaciones de bombeos y unos 14 o 15 puntos vulnerables que generan un gran volumen de agua.<\/p>\n\n\n\n<p>\u201cComo medidas preventivas los bomberos tienen que apoderarse de estos puntos, pero para ello deben llegar a tiempo porque el tr\u00e1nsito se vuelve ca\u00f3tico y si salen en medio de la lluvia no pueden llegar a tiempo\u201d, resalt\u00f3 Contreras.<\/p>\n\n\n\n<p>Manifest\u00f3 que otro elemento preventivo lo constituyen la limpieza de los imbornales y una campa\u00f1a educativa y aplicaci\u00f3n de sanciones de responsabilidad ciudadana.<\/p>\n\n\n\n<p>Considera que el gobierno puede invertir mil millones de d\u00f3lares en la infraestructura que requiere el drenaje de la Capital pues este territorio genera cerca del 40% del Producto Interno Bruto (PIB).<\/p>\n\n\n\n<p>Indic\u00f3 que la ciudad de Santo Domingo se ha vuelto en la metr\u00f3polis m\u00e1s importante de Centroam\u00e9rica y el Caribe y es fundamental en la pol\u00edtica y el desarrollo econ\u00f3mico del pa\u00eds.<\/p>\n\n\n\n<p><strong>SECRETARIA DE COMUNICACIONES<\/strong><\/p>\n\n\n\n<p><strong>04 DE DICIEMBRE, 2023.-<\/strong><\/p>\n","protected":false},"excerpt":{"rendered":"<p>El candidato a alcalde del Partido de la Liberaci\u00f3n Dominicana y de la alianza Rescate RD, Domingo Contreras,&nbsp;dijo que las inundaciones que afectaron al Distrito Nacional en noviembre es una muestra de la vulnerabilidad a que est\u00e1 sometida la ciudad y del fracaso de la gesti\u00f3n de la alcaldesa Carolina Mej\u00eda. Contreras, miembro del Comit\u00e9 [&hellip;]<\/p>\n","protected":false},"author":28,"featured_media":493984,"comment_status":"closed","ping_status":"","sticky":false,"template":"","format":"standard","meta":{"footnotes":""},"categories":[36,20,22],"tags":[],"class_list":["post-493983","post","type-post","status-publish","format-standard","has-post-thumbnail","hentry","category-hombresmujeresycosas","category-dominicana-hoy","category-politica"],"_links":{"self":[{"href":"https:\/\/diariodominicano.com\/index.php?rest_route=\/wp\/v2\/posts\/493983","targetHints":{"allow":["GET"]}}],"collection":[{"href":"https:\/\/diariodominicano.com\/index.php?rest_route=\/wp\/v2\/posts"}],"about":[{"href":"https:\/\/diariodominicano.com\/index.php?rest_route=\/wp\/v2\/types\/post"}],"author":[{"embeddable":true,"href":"https:\/\/diariodominicano.com\/index.php?rest_route=\/wp\/v2\/users\/28"}],"replies":[{"embeddable":true,"href":"https:\/\/diariodominicano.com\/index.php?rest_route=%2Fwp%2Fv2%2Fcomments&post=493983"}],"version-history":[{"count":1,"href":"https:\/\/diariodominicano.com\/index.php?rest_route=\/wp\/v2\/posts\/493983\/revisions"}],"predecessor-version":[{"id":493985,"href":"https:\/\/diariodominicano.com\/index.php?rest_route=\/wp\/v2\/posts\/493983\/revisions\/493985"}],"wp:featuredmedia":[{"embeddable":true,"href":"https:\/\/diariodominicano.com\/index.php?rest_route=\/wp\/v2\/media\/493984"}],"wp:attachment":[{"href":"https:\/\/diariodominicano.com\/index.php?rest_route=%2Fwp%2Fv2%2Fmedia&parent=493983"}],"wp:term":[{"taxonomy":"category","embeddable":true,"href":"https:\/\/diariodominicano.com\/index.php?rest_route=%2Fwp%2Fv2%2Fcategories&post=493983"},{"taxonomy":"post_tag","embeddable":true,"href":"https:\/\/diariodominicano.com\/index.php?rest_route=%2Fwp%2Fv2%2Ftags&post=493983"}],"curies":[{"name":"wp","href":"https:\/\/api.w.org\/{rel}","templated":true}]}}