{"id":49396,"date":"2020-09-17T16:44:08","date_gmt":"2020-09-17T16:44:08","guid":{"rendered":"http:\/\/diariodominicano.ddns.net\/?p=49396"},"modified":"2020-09-17T16:44:08","modified_gmt":"2020-09-17T16:44:08","slug":"mescyt-pondera-trascendencia-de-programa-de-becas-idelisa-bonelly","status":"publish","type":"post","link":"https:\/\/diariodominicano.com\/?p=49396","title":{"rendered":"MESCYT pondera trascendencia de programa de becas \u00abIdelisa Bonelly\u00bb"},"content":{"rendered":"<p><body><\/p>\n<p><img decoding=\"async\" src=\"img3\/Mescyt17-9-20.jpg\" \/><br \/><img decoding=\"async\" src=\"img3\/garciaFermin-Vice17-9-20.jpeg\" \/>  <\/p>\n<p><span class=\"text1noticias\">diariodominicano.com<\/span><\/p>\n<p><span class=\"text1noticias\"> <\/span><\/p>\n<p><span class=\"text1noticias\">Santo Domingo, R. D., 17 de  septiembre, 2020.- El Ministro de Educaci\u00f3n Superior, Ciencia y Tecnolog\u00eda, doctor Franklin Garc\u00eda Ferm\u00edn, calific\u00f3 como un hecho trascendente, que debe ser celebrado por toca la comunidad acad\u00e9mica y cient\u00edfica de la Rep\u00fablica Dominicana, el lanzamiento del programa de becas \u00abIdelisa Bonelly, para facilitar estudios y postgrados especializados en ciencias a estudiantes que se interesen en carreras de ciencias y tecnolog\u00eda.<\/span><\/p>\n<p><span class=\"text1noticias\"> <\/span><\/p>\n<p><span class=\"text1noticias\">La iniciativa fue dada a conocer por el Ministerio de la Juventud, durante un acto encabezado por la vicepresidenta de la Rep\u00fablica, Raquel Pe\u00f1a, con la participaci\u00f3n de los ministros de la Juventud, Kimberly Taveras; del MESCYT, Garc\u00eda Ferm\u00edn; de la Mujer, Mayra Jim\u00e9nez; Vinicio Calventi, hijo de Idelisa Bonnelly, as\u00ed como Katherine Amarante y Leslie Rosario Espinal, ganadoras del concurso de la Nasa Systems Safety Award.<\/span><\/p>\n<p><span class=\"text1noticias\"> <\/span><\/p>\n<p><span class=\"text1noticias\">\u00abNuestras congratulaciones al Ministerio de la Juventud por esta iniciativa y desde ya puedo se\u00f1alar que cuenta con el apoyo institucional del Ministerio de Educaci\u00f3n Superior, Ciencia y Tecnolog\u00eda\u00bb, dijo Garc\u00eda Ferm\u00edn.<\/span><\/p>\n<p><span class=\"text1noticias\"> <\/span><\/p>\n<p><span class=\"text1noticias\">La vicepresidenta Raquel Pe\u00f1a destac\u00f3 la trayectoria de Idelisa Bonelly, quien ha sido ejemplo de tenacidad, educaci\u00f3n y de que ser portavoz de la ense\u00f1anza.<\/span><\/p>\n<p><span class=\"text1noticias\"> <\/span><\/p>\n<p><span class=\"text1noticias\">Consider\u00f3 que la concesi\u00f3n de esas becas es una muestra de que el gobierno de Luis Abinader har\u00e1 a trav\u00e9s de los ministerios con las nuevas generaciones, que son el presente de la Rep\u00fablica Dominicana.<\/span><\/p>\n<p><span class=\"text1noticias\"> <\/span><\/p>\n<p><span class=\"text1noticias\">De su lado, la ministra de la Juventud, Kimberly Taveras Duarte, dijo que el programa consta de 300 becas completas para estudios de matem\u00e1ticas, f\u00edsica, qu\u00edmica, biolog\u00eda computaci\u00f3n o software, estad\u00edstica, historia y filosof\u00eda.<\/span><\/p>\n<p><span class=\"text1noticias\"> <\/span><\/p>\n<p><span class=\"text1noticias\">Expres\u00f3 que el objetivo de esta iniciativa es poner un medio a disposici\u00f3n de las j\u00f3venes para que puedan alcanzar y realizar las carreras de ciencias con las que han so\u00f1ado.<\/span><\/p>\n<p><span class=\"text1noticias\"> <\/span><\/p>\n<p><span class=\"text1noticias\">Precis\u00f3 que en esta primera etapa las becas ser\u00e1n otorgadas a \u00abadolescentes de grado y de postgrado que tienen las actitudes suficientes para estudiar carreras de ciencias y que tienen el m\u00e9rito suficiente en estas asignaturas\u00bb.<\/span><\/p>\n<p><span class=\"text1noticias\"> <\/span><\/p>\n<p><span class=\"text1noticias\">Bonelly es bi\u00f3loga marina y profesora merit\u00edsima de la Universidad Aut\u00f3noma de Santo Domingo, en la cual fund\u00f3 la primera instituci\u00f3n para el estudio de la biolog\u00eda marina. Es considerada la madre de la conservaci\u00f3n marina en el Caribe.<\/span><\/p>\n<p><span class=\"text1noticias\"> <\/span><\/p>\n<p><span class=\"text1noticias\">Federico mendez nova<\/span><\/p>\n<p><span class=\"text1noticias\">PIE DE FOTO:  <\/span><\/p>\n<p><span class=\"text1noticias\">1.- La vicepresidenta de la Rep\u00fablica, Raquel Pe\u00f1a, en compa\u00f1\u00eda de los ministros Franklin Garc\u00eda Ferm\u00edn, Kimberly Taveras y Mayra Jim\u00e9nez.<\/span><\/p>\n<p><span class=\"text1noticias\"> <\/span><\/p>\n<p><span class=\"text1noticias\">2.- Franklin Garc\u00eda Ferm\u00edn pondera el programa <\/span>de becas.<\/p>\n<\/p>\n<h6> 2020-09-17 16:44:08 <\/h6>\n<p><!--\n<link rel=\"stylesheet\" href=\"css\/bootstrap.min.css\">\n\n\n<ul class=\"pagination\">\n\t    \n\t\n\n<li >\n\t<a href='?page_no=203'>Previous<\/a>\n\t<\/li>\n\n\n       \n    \n\n<li><a href='?page_no=1'>1<\/a><\/li>\n\n\n\n<li><a href='?page_no=2'>2<\/a><\/li>\n\n\n\n<li><a>...<\/a><\/li>\n\n\n\n<li><a href='?page_no=202'>202<\/a><\/li>\n\n\n\n<li><a href='?page_no=203'>203<\/a><\/li>\n\n\n\n<li class='active'><a>204<\/a><\/li>\n\n\n\n<li><a href='?page_no=205'>205<\/a><\/li>\n\n\n\n<li><a href='?page_no=206'>206<\/a><\/li>\n\n\n\n<li><a>...<\/a><\/li>\n\n\n\n<li><a href='?page_no=22911'>22911<\/a><\/li>\n\n\n\n<li><a href='?page_no=22912'>22912<\/a><\/li>\n\n    \n\t\n\n<li >\n\t<a href='?page_no=205'>Next<\/a>\n\t<\/li>\n\n\n    \n\n<li><a href='?page_no=22912'>Last &rsaquo;&rsaquo;<\/a><\/li>\n\n<\/ul>\n\n\n--><br \/>\n<\/body><\/p>\n","protected":false},"excerpt":{"rendered":"<p>diariodominicano.com Santo Domingo, R. D., 17 de septiembre, 2020.- El Ministro de Educaci\u00f3n Superior, Ciencia y Tecnolog\u00eda, doctor Franklin Garc\u00eda Ferm\u00edn, calific\u00f3 como un hecho trascendente, que debe ser celebrado por toca la comunidad acad\u00e9mica y cient\u00edfica de la Rep\u00fablica Dominicana, el lanzamiento del programa de becas \u00abIdelisa Bonelly, para facilitar estudios y postgrados especializados [&hellip;]<\/p>\n","protected":false},"author":3,"featured_media":0,"comment_status":"open","ping_status":"open","sticky":false,"template":"","format":"standard","meta":{"footnotes":""},"categories":[21],"tags":[],"class_list":["post-49396","post","type-post","status-publish","format-standard","hentry","category-cultura"],"_links":{"self":[{"href":"https:\/\/diariodominicano.com\/index.php?rest_route=\/wp\/v2\/posts\/49396","targetHints":{"allow":["GET"]}}],"collection":[{"href":"https:\/\/diariodominicano.com\/index.php?rest_route=\/wp\/v2\/posts"}],"about":[{"href":"https:\/\/diariodominicano.com\/index.php?rest_route=\/wp\/v2\/types\/post"}],"author":[{"embeddable":true,"href":"https:\/\/diariodominicano.com\/index.php?rest_route=\/wp\/v2\/users\/3"}],"replies":[{"embeddable":true,"href":"https:\/\/diariodominicano.com\/index.php?rest_route=%2Fwp%2Fv2%2Fcomments&post=49396"}],"version-history":[{"count":0,"href":"https:\/\/diariodominicano.com\/index.php?rest_route=\/wp\/v2\/posts\/49396\/revisions"}],"wp:attachment":[{"href":"https:\/\/diariodominicano.com\/index.php?rest_route=%2Fwp%2Fv2%2Fmedia&parent=49396"}],"wp:term":[{"taxonomy":"category","embeddable":true,"href":"https:\/\/diariodominicano.com\/index.php?rest_route=%2Fwp%2Fv2%2Fcategories&post=49396"},{"taxonomy":"post_tag","embeddable":true,"href":"https:\/\/diariodominicano.com\/index.php?rest_route=%2Fwp%2Fv2%2Ftags&post=49396"}],"curies":[{"name":"wp","href":"https:\/\/api.w.org\/{rel}","templated":true}]}}