{"id":49385,"date":"2020-09-18T01:09:14","date_gmt":"2020-09-18T01:09:14","guid":{"rendered":"http:\/\/diariodominicano.ddns.net\/?p=49385"},"modified":"2020-09-18T01:09:14","modified_gmt":"2020-09-18T01:09:14","slug":"el-dia-que-murio-el-historiador-y-medico-alcides-garcia-lluberes","status":"publish","type":"post","link":"https:\/\/diariodominicano.com\/?p=49385","title":{"rendered":"El d\u00eda que muri\u00f3 el historiador y m\u00e9dico  Alcides Garc\u00eda Lluberes"},"content":{"rendered":"<p><body><\/p>\n<p><img decoding=\"async\" src=\"img3\/Alcides g arc.jpg\" \/>  <\/p>\n<p><strong>Diariodominicano.com<\/strong><\/p>\n<p><strong>El d\u00eda que muri\u00f3 el historiador y m\u00e9dico  Alcides Garc\u00eda Lluberes<\/strong><\/p>\n<p><strong>SANTO DOMINGO, el  18 de septiembre de 1967,<\/strong> muri\u00f3 en la ciudad de Santo Domingo el historiador y m\u00e9dico, Alcides Garc\u00eda Lluberes. Entre sus obras se destacan   \u00abBan\u00ed\u00bb,  1944,  \u00abDuarte y otros temas\u00bb, y  \u00abNuestros Primeros Escritores\u00bb, 1954.<\/p>\n<\/p>\n<p>     Alcides Garc\u00eda Lluberes, era hijo del historiador Jos\u00e9 Gabriel Garc\u00eda. Naci\u00f3  en la ciudad de Santo Domingo, el 15 de abril  de 1889.<\/p>\n<\/p>\n<p>    Aun cuando  era m\u00e9dico de profesi\u00f3n le dedic\u00f3 mucho tiempo a las investigaciones hist\u00f3ricas  y al magisterio.<\/p>\n<\/p>\n<p>    Durante la ocupaci\u00f3n militar de Estados Unidos  -1916-1924- fue una de  las voces que  conden\u00f3 la violaci\u00f3n de la soberan\u00eda nacional.<\/p>\n<\/p>\n<p>Tambi\u00e9n fue  un opositor a la tiran\u00eda de Trujillo, por lo que fue vejado  y detenido en varias ocasiones.<\/p>\n<\/p>\n<p>   Cuando muri\u00f3 el 18 de septiembre de 1967, el historiador  Alcides Garc\u00eda Lluberes dej\u00f3 inconclusa  la revisi\u00f3n de la obra de su padre Jos\u00e9 Gabriel Garc\u00eda,  \u00abCompendio de Historia de Santo Domingo\u00bb, para publicar la cuarta edici\u00f3n<\/p>\n<\/p>\n<\/p>\n<h6> 2020-09-18 01:09:14 <\/h6>\n<p><!--\n<link rel=\"stylesheet\" href=\"css\/bootstrap.min.css\">\n\n\n<ul class=\"pagination\">\n\t    \n\t\n\n<li >\n\t<a href='?page_no=202'>Previous<\/a>\n\t<\/li>\n\n\n       \n    \n\n<li><a href='?page_no=1'>1<\/a><\/li>\n\n\n\n<li><a href='?page_no=2'>2<\/a><\/li>\n\n\n\n<li><a>...<\/a><\/li>\n\n\n\n<li><a href='?page_no=201'>201<\/a><\/li>\n\n\n\n<li><a href='?page_no=202'>202<\/a><\/li>\n\n\n\n<li class='active'><a>203<\/a><\/li>\n\n\n\n<li><a href='?page_no=204'>204<\/a><\/li>\n\n\n\n<li><a href='?page_no=205'>205<\/a><\/li>\n\n\n\n<li><a>...<\/a><\/li>\n\n\n\n<li><a href='?page_no=22911'>22911<\/a><\/li>\n\n\n\n<li><a href='?page_no=22912'>22912<\/a><\/li>\n\n    \n\t\n\n<li >\n\t<a href='?page_no=204'>Next<\/a>\n\t<\/li>\n\n\n    \n\n<li><a href='?page_no=22912'>Last &rsaquo;&rsaquo;<\/a><\/li>\n\n<\/ul>\n\n\n--><br \/>\n<\/body><\/p>\n","protected":false},"excerpt":{"rendered":"<p>Diariodominicano.com El d\u00eda que muri\u00f3 el historiador y m\u00e9dico Alcides Garc\u00eda Lluberes SANTO DOMINGO, el 18 de septiembre de 1967, muri\u00f3 en la ciudad de Santo Domingo el historiador y m\u00e9dico, Alcides Garc\u00eda Lluberes. Entre sus obras se destacan \u00abBan\u00ed\u00bb, 1944, \u00abDuarte y otros temas\u00bb, y \u00abNuestros Primeros Escritores\u00bb, 1954. Alcides Garc\u00eda Lluberes, era hijo [&hellip;]<\/p>\n","protected":false},"author":3,"featured_media":0,"comment_status":"open","ping_status":"open","sticky":false,"template":"","format":"standard","meta":{"footnotes":""},"categories":[21],"tags":[],"class_list":["post-49385","post","type-post","status-publish","format-standard","hentry","category-cultura"],"_links":{"self":[{"href":"https:\/\/diariodominicano.com\/index.php?rest_route=\/wp\/v2\/posts\/49385","targetHints":{"allow":["GET"]}}],"collection":[{"href":"https:\/\/diariodominicano.com\/index.php?rest_route=\/wp\/v2\/posts"}],"about":[{"href":"https:\/\/diariodominicano.com\/index.php?rest_route=\/wp\/v2\/types\/post"}],"author":[{"embeddable":true,"href":"https:\/\/diariodominicano.com\/index.php?rest_route=\/wp\/v2\/users\/3"}],"replies":[{"embeddable":true,"href":"https:\/\/diariodominicano.com\/index.php?rest_route=%2Fwp%2Fv2%2Fcomments&post=49385"}],"version-history":[{"count":0,"href":"https:\/\/diariodominicano.com\/index.php?rest_route=\/wp\/v2\/posts\/49385\/revisions"}],"wp:attachment":[{"href":"https:\/\/diariodominicano.com\/index.php?rest_route=%2Fwp%2Fv2%2Fmedia&parent=49385"}],"wp:term":[{"taxonomy":"category","embeddable":true,"href":"https:\/\/diariodominicano.com\/index.php?rest_route=%2Fwp%2Fv2%2Fcategories&post=49385"},{"taxonomy":"post_tag","embeddable":true,"href":"https:\/\/diariodominicano.com\/index.php?rest_route=%2Fwp%2Fv2%2Ftags&post=49385"}],"curies":[{"name":"wp","href":"https:\/\/api.w.org\/{rel}","templated":true}]}}