{"id":493790,"date":"2023-12-04T12:14:00","date_gmt":"2023-12-04T16:14:00","guid":{"rendered":"https:\/\/diariodominicano.com\/?p=493790"},"modified":"2023-12-04T22:34:35","modified_gmt":"2023-12-05T02:34:35","slug":"caricom-se-reunira-en-puerto-principe-con-politicos-funcionarios-y-sociedad-civil-haitana","status":"publish","type":"post","link":"https:\/\/diariodominicano.com\/?p=493790","title":{"rendered":"Caricom se reunir\u00e1 en Puerto Pr\u00edncipe  con pol\u00edticos, funcionarios y sociedad civil haitana"},"content":{"rendered":"\n<p>diariodominicano.com<\/p>\n\n\n\n<p>Puerto Pr\u00edncipe, 4 dic (Prensa Latina) El Grupo de Eminentes Personalidades (GEP) de la Comunidad del Caribe (Caricom) regresar\u00e1 a Hait\u00ed esta semana para intentar mediar en la crisis pol\u00edtica y alcanzar un acuerdo, se conoci\u00f3 hoy.<\/p>\n\n\n\n<p>Del 6 al 14 de diciembre la delegaci\u00f3n se reunir\u00e1 en esta capital con representantes pol\u00edticos, gubernamentales y de la sociedad civil y discutir\u00e1n una propuesta de resoluci\u00f3n de crisis presentada en su \u00faltimo viaje al pa\u00eds.<\/p>\n\n\n\n<p>El documento introduce cambios como la sustituci\u00f3n del Alto Consejo de Transici\u00f3n (HCT) por un Consejo de Transici\u00f3n (CT) con prerrogativas presidenciales y la formaci\u00f3n de un Consejo Electoral Provisional que respete los art\u00edculos de la constituci\u00f3n de 1987.<\/p>\n\n\n\n<p>El CT debe contribuir a garantizar la buena gobernanza y trabajar\u00e1 en colaboraci\u00f3n con el primer ministro y el Consejo de Ministros durante el periodo de transici\u00f3n para garantizar la mejora de las condiciones socioecon\u00f3micas de la poblaci\u00f3n, la prestaci\u00f3n de seguridad y servicios b\u00e1sicos.<\/p>\n\n\n\n<p>Asimismo, debe promover la protecci\u00f3n de los derechos humanos y un Estado de derecho, as\u00ed como la rendici\u00f3n de cuentas, reformas y la creaci\u00f3n de un entorno pol\u00edtico propicio para la organizaci\u00f3n y celebraci\u00f3n de elecciones lo antes posible, de acuerdo con una versi\u00f3n del texto que circula en redes sociales.<\/p>\n\n\n\n<p>El Consejo de Transici\u00f3n debe tener entre sus funciones refrendar con los miembros del Gobierno los decretos y ordenanzas, as\u00ed como el orden del d\u00eda del Consejo de Ministros, el nombramiento del CEP y fijar la fecha de las elecciones, entre otras misiones.<\/p>\n\n\n\n<p>Ser\u00eda el cuarto viaje del GEP a Hait\u00ed en igual n\u00famero de meses que pretende mediar en la crisis y alcanzar un acuerdo inclusivo en un contexto en que las posturas de los pol\u00edticos se radicalizaron y crecen los llamados de renuncia contra el primer ministro Ariel Henry, quien asumi\u00f3 el poder d\u00edas despu\u00e9s del asesinato del presidente Jovenel Mo\u00efse.<\/p>\n\n\n\n<p>Su gesti\u00f3n ha sido blanco de numerosas cr\u00edticas por el incremento sin precedentes de la violencia, expansi\u00f3n de los grupos armados, as\u00ed como el dram\u00e1tico aumento de los asesinatos y secuestros.<\/p>\n\n\n\n<p>Ante esta situaci\u00f3n, la oposici\u00f3n aboga por el establecimiento de un nuevo Gobierno de transici\u00f3n y acusa al ejecutivo actual de aliarse con las pandillas para mantenerse en el poder.<\/p>\n\n\n\n<p>ro\/ane<\/p>\n","protected":false},"excerpt":{"rendered":"<p>diariodominicano.com Puerto Pr\u00edncipe, 4 dic (Prensa Latina) El Grupo de Eminentes Personalidades (GEP) de la Comunidad del Caribe (Caricom) regresar\u00e1 a Hait\u00ed esta semana para intentar mediar en la crisis pol\u00edtica y alcanzar un acuerdo, se conoci\u00f3 hoy. Del 6 al 14 de diciembre la delegaci\u00f3n se reunir\u00e1 en esta capital con representantes pol\u00edticos, gubernamentales [&hellip;]<\/p>\n","protected":false},"author":5,"featured_media":452608,"comment_status":"closed","ping_status":"","sticky":true,"template":"","format":"standard","meta":{"footnotes":""},"categories":[112,23,27],"tags":[],"class_list":["post-493790","post","type-post","status-publish","format-standard","has-post-thumbnail","hentry","category-haiti","category-internacional","category-portada"],"_links":{"self":[{"href":"https:\/\/diariodominicano.com\/index.php?rest_route=\/wp\/v2\/posts\/493790","targetHints":{"allow":["GET"]}}],"collection":[{"href":"https:\/\/diariodominicano.com\/index.php?rest_route=\/wp\/v2\/posts"}],"about":[{"href":"https:\/\/diariodominicano.com\/index.php?rest_route=\/wp\/v2\/types\/post"}],"author":[{"embeddable":true,"href":"https:\/\/diariodominicano.com\/index.php?rest_route=\/wp\/v2\/users\/5"}],"replies":[{"embeddable":true,"href":"https:\/\/diariodominicano.com\/index.php?rest_route=%2Fwp%2Fv2%2Fcomments&post=493790"}],"version-history":[{"count":1,"href":"https:\/\/diariodominicano.com\/index.php?rest_route=\/wp\/v2\/posts\/493790\/revisions"}],"predecessor-version":[{"id":493798,"href":"https:\/\/diariodominicano.com\/index.php?rest_route=\/wp\/v2\/posts\/493790\/revisions\/493798"}],"wp:featuredmedia":[{"embeddable":true,"href":"https:\/\/diariodominicano.com\/index.php?rest_route=\/wp\/v2\/media\/452608"}],"wp:attachment":[{"href":"https:\/\/diariodominicano.com\/index.php?rest_route=%2Fwp%2Fv2%2Fmedia&parent=493790"}],"wp:term":[{"taxonomy":"category","embeddable":true,"href":"https:\/\/diariodominicano.com\/index.php?rest_route=%2Fwp%2Fv2%2Fcategories&post=493790"},{"taxonomy":"post_tag","embeddable":true,"href":"https:\/\/diariodominicano.com\/index.php?rest_route=%2Fwp%2Fv2%2Ftags&post=493790"}],"curies":[{"name":"wp","href":"https:\/\/api.w.org\/{rel}","templated":true}]}}