{"id":493754,"date":"2023-12-04T11:32:15","date_gmt":"2023-12-04T15:32:15","guid":{"rendered":"https:\/\/diariodominicano.com\/?p=493754"},"modified":"2023-12-04T11:35:13","modified_gmt":"2023-12-04T15:35:13","slug":"movimiento-amigos-con-abinader-presenta-su-nueva-directiva","status":"publish","type":"post","link":"https:\/\/diariodominicano.com\/?p=493754","title":{"rendered":"Movimiento \u201cAmigos con Abinader\u201d presenta su nueva directiva"},"content":{"rendered":"\n<p><em>El pol\u00edtico y director de Migraci\u00f3n\u00a0<strong>Venancio Alc\u00e1ntara<\/strong>, indic\u00f3 que \u201ceste movimiento jug\u00f3 \u00a0un rol importante en la pasadas elecciones y ahora seguir\u00e1\u00a0 aportando a la reelecci\u00f3n del Presidente Luis Abinader\u201d<\/em><\/p>\n\n\n\n<figure class=\"wp-block-image size-large\"><img loading=\"lazy\" decoding=\"async\" width=\"1024\" height=\"685\" src=\"https:\/\/diariodominicano.com\/wp-content\/uploads\/2023\/12\/eventohonduras2-1024x685.jpg\" alt=\"\" class=\"wp-image-493756\" srcset=\"https:\/\/diariodominicano.com\/wp-content\/uploads\/2023\/12\/eventohonduras2-1024x685.jpg 1024w, https:\/\/diariodominicano.com\/wp-content\/uploads\/2023\/12\/eventohonduras2-300x201.jpg 300w, https:\/\/diariodominicano.com\/wp-content\/uploads\/2023\/12\/eventohonduras2-768x514.jpg 768w, https:\/\/diariodominicano.com\/wp-content\/uploads\/2023\/12\/eventohonduras2-1536x1028.jpg 1536w, https:\/\/diariodominicano.com\/wp-content\/uploads\/2023\/12\/eventohonduras2-816x546.jpg 816w, https:\/\/diariodominicano.com\/wp-content\/uploads\/2023\/12\/eventohonduras2.jpg 1600w\" sizes=\"auto, (max-width: 1024px) 100vw, 1024px\" \/><\/figure>\n\n\n\n<p><strong>Santo Domingo, RD.<\/strong>\u00a0El Club Deportivo y Cultural (Honduras), fue el escenario donde se present\u00f3 de manera formal la nueva\u00a0<strong>\u00a0directiva del Movimiento Amigos con Abinader (MAA4)<\/strong>, el cual cont\u00f3 con la presencia de importantes personalidades del mundo pol\u00edtico y del gobierno, as\u00ed como de allegados y militantes del Partido Revolucionario Moderno (PRM).<\/p>\n\n\n\n<p><strong>Las palabras de apertura estuvieron a cargo del presidente del movimiento<\/strong><strong>, doctor Manuel Rond\u00f3n,<\/strong>&nbsp;quien dio la bienvenida a los participantes al evento, adem\u00e1s de expresar: \u201c<strong>Luis Abinader<\/strong>&nbsp;ser\u00e1 nuevamente presidente de la Rep\u00fablica Dominicana porque as\u00ed lo requiere el pa\u00eds y para que siga el cambio que necesit\u00e1bamos\u201d.<\/p>\n\n\n\n<p>De su lado, el tambi\u00e9n pol\u00edtico y director de Migraci\u00f3n&nbsp;<strong>Venancio Alc\u00e1ntara<\/strong>, indic\u00f3 que \u201ceste movimiento jug\u00f3 &nbsp;un rol importante en la pasadas elecciones y ahora seguir\u00e1&nbsp; aportando a la reelecci\u00f3n del Presidente Luis Abinader\u201d<\/p>\n\n\n\n<p><strong>Alc\u00e1ntara<\/strong>&nbsp;dijo adem\u00e1s, que el aporte que hizo este movimiento en las elecciones pasadas, tuvo una connotaci\u00f3n especial, debido que se realiz\u00f3 sin recibir recursos del partido.<\/p>\n\n\n\n<figure class=\"wp-block-image size-large\"><img loading=\"lazy\" decoding=\"async\" width=\"1024\" height=\"576\" src=\"https:\/\/diariodominicano.com\/wp-content\/uploads\/2023\/12\/eventohonduras1-1024x576.jpg\" alt=\"\" class=\"wp-image-493759\" srcset=\"https:\/\/diariodominicano.com\/wp-content\/uploads\/2023\/12\/eventohonduras1-1024x576.jpg 1024w, https:\/\/diariodominicano.com\/wp-content\/uploads\/2023\/12\/eventohonduras1-300x169.jpg 300w, https:\/\/diariodominicano.com\/wp-content\/uploads\/2023\/12\/eventohonduras1-768x432.jpg 768w, https:\/\/diariodominicano.com\/wp-content\/uploads\/2023\/12\/eventohonduras1-1536x864.jpg 1536w, https:\/\/diariodominicano.com\/wp-content\/uploads\/2023\/12\/eventohonduras1-816x459.jpg 816w, https:\/\/diariodominicano.com\/wp-content\/uploads\/2023\/12\/eventohonduras1.jpg 1599w\" sizes=\"auto, (max-width: 1024px) 100vw, 1024px\" \/><\/figure>\n\n\n\n<p>Del mismo modo, el&nbsp;<strong>doctor An\u00edbal Amparo<\/strong>, resalt\u00f3 este tipo de actividad, ya&nbsp; que muestran el gran entusiasmo que tiene la poblaci\u00f3n para que el presidente Luis Abinader dirija los destinos del pa\u00eds por 4 a\u00f1os m\u00e1s.<\/p>\n\n\n\n<p><strong>Amparo<\/strong>&nbsp;quien tambi\u00e9n es viceministro de Interior y Polic\u00eda, destac\u00f3 los valores que adornan a nuestro presidente Abinader, como son: la honestidad y la honradez, lo que lo hacen merecedor de repetir nuevamente como presidente&nbsp; en el 2024.<\/p>\n\n\n\n<p>Asimismo, el diputado El\u00edas Matos, agradeci\u00f3 al movimiento por el apoyo que recibi\u00f3 del movimiento en las elecciones pasadas y por la invitaci\u00f3n a este gran evento.<\/p>\n\n\n\n<p>El diputado Matos, resalt\u00f3 la asistencia de las figuras pol\u00edticas que asistieron al evento, as\u00ed como tambi\u00e9n, inst\u00f3 a los j\u00f3venes a no dejar de so\u00f1ar y usar la pol\u00edtica como un medio donde pueda aportar al desarrollo del pa\u00eds.<\/p>\n\n\n\n<p>El doctor Manual Rond\u00f3n, finaliz\u00f3 el evento agradeciendo la participaci\u00f3n de los asistentes y afirm\u00f3 que el movimiento \u201c<strong>Amigos con Abinader<\/strong>\u201d, tiene representaci\u00f3n a nivel nacional y que esta actividad es s\u00f3lo evento de motivaci\u00f3n.<\/p>\n\n\n\n<p>Al evento Asistieron:&nbsp;<strong>Venancio Alc\u00e1ntara<\/strong>, director de Migraci\u00f3n y &nbsp;dirigente pol\u00edtico del PRM,&nbsp;<strong>An\u00edbal Amparo<\/strong>&nbsp;viceministro de Interior y Polic\u00eda y dirigente pol\u00edtico del PRM,&nbsp;<strong>El\u00edas Matos<\/strong>, diputado y dirigente del PRM,&nbsp;<strong>Francisco Pe\u00f1a<\/strong>&nbsp;candidato alcalde por el PRM en Santo Domingo Oeste y&nbsp;<strong>Francis Pe\u00f1a<\/strong>&nbsp;pasado ex acalde Santo Domingo Oeste.<\/p>\n\n\n\n<p>La directiva est\u00e1 compuesta por\u00a0<strong>Manuel Rond\u00f3n<\/strong>, Presidente;\u00a0<strong>Adolfo V\u00e1zquez<\/strong>, Vicepresidente;\u00a0<strong>Roberto Tineo<\/strong>, Secretario de Organizaci\u00f3n;\u00a0<strong>David<\/strong>\u00a0<strong>Rom\u00e1n<\/strong>, Secretario de Finanzas;\u00a0<strong>Juan Rosario<\/strong>, Secretario de Actas y Correspondencias;\u00a0<strong>Pedro Castillo<\/strong>, Secretario Electoral;\u00a0<strong>Amerfis Rosario<\/strong>, Encargada Secretaria de la Mujer;\u00a0<strong>Omar Chami,<\/strong>\u00a0Encargado Relaciones P\u00fablicas;\u00a0<strong>Jos\u00e9 Pe\u00f1a<\/strong>, Encargado de la Juventud;\u00a0<strong>Rosemary Morrobel<\/strong>, Encargada Etiqueta y Protocolo;\u00a0<strong>Alejandro Dur\u00e1n<\/strong>, Director de Deportes y Recreaci\u00f3n.\u00a0<strong>Yahaira Ventura<\/strong>, Encargada Asistencia Social;\u00a0<strong>Justino F\u00e9lix<\/strong>, Encargado Sociedad Civil y\u00a0<strong>Francisco Santiago<\/strong>, Encargado de Audiovisual.<\/p>\n\n\n\n<p>rtineoa@gmail.com<\/p>\n","protected":false},"excerpt":{"rendered":"<p>El pol\u00edtico y director de Migraci\u00f3n\u00a0Venancio Alc\u00e1ntara, indic\u00f3 que \u201ceste movimiento jug\u00f3 \u00a0un rol importante en la pasadas elecciones y ahora seguir\u00e1\u00a0 aportando a la reelecci\u00f3n del Presidente Luis Abinader\u201d Santo Domingo, RD.\u00a0El Club Deportivo y Cultural (Honduras), fue el escenario donde se present\u00f3 de manera formal la nueva\u00a0\u00a0directiva del Movimiento Amigos con Abinader (MAA4), [&hellip;]<\/p>\n","protected":false},"author":28,"featured_media":493755,"comment_status":"closed","ping_status":"","sticky":false,"template":"","format":"standard","meta":{"footnotes":""},"categories":[22],"tags":[],"class_list":["post-493754","post","type-post","status-publish","format-standard","has-post-thumbnail","hentry","category-politica"],"_links":{"self":[{"href":"https:\/\/diariodominicano.com\/index.php?rest_route=\/wp\/v2\/posts\/493754","targetHints":{"allow":["GET"]}}],"collection":[{"href":"https:\/\/diariodominicano.com\/index.php?rest_route=\/wp\/v2\/posts"}],"about":[{"href":"https:\/\/diariodominicano.com\/index.php?rest_route=\/wp\/v2\/types\/post"}],"author":[{"embeddable":true,"href":"https:\/\/diariodominicano.com\/index.php?rest_route=\/wp\/v2\/users\/28"}],"replies":[{"embeddable":true,"href":"https:\/\/diariodominicano.com\/index.php?rest_route=%2Fwp%2Fv2%2Fcomments&post=493754"}],"version-history":[{"count":4,"href":"https:\/\/diariodominicano.com\/index.php?rest_route=\/wp\/v2\/posts\/493754\/revisions"}],"predecessor-version":[{"id":493762,"href":"https:\/\/diariodominicano.com\/index.php?rest_route=\/wp\/v2\/posts\/493754\/revisions\/493762"}],"wp:featuredmedia":[{"embeddable":true,"href":"https:\/\/diariodominicano.com\/index.php?rest_route=\/wp\/v2\/media\/493755"}],"wp:attachment":[{"href":"https:\/\/diariodominicano.com\/index.php?rest_route=%2Fwp%2Fv2%2Fmedia&parent=493754"}],"wp:term":[{"taxonomy":"category","embeddable":true,"href":"https:\/\/diariodominicano.com\/index.php?rest_route=%2Fwp%2Fv2%2Fcategories&post=493754"},{"taxonomy":"post_tag","embeddable":true,"href":"https:\/\/diariodominicano.com\/index.php?rest_route=%2Fwp%2Fv2%2Ftags&post=493754"}],"curies":[{"name":"wp","href":"https:\/\/api.w.org\/{rel}","templated":true}]}}