{"id":49374,"date":"2020-09-18T01:20:04","date_gmt":"2020-09-18T01:20:04","guid":{"rendered":"http:\/\/diariodominicano.ddns.net\/?p=49374"},"modified":"2020-09-18T01:20:04","modified_gmt":"2020-09-18T01:20:04","slug":"primer-tomo-de-memorias-de-barack-obama-saldra-el-17-de-noviembrepor-hillel-italie","status":"publish","type":"post","link":"https:\/\/diariodominicano.com\/?p=49374","title":{"rendered":"Primer tomo de memorias de Barack Obama saldr\u00e1 el 17 de noviembre&#13;Por HILLEL ITALIE"},"content":{"rendered":"<p><body><\/p>\n<p><img decoding=\"async\" src=\"img3\/obama800.jpg\" \/>  <\/p>\n<p>Primer tomo de memorias de Barack Obama saldr\u00e1 el 17 de nov.<\/p>\n<p>Por HILLEL ITALIE<\/p>\n<\/p>\n<p>Esta foto proporcionada por Random House muestra la portada de \u00abA Promised Land\u00bb, el primer tomo de las memorias del expresidente Barack Obama. Saldr\u00e1 a la venta el 17 de noviembre, dos semanas despu\u00e9s de las elecciones. (Pari Dukovic\/Random House v\u00eda AP)<\/p>\n<p><strong>NUEVA YORK (AP) <\/strong>El primer tomo de las memorias del expresidente Barack Obama saldr\u00e1 a la venta el 17 de noviembre, dos semanas antes de las elecciones. Se titula \u00abA Promised Land\u00bb y abarca su r\u00e1pido e hist\u00f3rico ascenso a la Casa Blanca y su primer per\u00edodo en la presidencia.<\/p>\n<\/p>\n<p>La fecha de publicaci\u00f3n del segundo tomo no ha sido decidida.<\/p>\n<\/p>\n<p>\u00abMe he pasado los \u00faltimos a\u00f1os reflexionando sobre mi presidencia, y en ?A Promised Land? he tratado de proporcionar un recuento honesto de mi campa\u00f1a presidencial y mi tiempo en el puesto: los eventos claves y las personas que les dieron forma; mi opini\u00f3n sobre lo que hice bien y los errores que comet\u00ed; y las fuerzas pol\u00edticas, econ\u00f3micas y culturales que mi equipo y yo tuvimos que confrontar entonces, y que como naci\u00f3n seguimos confrontando\u00bb, dijo Obama en una declaraci\u00f3n el jueves.<\/p>\n<\/p>\n<p>\u00abEn el libro trato tambi\u00e9n de darles a los lectores una imagen de la traves\u00eda personal por la que Michelle y yo pasamos en esos a\u00f1os, con todas las incre\u00edbles altas y bajas. Y finalmente, en un momento en el que Estados Unidos pasa por una turbulencia tan enorme, el libro ofrece algunos de mis pensamientos m\u00e1s generales sobre c\u00f3mo podemos sanar las divisiones en nuestro pa\u00eds y hacer que la democracia funcione para todos, una tarea que no depender\u00e1 solamente de un presidente, sino de todos nosotros como ciudadanos involucrados\u00bb.<\/p>\n<\/p>\n<p>ADVERTISEMENT<\/p>\n<\/p>\n<p>El libro de 768 p\u00e1ginas de Obama, al igual que los que ha escrito antes, ser\u00e1 publicado por Crown, una divisi\u00f3n de Penguin Random House.<\/p>\n<\/p>\n<p>Son las memorias presidenciales m\u00e1s esperadas, tanto o m\u00e1s por la calidad de la escritura que por cualquier posible revelaci\u00f3n. Obama ha sido llamado el presidente m\u00e1s literario desde Abraham Lincoln y ya ha escrito dos libros grandemente elogiados, con millones de copias vendidas: \u00abDreams from My Father\u00bb y \u00abThe Audacity of Hope\u00bb, que muchos consideran ayudaron a su campa\u00f1a en el 2008 y favorecieron que se convirtiera en el primer presidente negro del pa\u00eds.<\/p>\n<\/p>\n<p>Incluso con un precio de lista de 45 d\u00f3lares, \u00abA Promised Land\u00bb tiene pr\u00e1cticamente garantizado vender millones de ejemplares y ya se anunci\u00f3 que el tiraje de la primera edici\u00f3n es de 3 millones. El director general de Barnes &amp; Noble, James Daunt, compar\u00f3 el entusiasmo por el libro de Obama con el tomo final de la serie de \u00abHarry Potter\u00bb de J.K. Rowling.<\/p>\n<\/p>\n<p>\u00abEste va a ser un libro de excepcional importancia\u00bb, dijo Daunt en una declaraci\u00f3n. \u00abEl que se vaya a vender como ning\u00fan otro libro desde el 21 de julio del 2007 es inmensamente alentador para las librer\u00edas\u00bb.<\/p>\n<\/p>\n<p>ADVERTISEMENT<\/p>\n<p>Pero \u00abA Promised Land\u00bb enfrentar\u00e1 retos mucho mayores que la mayor\u00eda de las memorias presidenciales, e incluso m\u00e1s que el popular libro de Michelle Obama, \u00abBecoming\u00bb, lanzado hace dos a\u00f1os y que ha vendido m\u00e1s de 10 millones de ejemplares. Debido a la pandemia, el expresidente Obama no podr\u00e1 repetir la exitosa gira promocional de Michelle.<\/p>\n<\/p>\n<p>Barack Obama pudiera encontrar adem\u00e1s que sus memorias salen a la venta en un momento en que las elecciones del 3 de noviembre no se hayan decidido a\u00fan y el pa\u00eds est\u00e9 mucho m\u00e1s preocupado con qui\u00e9n ser\u00e1 el pr\u00f3ximo presidente que con hechos del pasado.<\/p>\n<h6> 2020-09-18 01:20:04 <\/h6>\n<p><!--\n<link rel=\"stylesheet\" href=\"css\/bootstrap.min.css\">\n\n\n<ul class=\"pagination\">\n\t    \n\t\n\n<li >\n\t<a href='?page_no=201'>Previous<\/a>\n\t<\/li>\n\n\n       \n    \n\n<li><a href='?page_no=1'>1<\/a><\/li>\n\n\n\n<li><a href='?page_no=2'>2<\/a><\/li>\n\n\n\n<li><a>...<\/a><\/li>\n\n\n\n<li><a href='?page_no=200'>200<\/a><\/li>\n\n\n\n<li><a href='?page_no=201'>201<\/a><\/li>\n\n\n\n<li class='active'><a>202<\/a><\/li>\n\n\n\n<li><a href='?page_no=203'>203<\/a><\/li>\n\n\n\n<li><a href='?page_no=204'>204<\/a><\/li>\n\n\n\n<li><a>...<\/a><\/li>\n\n\n\n<li><a href='?page_no=22911'>22911<\/a><\/li>\n\n\n\n<li><a href='?page_no=22912'>22912<\/a><\/li>\n\n    \n\t\n\n<li >\n\t<a href='?page_no=203'>Next<\/a>\n\t<\/li>\n\n\n    \n\n<li><a href='?page_no=22912'>Last &rsaquo;&rsaquo;<\/a><\/li>\n\n<\/ul>\n\n\n--><br \/>\n<\/body><\/p>\n","protected":false},"excerpt":{"rendered":"<p>Primer tomo de memorias de Barack Obama saldr\u00e1 el 17 de nov. Por HILLEL ITALIE Esta foto proporcionada por Random House muestra la portada de \u00abA Promised Land\u00bb, el primer tomo de las memorias del expresidente Barack Obama. Saldr\u00e1 a la venta el 17 de noviembre, dos semanas despu\u00e9s de las elecciones. (Pari Dukovic\/Random House [&hellip;]<\/p>\n","protected":false},"author":3,"featured_media":0,"comment_status":"open","ping_status":"open","sticky":false,"template":"","format":"standard","meta":{"footnotes":""},"categories":[21],"tags":[],"class_list":["post-49374","post","type-post","status-publish","format-standard","hentry","category-cultura"],"_links":{"self":[{"href":"https:\/\/diariodominicano.com\/index.php?rest_route=\/wp\/v2\/posts\/49374","targetHints":{"allow":["GET"]}}],"collection":[{"href":"https:\/\/diariodominicano.com\/index.php?rest_route=\/wp\/v2\/posts"}],"about":[{"href":"https:\/\/diariodominicano.com\/index.php?rest_route=\/wp\/v2\/types\/post"}],"author":[{"embeddable":true,"href":"https:\/\/diariodominicano.com\/index.php?rest_route=\/wp\/v2\/users\/3"}],"replies":[{"embeddable":true,"href":"https:\/\/diariodominicano.com\/index.php?rest_route=%2Fwp%2Fv2%2Fcomments&post=49374"}],"version-history":[{"count":0,"href":"https:\/\/diariodominicano.com\/index.php?rest_route=\/wp\/v2\/posts\/49374\/revisions"}],"wp:attachment":[{"href":"https:\/\/diariodominicano.com\/index.php?rest_route=%2Fwp%2Fv2%2Fmedia&parent=49374"}],"wp:term":[{"taxonomy":"category","embeddable":true,"href":"https:\/\/diariodominicano.com\/index.php?rest_route=%2Fwp%2Fv2%2Fcategories&post=49374"},{"taxonomy":"post_tag","embeddable":true,"href":"https:\/\/diariodominicano.com\/index.php?rest_route=%2Fwp%2Fv2%2Ftags&post=49374"}],"curies":[{"name":"wp","href":"https:\/\/api.w.org\/{rel}","templated":true}]}}