{"id":493677,"date":"2023-12-04T10:10:57","date_gmt":"2023-12-04T14:10:57","guid":{"rendered":"https:\/\/diariodominicano.com\/?p=493677"},"modified":"2023-12-04T10:13:32","modified_gmt":"2023-12-04T14:13:32","slug":"candidato-alcalde-por-el-pld-carlos-garcia-presenta-a-la-profesora-katty-perez-como-candidata-vicealcaldesa","status":"publish","type":"post","link":"https:\/\/diariodominicano.com\/?p=493677","title":{"rendered":"Candidato alcalde por el PLD Carlos Garc\u00eda presenta a la profesora Katty P\u00e9rez como candidata vicealcaldesa"},"content":{"rendered":"\n<p>Carlos Garc\u00eda y Katty P\u00e9rez Matos<\/p>\n\n\n\n<p>BARAHONA, RD, 2 de diciembre de 2023: El candidato a alcalde por el Partido de la Liberaci\u00f3n Dominicana (PLD), Carlos Garc\u00eda, present\u00f3 el s\u00e1bado a la profesora &nbsp;Katty &nbsp;P\u00e9rez Matos, como candidata a vicealcaldesa, para las elecciones del 18 de febrero del &nbsp;2024.<\/p>\n\n\n\n<p>Dicha presentaci\u00f3n se hizo durante una rueda de prensa encabezada por el candidato Garc\u00eda, noticia que fue acogida como positiva entre aplausos y consignas por los presentes.<\/p>\n\n\n\n<figure class=\"wp-block-image size-full\"><img loading=\"lazy\" decoding=\"async\" width=\"404\" height=\"404\" src=\"https:\/\/diariodominicano.com\/wp-content\/uploads\/2023\/12\/5059d3fd-8019-46d0-a581-172e9617e1c7.jpeg\" alt=\"\" class=\"wp-image-493686\" srcset=\"https:\/\/diariodominicano.com\/wp-content\/uploads\/2023\/12\/5059d3fd-8019-46d0-a581-172e9617e1c7.jpeg 404w, https:\/\/diariodominicano.com\/wp-content\/uploads\/2023\/12\/5059d3fd-8019-46d0-a581-172e9617e1c7-300x300.jpeg 300w, https:\/\/diariodominicano.com\/wp-content\/uploads\/2023\/12\/5059d3fd-8019-46d0-a581-172e9617e1c7-150x150.jpeg 150w, https:\/\/diariodominicano.com\/wp-content\/uploads\/2023\/12\/5059d3fd-8019-46d0-a581-172e9617e1c7-88x88.jpeg 88w\" sizes=\"auto, (max-width: 404px) 100vw, 404px\" \/><\/figure>\n\n\n\n<p>Garc\u00eda, valor\u00f3 a Katty P\u00e9rez Matos, como una profesional con la preparaci\u00f3n debida para aportar al desarrollo, al progreso y al cambio de esta ciudad.<\/p>\n\n\n\n<p>\u00abAcept\u00f3 esta propuesta porque creo que podemos hacer un trabajo mancomunado en favor de Barahona\u00bb. Estoy obligada a &nbsp;cumplir, asumiendo el compromiso de que Barahona tenga otra cara\u00bb, dijo Katty P\u00e9rez.<\/p>\n\n\n\n<p>Perez Matos es dirigente y miembro del PLD, cuenta con un amplio respeto y liderazgo en su partido y la comunidad, es docente del Ministerio de Educaci\u00f3n de la Rep\u00fablica Dominicana (MINERD) desde el a\u00f1o 2013.<\/p>\n\n\n\n<p>Actualmente dirige la direcci\u00f3n del Liceo Acad\u00e9mico Cristo Rey, Primer Ciclo, cree fervientemente que: El amor procedente primero de Dios, las ganas de superaci\u00f3n y la entrega en el servicio para transformar las vidas de los dem\u00e1s a trav\u00e9s de la educaci\u00f3n, permite todos los cambios que favorecen a la sociedad y el mundo.<\/p>\n\n\n\n<figure class=\"wp-block-image size-large\"><img loading=\"lazy\" decoding=\"async\" width=\"1024\" height=\"461\" src=\"https:\/\/diariodominicano.com\/wp-content\/uploads\/2023\/12\/fa1d2cc7-bd85-44b2-bf2e-9bd7efd960fd-1-1024x461.jpeg\" alt=\"\" class=\"wp-image-493688\" srcset=\"https:\/\/diariodominicano.com\/wp-content\/uploads\/2023\/12\/fa1d2cc7-bd85-44b2-bf2e-9bd7efd960fd-1-1024x461.jpeg 1024w, https:\/\/diariodominicano.com\/wp-content\/uploads\/2023\/12\/fa1d2cc7-bd85-44b2-bf2e-9bd7efd960fd-1-300x135.jpeg 300w, https:\/\/diariodominicano.com\/wp-content\/uploads\/2023\/12\/fa1d2cc7-bd85-44b2-bf2e-9bd7efd960fd-1-768x346.jpeg 768w, https:\/\/diariodominicano.com\/wp-content\/uploads\/2023\/12\/fa1d2cc7-bd85-44b2-bf2e-9bd7efd960fd-1-816x367.jpeg 816w, https:\/\/diariodominicano.com\/wp-content\/uploads\/2023\/12\/fa1d2cc7-bd85-44b2-bf2e-9bd7efd960fd-1.jpeg 1280w\" sizes=\"auto, (max-width: 1024px) 100vw, 1024px\" \/><\/figure>\n\n\n\n<p>En el acto estuvieron presentes los candidatos a regidores Toidy P\u00e9rez, Annery Cuello, Oscar Luper\u00f3n, Flerida F\u00e9liz L\u00f3pez, &nbsp;la profesora Am\u00e9rica P\u00e9rez y V\u00edctor F\u00e9liz Medina (Lucas).<\/p>\n\n\n\n<p>Tambi\u00e9n los miembros del Comit\u00e9 Central, Alberto Pel\u00e1ez (enlace provincial de campa\u00f1a), Carlos Flori\u00e1n, V\u00edctor Manuel Terrero y Julio Feliz Santana, presidentes de intermedios y comit\u00e9s de bases, amigos y simpatizantes del PLD.<\/p>\n\n\n\n<p>Lissy G\u00f3mez<a target=\"_blank\" href=\"mailto:lissymgomez1995@gmail.com\" rel=\"noreferrer noopener\">lissymgomez1995@gmail.com<\/a><\/p>\n","protected":false},"excerpt":{"rendered":"<p>Carlos Garc\u00eda y Katty P\u00e9rez Matos BARAHONA, RD, 2 de diciembre de 2023: El candidato a alcalde por el Partido de la Liberaci\u00f3n Dominicana (PLD), Carlos Garc\u00eda, present\u00f3 el s\u00e1bado a la profesora &nbsp;Katty &nbsp;P\u00e9rez Matos, como candidata a vicealcaldesa, para las elecciones del 18 de febrero del &nbsp;2024. Dicha presentaci\u00f3n se hizo durante una [&hellip;]<\/p>\n","protected":false},"author":28,"featured_media":493682,"comment_status":"closed","ping_status":"","sticky":false,"template":"","format":"standard","meta":{"footnotes":""},"categories":[22],"tags":[],"class_list":["post-493677","post","type-post","status-publish","format-standard","has-post-thumbnail","hentry","category-politica"],"_links":{"self":[{"href":"https:\/\/diariodominicano.com\/index.php?rest_route=\/wp\/v2\/posts\/493677","targetHints":{"allow":["GET"]}}],"collection":[{"href":"https:\/\/diariodominicano.com\/index.php?rest_route=\/wp\/v2\/posts"}],"about":[{"href":"https:\/\/diariodominicano.com\/index.php?rest_route=\/wp\/v2\/types\/post"}],"author":[{"embeddable":true,"href":"https:\/\/diariodominicano.com\/index.php?rest_route=\/wp\/v2\/users\/28"}],"replies":[{"embeddable":true,"href":"https:\/\/diariodominicano.com\/index.php?rest_route=%2Fwp%2Fv2%2Fcomments&post=493677"}],"version-history":[{"count":4,"href":"https:\/\/diariodominicano.com\/index.php?rest_route=\/wp\/v2\/posts\/493677\/revisions"}],"predecessor-version":[{"id":493690,"href":"https:\/\/diariodominicano.com\/index.php?rest_route=\/wp\/v2\/posts\/493677\/revisions\/493690"}],"wp:featuredmedia":[{"embeddable":true,"href":"https:\/\/diariodominicano.com\/index.php?rest_route=\/wp\/v2\/media\/493682"}],"wp:attachment":[{"href":"https:\/\/diariodominicano.com\/index.php?rest_route=%2Fwp%2Fv2%2Fmedia&parent=493677"}],"wp:term":[{"taxonomy":"category","embeddable":true,"href":"https:\/\/diariodominicano.com\/index.php?rest_route=%2Fwp%2Fv2%2Fcategories&post=493677"},{"taxonomy":"post_tag","embeddable":true,"href":"https:\/\/diariodominicano.com\/index.php?rest_route=%2Fwp%2Fv2%2Ftags&post=493677"}],"curies":[{"name":"wp","href":"https:\/\/api.w.org\/{rel}","templated":true}]}}