{"id":49363,"date":"2020-09-18T13:45:48","date_gmt":"2020-09-18T13:45:48","guid":{"rendered":"http:\/\/diariodominicano.ddns.net\/?p=49363"},"modified":"2020-09-18T13:45:48","modified_gmt":"2020-09-18T13:45:48","slug":"infotep-y-medio-ambiente-entregan-certificaciones-y-licencias-a-tecnicos-en-refrigeracion-y-acondicionamiento-de-aire","status":"publish","type":"post","link":"https:\/\/diariodominicano.com\/?p=49363","title":{"rendered":"INFOTEP y Medio Ambiente entregan certificaciones y licencias a t\u00e9cnicos en Refrigeraci\u00f3n y Acondicionamiento de Aire"},"content":{"rendered":"<p><body><\/p>\n<p><img decoding=\"async\" src=\"img3\/Rafael Santos-Jorge Mera18-9-20.jpg\" \/>  <\/p>\n<p><span class=\"text1noticias\">diariodominicano.com<\/span><\/p>\n<p><span class=\"text1noticias\"> <\/span><\/p>\n<p><span class=\"text1noticias\">Santo Domingo, R. D., 18 de septiembre, 2020.-  El Instituto Nacional de Formaci\u00f3n T\u00e9cnico Profesional (INFOTEP) entreg\u00f3 14 certificaciones y licencias a igual n\u00famero de t\u00e9cnicos en Refrigeraci\u00f3n y Acondicionamiento de Aire, en el marco de un acuerdo para la protecci\u00f3n de la capa de ozono y la mitigaci\u00f3n de los efectos provocados por el cambio clim\u00e1tico.<\/span><\/p>\n<p><span class=\"text1noticias\"> <\/span><\/p>\n<p><span class=\"text1noticias\">La actividad fue encabezada por el ministro de Medio Ambiente, Orlando Jorge Mera, y el director general del INFOTEP, Rafael Santos Bad\u00eda, en el sal\u00f3n multiusos Manuel Enrique P\u00e9rez Hern\u00e1ndez (Don Manolo) de la cartera medioambiental.<\/span><\/p>\n<p><span class=\"text1noticias\"> <\/span><\/p>\n<p><span class=\"text1noticias\">Con la entrega de estas certificaciones y licencias se eleva a 33 el n\u00famero de t\u00e9cnicos en esta \u00e1rea validados por el INFOTEP, desde que fue suscrito el acuerdo con el que se busca regular el ejercicio de los T\u00e9cnicos en Refrigeraci\u00f3n y Acondicionamiento de Aire en el pa\u00eds, acorde lo establece el decreto 360-15, del 29 de octubre del a\u00f1o 2015.<\/span><\/p>\n<p><span class=\"text1noticias\"> <\/span><\/p>\n<p><span class=\"text1noticias\">El pasado a\u00f1o, 19 t\u00e9cnicos recibieron certificaci\u00f3n y licencias en la Cualificaci\u00f3n de Reparador e Instalador de Equipos de Refrigeraci\u00f3n y Acondicionamiento de Aire Dom\u00e9stico, nivel uno; y 21 facilitadores y especialistas fueron formados como evaluadores.<\/span><\/p>\n<p><span class=\"text1noticias\"> <\/span><\/p>\n<p><span class=\"text1noticias\">Los 14 t\u00e9cnicos de ahora, est\u00e1n titulados como  Mec\u00e1nico General de Refrigeraci\u00f3n y de Acondicionamiento de Aire (Sistema de Control Ambiental), que corresponde al nivel tres del marco de cualificaciones.<\/span><\/p>\n<p><span class=\"text1noticias\"> <\/span><\/p>\n<p><span class=\"text1noticias\">Un acuerdo interinstitucional<\/span><\/p>\n<p><span class=\"text1noticias\"> <\/span><\/p>\n<p><span class=\"text1noticias\">El acuerdo, en cuyo marco se imparten estas capacitaciones, fue firmado en el a\u00f1o 2014, por los Ministerios de Medio Ambiente y Recursos Naturales; de Educaci\u00f3n; de Educaci\u00f3n Superior, Ciencia y Tecnolog\u00eda; de Trabajo, la Asociaci\u00f3n Dominicana de T\u00e9cnicos en Refrigeraci\u00f3n (ADOMTRA) y el INFOTEP.<\/span><\/p>\n<p><span class=\"text1noticias\"> <\/span><\/p>\n<p><span class=\"text1noticias\">Entre los objetivos del convenio figuran fortalecer las habilidades y conocimientos de los t\u00e9cnicos de refrigeraci\u00f3n y acondicionamiento de aires para que, desde sus oficios, contribuyan a proteger la capa de ozono y a eliminar progresivamente las malas pr\u00e1cticas ambientales.<\/span><\/p>\n<p><span class=\"text1noticias\"> <\/span><\/p>\n<p><span class=\"text1noticias\">El director general del INFOTEP, Rafael Santos Bad\u00eda, valor\u00f3 la celebraci\u00f3n del D\u00eda Internacional de la Preservaci\u00f3n de la Capa de Ozono, como fecha oportuna para la entrega de estos certificados y licencias.<\/span><\/p>\n<p><span class=\"text1noticias\"> <\/span><\/p>\n<p><span class=\"text1noticias\">Dijo que esto pone de manifiesto lo que hace el pa\u00eds en su compromiso de cumplir el Protocolo de Montreal para mitigar los efectos medioambientales y evitar la contaminaci\u00f3n del ambiente.<\/span><\/p>\n<p><span class=\"text1noticias\"> <\/span><\/p>\n<p><span class=\"text1noticias\">Santos Bad\u00eda afirm\u00f3 que con la validaci\u00f3n del nuevo grupo de t\u00e9cnicos, el INFOTEP reitera su compromiso de fortalecer el sistema de Certificaci\u00f3n  para que los dem\u00e1s t\u00e9cnicos del pa\u00eds puedan obtener sus licencias.<\/span><\/p>\n<p><span class=\"text1noticias\"> <\/span><\/p>\n<p><span class=\"text1noticias\">\u00abEs un paso trascendental en el sector de refrigeraci\u00f3n y acondicionamiento de aire, un punto de partida para que las pr\u00e1cticas de nuestros t\u00e9cnicos contribuyan a la protecci\u00f3n de la capa de ozono y a mitigar el calentamiento global\u00bb, precis\u00f3 el director general de la entidad tripartita, rectora de la formaci\u00f3n t\u00e9cnico profesional.<\/span><\/p>\n<p><span class=\"text1noticias\"> <\/span><\/p>\n<p><span class=\"text1noticias\">El ministro de Medio Ambiente y Recursos Naturales, Orlando Jorge Mera, tuvo  a su cargo la apertura del acto y proclam\u00f3 que la actividad \u00abnos llena de orgullo, porque cambiar una cultura en funci\u00f3n de repensar la relaci\u00f3n con el medio ambiente, no es tarea sencilla\u00bb.<\/span><\/p>\n<p><span class=\"text1noticias\"> <\/span><\/p>\n<p><span class=\"text1noticias\">Consider\u00f3 que se trata de un paso fundamental en la defensa de la capa de ozono \u00abque inspira a otras personas a educarse en esta tem\u00e1tica, para contribuir a proteger esa fr\u00e1gil franja de gas que posibilita la vida en el planeta y da la oportunidad de legar un medio ambiente sostenible para esta y las futuras generaciones\u00bb.<\/span><\/p>\n<p><span class=\"text1noticias\"> <\/span><\/p>\n<p><span class=\"text1noticias\">Al pronunciar las palabras en nombre de los t\u00e9cnicos que recibieron sus certificados y licencias, Celestino Archibald, quien tambi\u00e9n es presidente de la Asociaci\u00f3n de T\u00e9cnicos en Refrigeraci\u00f3n, abog\u00f3 para que esos procesos de capacitaci\u00f3n y profesionalizaci\u00f3n prosigan expandi\u00e9ndose, a favor de toda la sociedad y de una mejor calidad de vida de la gente. <\/span><\/p>\n<p><span class=\"text1noticias\"> <\/span><\/p>\n<p><span class=\"text1noticias\">Fuente: Prensa INFOTEP<\/span><\/p>\n<p><span class=\"text1noticias\">Desiree Mart\u00ednez<\/span><\/p>\n<p><span class=\"text1noticias\">Gerente de Comunicaciones y Mercadeo<\/span><\/p>\n<p><span class=\"text1noticias\">Oficina Nacional<\/span><\/p>\n<h6> 2020-09-18 13:45:48 <\/h6>\n<p><!--\n<link rel=\"stylesheet\" href=\"css\/bootstrap.min.css\">\n\n\n<ul class=\"pagination\">\n\t    \n\t\n\n<li >\n\t<a href='?page_no=200'>Previous<\/a>\n\t<\/li>\n\n\n       \n    \n\n<li><a href='?page_no=1'>1<\/a><\/li>\n\n\n\n<li><a href='?page_no=2'>2<\/a><\/li>\n\n\n\n<li><a>...<\/a><\/li>\n\n\n\n<li><a href='?page_no=199'>199<\/a><\/li>\n\n\n\n<li><a href='?page_no=200'>200<\/a><\/li>\n\n\n\n<li class='active'><a>201<\/a><\/li>\n\n\n\n<li><a href='?page_no=202'>202<\/a><\/li>\n\n\n\n<li><a href='?page_no=203'>203<\/a><\/li>\n\n\n\n<li><a>...<\/a><\/li>\n\n\n\n<li><a href='?page_no=22911'>22911<\/a><\/li>\n\n\n\n<li><a href='?page_no=22912'>22912<\/a><\/li>\n\n    \n\t\n\n<li >\n\t<a href='?page_no=202'>Next<\/a>\n\t<\/li>\n\n\n    \n\n<li><a href='?page_no=22912'>Last &rsaquo;&rsaquo;<\/a><\/li>\n\n<\/ul>\n\n\n--><br \/>\n<\/body><\/p>\n","protected":false},"excerpt":{"rendered":"<p>diariodominicano.com Santo Domingo, R. D., 18 de septiembre, 2020.- El Instituto Nacional de Formaci\u00f3n T\u00e9cnico Profesional (INFOTEP) entreg\u00f3 14 certificaciones y licencias a igual n\u00famero de t\u00e9cnicos en Refrigeraci\u00f3n y Acondicionamiento de Aire, en el marco de un acuerdo para la protecci\u00f3n de la capa de ozono y la mitigaci\u00f3n de los efectos provocados por [&hellip;]<\/p>\n","protected":false},"author":3,"featured_media":0,"comment_status":"open","ping_status":"open","sticky":false,"template":"","format":"standard","meta":{"footnotes":""},"categories":[21],"tags":[],"class_list":["post-49363","post","type-post","status-publish","format-standard","hentry","category-cultura"],"_links":{"self":[{"href":"https:\/\/diariodominicano.com\/index.php?rest_route=\/wp\/v2\/posts\/49363","targetHints":{"allow":["GET"]}}],"collection":[{"href":"https:\/\/diariodominicano.com\/index.php?rest_route=\/wp\/v2\/posts"}],"about":[{"href":"https:\/\/diariodominicano.com\/index.php?rest_route=\/wp\/v2\/types\/post"}],"author":[{"embeddable":true,"href":"https:\/\/diariodominicano.com\/index.php?rest_route=\/wp\/v2\/users\/3"}],"replies":[{"embeddable":true,"href":"https:\/\/diariodominicano.com\/index.php?rest_route=%2Fwp%2Fv2%2Fcomments&post=49363"}],"version-history":[{"count":0,"href":"https:\/\/diariodominicano.com\/index.php?rest_route=\/wp\/v2\/posts\/49363\/revisions"}],"wp:attachment":[{"href":"https:\/\/diariodominicano.com\/index.php?rest_route=%2Fwp%2Fv2%2Fmedia&parent=49363"}],"wp:term":[{"taxonomy":"category","embeddable":true,"href":"https:\/\/diariodominicano.com\/index.php?rest_route=%2Fwp%2Fv2%2Fcategories&post=49363"},{"taxonomy":"post_tag","embeddable":true,"href":"https:\/\/diariodominicano.com\/index.php?rest_route=%2Fwp%2Fv2%2Ftags&post=49363"}],"curies":[{"name":"wp","href":"https:\/\/api.w.org\/{rel}","templated":true}]}}