{"id":493569,"date":"2023-12-04T00:39:13","date_gmt":"2023-12-04T04:39:13","guid":{"rendered":"https:\/\/diariodominicano.com\/?p=493569"},"modified":"2023-12-04T00:40:13","modified_gmt":"2023-12-04T04:40:13","slug":"polanco-escogido-en-ny-lider-comunal-2023-y-distinguido-por-varias-organizaciones-eua","status":"publish","type":"post","link":"https:\/\/diariodominicano.com\/?p=493569","title":{"rendered":"Polanco escogido en NY \u201cL\u00edder comunal 2023\u201d y distinguido por varias organizaciones EUA"},"content":{"rendered":"\n<p><strong>Por Ram\u00f3n Mercedes&nbsp;<\/strong><\/p>\n\n\n\n<p><strong>NUEVA YORK.-<\/strong>\u00a0El doctor Yomare Polanco, conocido en varios estados de Estados Unidos por sus obras filantr\u00f3picas, su participaci\u00f3n constante en actividades comunitarias y actualmente candidato a diputado del PRD en la Circunscripci\u00f3n 1-USA, fue escogido en esta ciudad como \u00bbL\u00edder comunal 2023\u00ab, y distinguido en otras actividades por varias organizaciones de EUA.<\/p>\n\n\n\n<p><\/p>\n\n\n\n<p>El galard\u00f3n como \u00bbL\u00edder comunal 2023\u00bb le fue otorgado por \u00bbPremios Latinos\u00ab,&nbsp;durante la&nbsp;XXIII entrega de la premiaci\u00f3n,&nbsp;efectuada este fin de semana en Brasier Lounge &amp; Theatre, localizado en el 472 de la calle 202, en el Alto Manhattan, en presencia de empresarios, profesionales, artistas, periodistas, activistas comunitarios e invitados especiales.<\/p>\n\n\n\n<p>Asimismo, en la ciudad de Hazleton-Pensilvania, el comando de campa\u00f1a del PRD organiz\u00f3 un encuentro en el local del partido, ubicado en el 109 de la calle Wyoming, para manifestarle el apoyo total a su candidatura como diputado, al igual que a Nancy Jim\u00e9nez y C\u00e1ndido Cruz.<\/p>\n\n\n\n<p>Adem\u00e1s, Polanco particip\u00f3 como invitado de honor en la Gala-Navide\u00f1a que ofreciera la Asociaci\u00f3n de Enriquellences en el Exterior, en Maestro&#8217;s Caterers, ubicado en el 1703 de la avenida Bronxdale, en El Bronx.<\/p>\n\n\n\n<p>Tambi\u00e9n, en el lanzamiento de las nuevas instalaciones del Grupo de Medios Global Inc. (Visi\u00f3n Global TV), ubicado en el 448 E. de la calle 173, entre las avenidas Park y Washington, en El Bronx. En su representaci\u00f3n env\u00edo una amplia comisi\u00f3n, encabezada por la comunicadora Jenny G\u00f3mez.<\/p>\n\n\n\n<p>Durante el octavo aniversario de \u00bbPrensa &amp; Comunidad Hispana\u00ab, tambi\u00e9n se hizo representar por otra amplia comisi\u00f3n. Este evento fue celebrado en los exclusivos salones de Beverly Hills Manor, ubicado en el 1700 de la avenida Jerome, con la participaci\u00f3n de representativos de diversas instituciones dominicanas.<\/p>\n\n\n\n<p>Asimismo, el doctor Polanco asisti\u00f3 a la Cuarta Gala de la Asociaci\u00f3n de Bodegueros Unidos de Am\u00e9rica (UBA), celebrada en Marina del Rey Catering, ubicada en el 1 Marina Dr, sector del Throgs Neck, en El Bronx.<\/p>\n","protected":false},"excerpt":{"rendered":"<p>Por Ram\u00f3n Mercedes&nbsp; NUEVA YORK.-\u00a0El doctor Yomare Polanco, conocido en varios estados de Estados Unidos por sus obras filantr\u00f3picas, su participaci\u00f3n constante en actividades comunitarias y actualmente candidato a diputado del PRD en la Circunscripci\u00f3n 1-USA, fue escogido en esta ciudad como \u00bbL\u00edder comunal 2023\u00ab, y distinguido en otras actividades por varias organizaciones de EUA. [&hellip;]<\/p>\n","protected":false},"author":28,"featured_media":493570,"comment_status":"closed","ping_status":"","sticky":true,"template":"","format":"standard","meta":{"footnotes":""},"categories":[36,22,27],"tags":[],"class_list":["post-493569","post","type-post","status-publish","format-standard","has-post-thumbnail","hentry","category-hombresmujeresycosas","category-politica","category-portada"],"_links":{"self":[{"href":"https:\/\/diariodominicano.com\/index.php?rest_route=\/wp\/v2\/posts\/493569","targetHints":{"allow":["GET"]}}],"collection":[{"href":"https:\/\/diariodominicano.com\/index.php?rest_route=\/wp\/v2\/posts"}],"about":[{"href":"https:\/\/diariodominicano.com\/index.php?rest_route=\/wp\/v2\/types\/post"}],"author":[{"embeddable":true,"href":"https:\/\/diariodominicano.com\/index.php?rest_route=\/wp\/v2\/users\/28"}],"replies":[{"embeddable":true,"href":"https:\/\/diariodominicano.com\/index.php?rest_route=%2Fwp%2Fv2%2Fcomments&post=493569"}],"version-history":[{"count":3,"href":"https:\/\/diariodominicano.com\/index.php?rest_route=\/wp\/v2\/posts\/493569\/revisions"}],"predecessor-version":[{"id":493573,"href":"https:\/\/diariodominicano.com\/index.php?rest_route=\/wp\/v2\/posts\/493569\/revisions\/493573"}],"wp:featuredmedia":[{"embeddable":true,"href":"https:\/\/diariodominicano.com\/index.php?rest_route=\/wp\/v2\/media\/493570"}],"wp:attachment":[{"href":"https:\/\/diariodominicano.com\/index.php?rest_route=%2Fwp%2Fv2%2Fmedia&parent=493569"}],"wp:term":[{"taxonomy":"category","embeddable":true,"href":"https:\/\/diariodominicano.com\/index.php?rest_route=%2Fwp%2Fv2%2Fcategories&post=493569"},{"taxonomy":"post_tag","embeddable":true,"href":"https:\/\/diariodominicano.com\/index.php?rest_route=%2Fwp%2Fv2%2Ftags&post=493569"}],"curies":[{"name":"wp","href":"https:\/\/api.w.org\/{rel}","templated":true}]}}