{"id":493551,"date":"2023-12-04T00:25:58","date_gmt":"2023-12-04T04:25:58","guid":{"rendered":"https:\/\/diariodominicano.com\/?p=493551"},"modified":"2023-12-04T00:26:33","modified_gmt":"2023-12-04T04:26:33","slug":"dirigente-de-fuerza-del-pueblo-nathanael-concepcion-afirma-oposicion-dio-paso-trascendental-para-el-pais-con-alianza-rescate-rd","status":"publish","type":"post","link":"https:\/\/diariodominicano.com\/?p=493551","title":{"rendered":"Dirigente de Fuerza del Pueblo Nathanael Concepci\u00f3n afirma oposici\u00f3n dio paso trascendental para el pa\u00eds  con Alianza Rescate RD"},"content":{"rendered":"\n<p>El dirigente de la Fuerza del Pueblo (FP) Nathanael Concepci\u00f3n dijo que la direcciones de los partidos de oposici\u00f3n dieron un paso trascendental al concertar y hacer realidad la Alianza Rescate RD.<\/p>\n\n\n\n<p><\/p>\n\n\n\n<p>Concepci\u00f3n considera que indudablemente ese gran pacto&nbsp; abrir\u00e1 el camino a la poblaci\u00f3n, de manos de la oposici\u00f3n, hacia senderos de progreso, de desarrollo, y de mayor bienestar para la familia dominicana.,<\/p>\n\n\n\n<p>El miembro de Direcci\u00f3n Pol\u00edtica de la Fuerza del Pueblo&nbsp; e integrante de la comisi\u00f3n negociadora de la Alianza Rescate RD se\u00f1al\u00f3 que la negociaci\u00f3n fue muy compleja, por los aspectos pol\u00edticos y legales que fueron necesarios superar para lograr la concertaci\u00f3n.<\/p>\n\n\n\n<p>&nbsp;Explica que la Fuerza del Pueblo, al igual que los dem\u00e1s partidos se vio precisada a ceder candidaturas en determinadas plazas, a cambio de lograr apoyo en otras, conforme a las conveniencias electorales.<\/p>\n\n\n\n<p>Apunt\u00f3 que en algunos casos fue necesario el desprendimiento de algunos dirigentes que declinaron, cedieron sus&nbsp; aspiraciones en aras de la unidad y la conveniencia colectiva.<\/p>\n\n\n\n<p>Tras precisar que no se trat\u00f3 de una fusi\u00f3n de partidos, sino una concertaci\u00f3n, explic\u00f3 que en el aspecto municipal se logr\u00f3 concluir a tiempo la negociaci\u00f3n, antes del vencimiento del plazo para cumplir tramites con la Junta Central Electoral.<\/p>\n","protected":false},"excerpt":{"rendered":"<p>El dirigente de la Fuerza del Pueblo (FP) Nathanael Concepci\u00f3n dijo que la direcciones de los partidos de oposici\u00f3n dieron un paso trascendental al concertar y hacer realidad la Alianza Rescate RD. Concepci\u00f3n considera que indudablemente ese gran pacto&nbsp; abrir\u00e1 el camino a la poblaci\u00f3n, de manos de la oposici\u00f3n, hacia senderos de progreso, de [&hellip;]<\/p>\n","protected":false},"author":28,"featured_media":493552,"comment_status":"closed","ping_status":"","sticky":false,"template":"","format":"standard","meta":{"footnotes":""},"categories":[22],"tags":[],"class_list":["post-493551","post","type-post","status-publish","format-standard","has-post-thumbnail","hentry","category-politica"],"_links":{"self":[{"href":"https:\/\/diariodominicano.com\/index.php?rest_route=\/wp\/v2\/posts\/493551","targetHints":{"allow":["GET"]}}],"collection":[{"href":"https:\/\/diariodominicano.com\/index.php?rest_route=\/wp\/v2\/posts"}],"about":[{"href":"https:\/\/diariodominicano.com\/index.php?rest_route=\/wp\/v2\/types\/post"}],"author":[{"embeddable":true,"href":"https:\/\/diariodominicano.com\/index.php?rest_route=\/wp\/v2\/users\/28"}],"replies":[{"embeddable":true,"href":"https:\/\/diariodominicano.com\/index.php?rest_route=%2Fwp%2Fv2%2Fcomments&post=493551"}],"version-history":[{"count":3,"href":"https:\/\/diariodominicano.com\/index.php?rest_route=\/wp\/v2\/posts\/493551\/revisions"}],"predecessor-version":[{"id":493555,"href":"https:\/\/diariodominicano.com\/index.php?rest_route=\/wp\/v2\/posts\/493551\/revisions\/493555"}],"wp:featuredmedia":[{"embeddable":true,"href":"https:\/\/diariodominicano.com\/index.php?rest_route=\/wp\/v2\/media\/493552"}],"wp:attachment":[{"href":"https:\/\/diariodominicano.com\/index.php?rest_route=%2Fwp%2Fv2%2Fmedia&parent=493551"}],"wp:term":[{"taxonomy":"category","embeddable":true,"href":"https:\/\/diariodominicano.com\/index.php?rest_route=%2Fwp%2Fv2%2Fcategories&post=493551"},{"taxonomy":"post_tag","embeddable":true,"href":"https:\/\/diariodominicano.com\/index.php?rest_route=%2Fwp%2Fv2%2Ftags&post=493551"}],"curies":[{"name":"wp","href":"https:\/\/api.w.org\/{rel}","templated":true}]}}