{"id":493541,"date":"2023-12-04T00:15:38","date_gmt":"2023-12-04T04:15:38","guid":{"rendered":"https:\/\/diariodominicano.com\/?p=493541"},"modified":"2023-12-04T00:18:44","modified_gmt":"2023-12-04T04:18:44","slug":"junto-con-leonel-fernandez-y-la-fp-peledeistas-y-de-otros-partidos-recorren-barrios-del-dn-y-sde","status":"publish","type":"post","link":"https:\/\/diariodominicano.com\/?p=493541","title":{"rendered":"Junto con Leonel Fern\u00e1ndez y la FP, peledeistas y de otros partidos recorren barrios del DN y SDE"},"content":{"rendered":"\n<p><br>Santo Domingo, RD .- Candidatos, militantes, simpatizantes y amigos de los partidos Fuerza del Pueblo (FP), de la Liberaci\u00f3n Dominicana (PLD), Revolucionario Dominicano (PRD), y dem\u00e1s entidades que integran la alianza opositora recorrieron junto con Leonel Fern\u00e1ndez sectores populares de la circunscripci\u00f3n electoral n\u00famero 2 y 3 del Distrito Nacional y barrios de Santo Domingo Este.\u00a0<\/p>\n\n\n\n<figure class=\"wp-block-image size-large\"><img loading=\"lazy\" decoding=\"async\" width=\"1024\" height=\"397\" src=\"https:\/\/diariodominicano.com\/wp-content\/uploads\/2023\/12\/IMG-20231203-WA0527-1024x397.jpg\" alt=\"\" class=\"wp-image-493544\" srcset=\"https:\/\/diariodominicano.com\/wp-content\/uploads\/2023\/12\/IMG-20231203-WA0527-1024x397.jpg 1024w, https:\/\/diariodominicano.com\/wp-content\/uploads\/2023\/12\/IMG-20231203-WA0527-300x116.jpg 300w, https:\/\/diariodominicano.com\/wp-content\/uploads\/2023\/12\/IMG-20231203-WA0527-768x298.jpg 768w, https:\/\/diariodominicano.com\/wp-content\/uploads\/2023\/12\/IMG-20231203-WA0527-1536x595.jpg 1536w, https:\/\/diariodominicano.com\/wp-content\/uploads\/2023\/12\/IMG-20231203-WA0527-2048x794.jpg 2048w, https:\/\/diariodominicano.com\/wp-content\/uploads\/2023\/12\/IMG-20231203-WA0527-816x316.jpg 816w\" sizes=\"auto, (max-width: 1024px) 100vw, 1024px\" \/><\/figure>\n\n\n\n<p>La marcha-caravana inici\u00f3 en el barrio de Cristo Rey, con la presencia de Omar Fern\u00e1ndez y Domingo Contreras, candidatos a senador y a alcalde de la capital, quienes junto a otros aspirantes congresuales y municipales y, a miles de seguidores, esperaron al l\u00edder de la oposici\u00f3n pol\u00edtica dominicana, Leonel Fern\u00e1ndez.<\/p>\n\n\n\n<figure class=\"wp-block-image size-large\"><img loading=\"lazy\" decoding=\"async\" width=\"1024\" height=\"554\" src=\"https:\/\/diariodominicano.com\/wp-content\/uploads\/2023\/12\/IMG-20231203-WA0525-1024x554.jpg\" alt=\"\" class=\"wp-image-493547\" srcset=\"https:\/\/diariodominicano.com\/wp-content\/uploads\/2023\/12\/IMG-20231203-WA0525-1024x554.jpg 1024w, https:\/\/diariodominicano.com\/wp-content\/uploads\/2023\/12\/IMG-20231203-WA0525-300x162.jpg 300w, https:\/\/diariodominicano.com\/wp-content\/uploads\/2023\/12\/IMG-20231203-WA0525-768x416.jpg 768w, https:\/\/diariodominicano.com\/wp-content\/uploads\/2023\/12\/IMG-20231203-WA0525-1536x832.jpg 1536w, https:\/\/diariodominicano.com\/wp-content\/uploads\/2023\/12\/IMG-20231203-WA0525-2048x1109.jpg 2048w, https:\/\/diariodominicano.com\/wp-content\/uploads\/2023\/12\/IMG-20231203-WA0525-816x442.jpg 816w\" sizes=\"auto, (max-width: 1024px) 100vw, 1024px\" \/><\/figure>\n\n\n\n<p><br>El recorrido en el Distrito Nacional, presidido por Fern\u00e1ndez y candidatos de elecci\u00f3n popular recorri\u00f3 las principales calles de Villas Agr\u00edcolas, Ensanche Luper\u00f3n, Barrio 24 de Abril, Ensanche Espaillat, Gualey; barrios de las circunscripciones electorales dos y tres del Distrito Nacional. Concluy\u00f3  en la calle Barney N. Morgan, esquina calle 18, frente Polit\u00e9cnico Santa Ana, para pasar de inmediato a Santo Domingo Este.\u00a0<\/p>\n\n\n\n<p><br>Al caer la tarde, la Fuerza del Pueblo y entidades aliadas cruzaron el Puente  S\u00e1nchez, (puente de la 17)  para recorrer parte de la circunscripci\u00f3n electoral n\u00famero 2, de Santo Domingo Este, para caminar importantes sectores, partiendo desde la entrada del sector Los 3 Brazos (frente Club de los Billeteros), penetrando por la avenida Ozama; tocando el Barrio Las Frutas, Matrisa, Barrio Puerto Rico, Katanga, San Antonio, Los Mina.\u00a0<\/p>\n\n\n\n<p><br>En Santo Domingo Este, Fern\u00e1ndez fue esperado por el candidato a alcalde de la Fuerza del Pueblo, Julio Romero, y los candidatos a diputados y regidores.\u00a0En la ma\u00f1ana, Fern\u00e1ndez asisti\u00f3 al acto organizado por la Fuerza del Crecimiento, en el Club de Mayoristas de Santo Domingo, donde pas\u00f3 revista al proceso organizativo de la participaci\u00f3n en los procesos electorales del a\u00f1o 2024.<\/p>\n\n\n\n<p><br>Secretar\u00eda de Comunicaciones Fuerza del Pueblo<\/p>\n","protected":false},"excerpt":{"rendered":"<p>Santo Domingo, RD .- Candidatos, militantes, simpatizantes y amigos de los partidos Fuerza del Pueblo (FP), de la Liberaci\u00f3n Dominicana (PLD), Revolucionario Dominicano (PRD), y dem\u00e1s entidades que integran la alianza opositora recorrieron junto con Leonel Fern\u00e1ndez sectores populares de la circunscripci\u00f3n electoral n\u00famero 2 y 3 del Distrito Nacional y barrios de Santo Domingo [&hellip;]<\/p>\n","protected":false},"author":28,"featured_media":493542,"comment_status":"closed","ping_status":"","sticky":true,"template":"","format":"standard","meta":{"footnotes":""},"categories":[22,27],"tags":[],"class_list":["post-493541","post","type-post","status-publish","format-standard","has-post-thumbnail","hentry","category-politica","category-portada"],"_links":{"self":[{"href":"https:\/\/diariodominicano.com\/index.php?rest_route=\/wp\/v2\/posts\/493541","targetHints":{"allow":["GET"]}}],"collection":[{"href":"https:\/\/diariodominicano.com\/index.php?rest_route=\/wp\/v2\/posts"}],"about":[{"href":"https:\/\/diariodominicano.com\/index.php?rest_route=\/wp\/v2\/types\/post"}],"author":[{"embeddable":true,"href":"https:\/\/diariodominicano.com\/index.php?rest_route=\/wp\/v2\/users\/28"}],"replies":[{"embeddable":true,"href":"https:\/\/diariodominicano.com\/index.php?rest_route=%2Fwp%2Fv2%2Fcomments&post=493541"}],"version-history":[{"count":5,"href":"https:\/\/diariodominicano.com\/index.php?rest_route=\/wp\/v2\/posts\/493541\/revisions"}],"predecessor-version":[{"id":493549,"href":"https:\/\/diariodominicano.com\/index.php?rest_route=\/wp\/v2\/posts\/493541\/revisions\/493549"}],"wp:featuredmedia":[{"embeddable":true,"href":"https:\/\/diariodominicano.com\/index.php?rest_route=\/wp\/v2\/media\/493542"}],"wp:attachment":[{"href":"https:\/\/diariodominicano.com\/index.php?rest_route=%2Fwp%2Fv2%2Fmedia&parent=493541"}],"wp:term":[{"taxonomy":"category","embeddable":true,"href":"https:\/\/diariodominicano.com\/index.php?rest_route=%2Fwp%2Fv2%2Fcategories&post=493541"},{"taxonomy":"post_tag","embeddable":true,"href":"https:\/\/diariodominicano.com\/index.php?rest_route=%2Fwp%2Fv2%2Ftags&post=493541"}],"curies":[{"name":"wp","href":"https:\/\/api.w.org\/{rel}","templated":true}]}}