{"id":49352,"date":"2020-09-18T19:08:15","date_gmt":"2020-09-18T19:08:15","guid":{"rendered":"http:\/\/diariodominicano.ddns.net\/?p=49352"},"modified":"2020-09-18T19:08:15","modified_gmt":"2020-09-18T19:08:15","slug":"ministerio-de-educacion-inicia-programa-de-capacitacion-docente-en-tic-y-educacion-a-distancia","status":"publish","type":"post","link":"https:\/\/diariodominicano.com\/?p=49352","title":{"rendered":"&#13;Ministerio de educaci\u00f3n inicia programa de capacitaci\u00f3n docente en TIC y educaci\u00f3n a distancia"},"content":{"rendered":"<p><body><\/p>\n<p><img decoding=\"async\" src=\"img3\/RobertoFurcalEdu18-9-20.jpg\" \/>  <\/p>\n<p><span class=\"text1noticias\">diariodominicano.com<\/span><\/p>\n<p><span class=\"text1noticias\"> <\/span><\/p>\n<p><span class=\"text1noticias\">Santo Domingo, R. D., 18 de septiembre, 2020.- El Ministerio de Educaci\u00f3n inici\u00f3 este viernes la capacitaci\u00f3n de mil facilitadores y 500 tutores que entrenar\u00e1n a unos 110 mil docentes en el uso de herramientas tecnol\u00f3gicas y metodolog\u00edas para la educaci\u00f3n a distancia. <\/span><\/p>\n<p><span class=\"text1noticias\"> <\/span><\/p>\n<p><span class=\"text1noticias\">El ministro de Educaci\u00f3n, doctor Roberto Fulcar, dej\u00f3 iniciado el programa, destacando la importancia de cerrar la brecha tecnol\u00f3gica en el pa\u00eds. Explic\u00f3 que est\u00e1 orientado a dotar a los docentes y el personal t\u00e9cnico-pedag\u00f3gico del sistema educativo dominicano, en todos sus niveles y modalidades, de los elementos necesarios de modo que los estudiantes puedan adecuar su pr\u00e1ctica profesional para aprender a trav\u00e9s de m\u00e9todos alternativos a la presencialidad. <\/span><\/p>\n<p><span class=\"text1noticias\"> <\/span><\/p>\n<p><span class=\"text1noticias\">\u00abEsos facilitadores son los que van a capacitar a m\u00e1s de cien mil maestros que aprender\u00e1n a conocer e implementar planeaci\u00f3n de clases, recursos y actividades de formaci\u00f3n, evaluaci\u00f3n y seguimiento de los estudiantes diferenciando las modalidades sincr\u00f3nicas y asincr\u00f3nicas de aprendizaje. A su vez, tendr\u00e1n la oportunidad de formarse en temas de salud y bienestar mental y socioemocional frente a la Covid-19.<\/span><\/p>\n<p><span class=\"text1noticias\"> <\/span><\/p>\n<p><span class=\"text1noticias\">Tambi\u00e9n tendr\u00e1n la oportunidad de dominar las principales plataformas utilizadas para la educaci\u00f3n remota y a manejar con destreza el dispositivo electr\u00f3nico que les ha sido entregado\u00bb. Explic\u00f3 el ministro Fulcar.<\/span><\/p>\n<p><span class=\"text1noticias\">  <\/span><\/p>\n<p><span class=\"text1noticias\">Durante diez d\u00edas estar\u00e1n en el proceso de inducci\u00f3n a la masa cr\u00edtica de facilitadores y tutores, y el d\u00eda 28 del presente mes comienza la capacitaci\u00f3n a los docentes que ser\u00e1n instruidos en el uso de las plataformas tecnol\u00f3gicas, habilidades pedag\u00f3gicas y gesti\u00f3n curricular para hacer frente a las particularidades del a\u00f1o escolar 2020-2021 que iniciar\u00e1 el pr\u00f3ximo d\u00eda 2 de noviembre.  <\/span><\/p>\n<p><span class=\"text1noticias\"> <\/span><\/p>\n<p><span class=\"text1noticias\"> \u00abEsta capacitaci\u00f3n consiste en un primer momento en dominar el uso de las TICs en educaci\u00f3n. En el segundo, ser\u00e1 todo lo relativo a la aplicaci\u00f3n y el manejo de la educaci\u00f3n a distancia en las \u00e1reas espec\u00edficas de competencias de cada modalidad y nivel educativo\u00bb.  Se\u00f1al\u00f3 Fulcar. <\/span><\/p>\n<p><span class=\"text1noticias\"> <\/span><\/p>\n<p><span class=\"text1noticias\">Cada capacitador tendr\u00e1 a su cargo varios grupos de maestros junto con un tutor en todo el proceso para ayudarlos a resolver dudas t\u00e9cnicas y metodol\u00f3gicas. Juntos verificar\u00e1n la correcta aplicaci\u00f3n y medici\u00f3n de los resultados a cada paso.  <\/span><\/p>\n<p><span class=\"text1noticias\"> <\/span><\/p>\n<p><span class=\"text1noticias\">La inauguraci\u00f3n del programa de capacitaci\u00f3n docente tambi\u00e9n incluy\u00f3 la conferencia del experto en informaci\u00f3n y formaci\u00f3n educativa, el uruguayo Renato Opertti: \u00abEl reconocimiento y revitalizaci\u00f3n de los Educadores como l\u00edderes del cambio en tiempos pand\u00e9micos: Cinco Mensajes Claves\u00bb. <\/span><\/p>\n<p><span class=\"text1noticias\"> <\/span><\/p>\n<p><span class=\"text1noticias\">En la actividad participaron Inka Mattila, representante del Programa de las Naciones Unidas para el Desarrollo (PNUD), Darwin Caraballo, director ejecutivo de EDUCA y Juan N\u00fa\u00f1ez vicepresidente de la Asociaci\u00f3n Dominicana de Profesores.<\/span><\/p>\n<p><span class=\"text1noticias\"> <\/span><\/p>\n<p><span class=\"text1noticias\"> <\/span><\/p>\n<p><span class=\"text1noticias\">Acompa\u00f1aron al ministro Roberto Fulcar, los viceministros de Servicios T\u00e9cnicos y Pedag\u00f3gicos Ligia P\u00e9rez, de Supervisi\u00f3n y Control de la Calidad de la Educaci\u00f3n Rafael Bello, de Planificaci\u00f3n y Desarrollo Educativo Julissa Hern\u00e1ndez, de Descentralizaci\u00f3n y Participaci\u00f3n Julio C\u00e9sar de los Santos,  de Gesti\u00f3n Administrativa Gloria Guevara y de Acreditaci\u00f3n y Certificaci\u00f3n Docente Raf<\/span>ael Le\u00f3nidas Alc\u00e1ntara.<\/p>\n<h6> 2020-09-18 19:08:15 <\/h6>\n<p><!--\n<link rel=\"stylesheet\" href=\"css\/bootstrap.min.css\">\n\n\n<ul class=\"pagination\">\n\t    \n\t\n\n<li >\n\t<a href='?page_no=199'>Previous<\/a>\n\t<\/li>\n\n\n       \n    \n\n<li><a href='?page_no=1'>1<\/a><\/li>\n\n\n\n<li><a href='?page_no=2'>2<\/a><\/li>\n\n\n\n<li><a>...<\/a><\/li>\n\n\n\n<li><a href='?page_no=198'>198<\/a><\/li>\n\n\n\n<li><a href='?page_no=199'>199<\/a><\/li>\n\n\n\n<li class='active'><a>200<\/a><\/li>\n\n\n\n<li><a href='?page_no=201'>201<\/a><\/li>\n\n\n\n<li><a href='?page_no=202'>202<\/a><\/li>\n\n\n\n<li><a>...<\/a><\/li>\n\n\n\n<li><a href='?page_no=22911'>22911<\/a><\/li>\n\n\n\n<li><a href='?page_no=22912'>22912<\/a><\/li>\n\n    \n\t\n\n<li >\n\t<a href='?page_no=201'>Next<\/a>\n\t<\/li>\n\n\n    \n\n<li><a href='?page_no=22912'>Last &rsaquo;&rsaquo;<\/a><\/li>\n\n<\/ul>\n\n\n--><br \/>\n<\/body><\/p>\n","protected":false},"excerpt":{"rendered":"<p>diariodominicano.com Santo Domingo, R. D., 18 de septiembre, 2020.- El Ministerio de Educaci\u00f3n inici\u00f3 este viernes la capacitaci\u00f3n de mil facilitadores y 500 tutores que entrenar\u00e1n a unos 110 mil docentes en el uso de herramientas tecnol\u00f3gicas y metodolog\u00edas para la educaci\u00f3n a distancia. El ministro de Educaci\u00f3n, doctor Roberto Fulcar, dej\u00f3 iniciado el programa, [&hellip;]<\/p>\n","protected":false},"author":3,"featured_media":0,"comment_status":"open","ping_status":"open","sticky":false,"template":"","format":"standard","meta":{"footnotes":""},"categories":[21],"tags":[],"class_list":["post-49352","post","type-post","status-publish","format-standard","hentry","category-cultura"],"_links":{"self":[{"href":"https:\/\/diariodominicano.com\/index.php?rest_route=\/wp\/v2\/posts\/49352","targetHints":{"allow":["GET"]}}],"collection":[{"href":"https:\/\/diariodominicano.com\/index.php?rest_route=\/wp\/v2\/posts"}],"about":[{"href":"https:\/\/diariodominicano.com\/index.php?rest_route=\/wp\/v2\/types\/post"}],"author":[{"embeddable":true,"href":"https:\/\/diariodominicano.com\/index.php?rest_route=\/wp\/v2\/users\/3"}],"replies":[{"embeddable":true,"href":"https:\/\/diariodominicano.com\/index.php?rest_route=%2Fwp%2Fv2%2Fcomments&post=49352"}],"version-history":[{"count":0,"href":"https:\/\/diariodominicano.com\/index.php?rest_route=\/wp\/v2\/posts\/49352\/revisions"}],"wp:attachment":[{"href":"https:\/\/diariodominicano.com\/index.php?rest_route=%2Fwp%2Fv2%2Fmedia&parent=49352"}],"wp:term":[{"taxonomy":"category","embeddable":true,"href":"https:\/\/diariodominicano.com\/index.php?rest_route=%2Fwp%2Fv2%2Fcategories&post=49352"},{"taxonomy":"post_tag","embeddable":true,"href":"https:\/\/diariodominicano.com\/index.php?rest_route=%2Fwp%2Fv2%2Ftags&post=49352"}],"curies":[{"name":"wp","href":"https:\/\/api.w.org\/{rel}","templated":true}]}}