{"id":49351,"date":"2020-11-24T16:48:26","date_gmt":"2020-11-24T16:48:26","guid":{"rendered":"http:\/\/diariodominicano.ddns.net\/?p=49351"},"modified":"2020-11-24T16:48:26","modified_gmt":"2020-11-24T16:48:26","slug":"miguel-franjul-recibe-premio-nacional-de-periodismo-2020","status":"publish","type":"post","link":"https:\/\/diariodominicano.com\/?p=49351","title":{"rendered":"Miguel Franjul recibe Premio Nacional de Periodismo 2020"},"content":{"rendered":"<p><body><\/p>\n<p><img decoding=\"async\" src=\"img3\/Franjul24-11-20.jpg\" \/>  <\/p>\n<p><span class=\"text1noticias\"> <\/span><\/p>\n<p><span class=\"text1noticias\"> diariodominicano.com <\/span><\/p>\n<p><span class=\"text1noticias\"> <\/span><\/p>\n<p><span class=\"text1noticias\">Santo Domingo, R. D., 24 de noviembre, 2020.- El presidente Lu\u00eds Abinader entreg\u00f3 este martes el Premio Nacional de Periodismo 2020 al veterano periodista, director del List\u00edn Diario y escritor Miguel Antonio Franjul Bucarelly. <\/span><\/p>\n<p><span class=\"text1noticias\"> <\/span><\/p>\n<p><span class=\"text1noticias\">El mandatario, hizo un recorrido por la labor profesional de Miguel Franjul. Destac\u00f3 su trabajo apegado a la calidad, los valores \u00e9ticos y la conciencia cr\u00edtica. \u00abEste es un premio merecido, merecido por una trayectoria larga y apegada a la verdad. Todo el pueblo dominicano sabe que cuenta con usted para defender la democracia, la verdad, una justicia independiente y el equilibrio de poder. Prensa libre es sin\u00f3nimo de expresi\u00f3n libre y expresi\u00f3n libre es sin\u00f3nimo de democracia sana\u00bb. Dijo el presidente Abinader. <\/span><\/p>\n<p><span class=\"text1noticias\"> <\/span><\/p>\n<p><span class=\"text1noticias\">El Premio Nacional de Periodismo es la mayor distinci\u00f3n que otorga el Estado dominicano, a trav\u00e9s del Ministerio de Educaci\u00f3n (MINERD) y el Colegio Dominicano de Periodistas (CDP), a la trayectoria en la comunicaci\u00f3n. <\/span><\/p>\n<p><span class=\"text1noticias\"> <\/span><\/p>\n<p><span class=\"text1noticias\"> El galardonado recibi\u00f3 un certificado de reconocimiento y un premio met\u00e1lico de un mill\u00f3n de pesos.<\/span><\/p>\n<p><span class=\"text1noticias\"> <\/span><\/p>\n<p><span class=\"text1noticias\">El ministro de Educaci\u00f3n, Roberto Fulcar, valor\u00f3 como trascendente la trayectoria de Franjul. Dijo que el premio es un merecido reconocimiento a su importante labor al frente de medios nacionales, su defensa de la libertad de expresi\u00f3n dentro y fuera del pa\u00eds, su apego a las normas \u00e9ticas y custodia de los mejores intereses. <\/span><\/p>\n<p><span class=\"text1noticias\"> <\/span><\/p>\n<p><span class=\"text1noticias\">\u00abA trav\u00e9s de Miguel Franjul, deseamos que este premio llegue como aliento a toda la prensa nacional, que vela d\u00eda a d\u00eda por las libertades en nuestro pa\u00eds, comenzando por la libertad de expresi\u00f3n, una de las grandes causas que ha llevado por m\u00e1s de cinco d\u00e9cadas nuestro galardonado de este a\u00f1o, desde los editoriales banilejos, hasta la historia que nos recuerda el camino que hemos recorrido como naci\u00f3n\u00bb. <\/span><\/p>\n<p><span class=\"text1noticias\"> <\/span><\/p>\n<p><span class=\"text1noticias\">La presidenta del CDP, Mercedes Castillo destac\u00f3 la responsabilidad profesional, social y \u00e9tica del galardonado y su trabajo al frente de diversos medios de comunicaci\u00f3n. <\/span><\/p>\n<p><span class=\"text1noticias\"> <\/span><\/p>\n<p><span class=\"text1noticias\">\u00abEl periodismo, mantiene su esencia, su misi\u00f3n, responsabilidad social y \u00e9tica en la sociedad. Lo que cambian son las tecnolog\u00edas, las formas de hacer periodismo. Agradecer al se\u00f1or presidente de la Rep\u00fablica, Lu\u00eds Abinader por entregar el premio correspondiente a este a\u00f1o 2020, a\u00fan en medio de la pandemia sanitaria que nos afecta grandemente\u00bb. <\/span><\/p>\n<p><span class=\"text1noticias\"> <\/span><\/p>\n<p><span class=\"text1noticias\">Castillo, explic\u00f3 que el reconocimiento se otorga teniendo en cuenta la trayectoria, los aportes a la carrera de comunicaci\u00f3n y a la sociedad. Destac\u00f3 que el Premio Nacional de Periodismo est\u00e1 consagrado en el decreto No.74-94, del 28 de marzo del 1994, cuyas bases est\u00e1n establecidas en su art\u00edculo n\u00famero 5.<\/span><\/p>\n<p><span class=\"text1noticias\">  <\/span><\/p>\n<p><span class=\"text1noticias\">Al recibir el premio, Franjul dijo que el gran desaf\u00edo es la sostenibilidad de los distintos medios en este ecosistema de la informaci\u00f3n y el de impulsar sus procesos de transformaci\u00f3n en cualquiera de sus plataformas.<\/span><\/p>\n<p><span class=\"text1noticias\"> <\/span><\/p>\n<p><span class=\"text1noticias\">\u00abLo que est\u00e1 en juego en estos momentos es el destino de la prensa libre. Es esta la peor y m\u00e1s tr\u00e1gica disyuntiva que ha afrontado la prensa libre e independiente en la historia moderna, m\u00e1s all\u00e1 de la crisis creada por la censura o la intolerancia de los reg\u00edmenes represivos\u00bb. Dijo el homenajeado.<\/span><\/p>\n<p><span class=\"text1noticias\"> <\/span><\/p>\n<p><span class=\"text1noticias\">Miguel Antonio Franjul Bucarelly, es oriundo de Ban\u00ed, provincia Peravia. Dirige el rotativo List\u00edn Diario desde el a\u00f1o 2000 y tambi\u00e9n dirigi\u00f3 La Naci\u00f3n, fund\u00f3 y dirigi\u00f3 el semanario Diario@Diario, fue director del peri\u00f3dico La Informaci\u00f3n y fundador del peri\u00f3dico Hoy.<\/span><\/p>\n<p><span class=\"text1noticias\">  <\/span><\/p>\n<p><span class=\"text1noticias\">Franjul, estudi\u00f3 Comunicaci\u00f3n Social en el Instituto Dominicano de Periodismo y recibi\u00f3 el t\u00edtulo Doctor Honoris Causa en Periodismo por la Universidad Tecnol\u00f3gica del Sur. <\/span><\/p>\n<p><span class=\"text1noticias\"> <\/span><\/p>\n<p><span class=\"text1noticias\">Ha escrito los libros, El poder de la palabra, La sociedad encarcelada; Bosch: Noventa d\u00edas de clandestinidad; Somoza y Duvalier, la ca\u00edda de dos dinast\u00edas y A la vera de la noticia. <\/span><\/p>\n<p><span class=\"text1noticias\"> <\/span><\/p>\n<p><span class=\"text1noticias\">El jurado del premio lo preside el ministro de Educaci\u00f3n, Roberto Fulcar.  Este a\u00f1o est\u00e1 compuesto, adem\u00e1s por Gustavo Olivo, director del diario digital Acento.com, Lu\u00eds Jos\u00e9 Ch\u00e1vez, presidente del Forum Iberoamericano de Periodistas de Turismo, Jos\u00e9 Reyes, presidente de la Asociaci\u00f3n Dominicana de Radiodifusoras (ADORA), Persio Maldonado, presidente de la Asociaci\u00f3n de Diarios de la Rep\u00fablica Dominicana, F\u00e9lix Almonte, director de la Escuela de Comunicaci\u00f3n de la Universidad Aut\u00f3noma de Santo Domingo y la presidenta del gremio period\u00edstico Mercedes Castillo. <\/span><\/p>\n<p><span class=\"text1noticias\"> <\/span><\/p>\n<p><span class=\"text1noticias\">Galardonados de a\u00f1os recientes<\/span><\/p>\n<p><span class=\"text1noticias\"> <\/span><\/p>\n<p><span class=\"text1noticias\">Entre los ganadores de a\u00f1os anteriores est\u00e1n Emilia Pereyra en 2019, Mar\u00eda del Carmen Brusiloff Ugarte en 2018, Osvaldo Santana en 2017, Luis Eduardo Lora (Huchi) en 2016, Margarita Cordero en 2015 y Juan Bol\u00edvar D\u00edaz en 2014. <\/span><\/p>\n<p><span class=\"text1noticias\"> <\/span><\/p>\n<p><span class=\"text1noticias\"> Tambi\u00e9n han recibido el premio Felipe Collado (Lipe), Mario \u00c1lvarez Dugan, Francisco Comarazamy, Radham\u00e9s G\u00f3mez Pep\u00edn, Rafael Molina Morillo y Emilio Herasme Pe\u00f1a. <\/span><\/p>\n<p><span class=\"text1noticias\"> <\/span><\/p>\n<p><span class=\"text1noticias\"> Fuente: Ministeri<\/span>o de Educaci\u00f3n <\/p>\n<p>Direcci\u00f3n de Comunicaci\u00f3n<\/p>\n<h6> 2020-11-24 16:48:26 <\/h6>\n<p><!--\n<link rel=\"stylesheet\" href=\"css\/bootstrap.min.css\">\n\n\n<ul class=\"pagination\">\n\t    \n\t\n\n<li >\n\t<a href='?page_no=19'>Previous<\/a>\n\t<\/li>\n\n\n       \n    \n\n<li><a href='?page_no=1'>1<\/a><\/li>\n\n\n\n<li><a href='?page_no=2'>2<\/a><\/li>\n\n\n\n<li><a>...<\/a><\/li>\n\n\n\n<li><a href='?page_no=18'>18<\/a><\/li>\n\n\n\n<li><a href='?page_no=19'>19<\/a><\/li>\n\n\n\n<li class='active'><a>20<\/a><\/li>\n\n\n\n<li><a href='?page_no=21'>21<\/a><\/li>\n\n\n\n<li><a href='?page_no=22'>22<\/a><\/li>\n\n\n\n<li><a>...<\/a><\/li>\n\n\n\n<li><a href='?page_no=22911'>22911<\/a><\/li>\n\n\n\n<li><a href='?page_no=22912'>22912<\/a><\/li>\n\n    \n\t\n\n<li >\n\t<a href='?page_no=21'>Next<\/a>\n\t<\/li>\n\n\n    \n\n<li><a href='?page_no=22912'>Last &rsaquo;&rsaquo;<\/a><\/li>\n\n<\/ul>\n\n\n--><br \/>\n<\/body><\/p>\n","protected":false},"excerpt":{"rendered":"<p>diariodominicano.com Santo Domingo, R. D., 24 de noviembre, 2020.- El presidente Lu\u00eds Abinader entreg\u00f3 este martes el Premio Nacional de Periodismo 2020 al veterano periodista, director del List\u00edn Diario y escritor Miguel Antonio Franjul Bucarelly. El mandatario, hizo un recorrido por la labor profesional de Miguel Franjul. Destac\u00f3 su trabajo apegado a la calidad, los [&hellip;]<\/p>\n","protected":false},"author":3,"featured_media":0,"comment_status":"open","ping_status":"open","sticky":false,"template":"","format":"standard","meta":{"footnotes":""},"categories":[21],"tags":[],"class_list":["post-49351","post","type-post","status-publish","format-standard","hentry","category-cultura"],"_links":{"self":[{"href":"https:\/\/diariodominicano.com\/index.php?rest_route=\/wp\/v2\/posts\/49351","targetHints":{"allow":["GET"]}}],"collection":[{"href":"https:\/\/diariodominicano.com\/index.php?rest_route=\/wp\/v2\/posts"}],"about":[{"href":"https:\/\/diariodominicano.com\/index.php?rest_route=\/wp\/v2\/types\/post"}],"author":[{"embeddable":true,"href":"https:\/\/diariodominicano.com\/index.php?rest_route=\/wp\/v2\/users\/3"}],"replies":[{"embeddable":true,"href":"https:\/\/diariodominicano.com\/index.php?rest_route=%2Fwp%2Fv2%2Fcomments&post=49351"}],"version-history":[{"count":0,"href":"https:\/\/diariodominicano.com\/index.php?rest_route=\/wp\/v2\/posts\/49351\/revisions"}],"wp:attachment":[{"href":"https:\/\/diariodominicano.com\/index.php?rest_route=%2Fwp%2Fv2%2Fmedia&parent=49351"}],"wp:term":[{"taxonomy":"category","embeddable":true,"href":"https:\/\/diariodominicano.com\/index.php?rest_route=%2Fwp%2Fv2%2Fcategories&post=49351"},{"taxonomy":"post_tag","embeddable":true,"href":"https:\/\/diariodominicano.com\/index.php?rest_route=%2Fwp%2Fv2%2Ftags&post=49351"}],"curies":[{"name":"wp","href":"https:\/\/api.w.org\/{rel}","templated":true}]}}