{"id":493500,"date":"2023-12-03T22:45:12","date_gmt":"2023-12-04T02:45:12","guid":{"rendered":"https:\/\/diariodominicano.com\/?p=493500"},"modified":"2023-12-03T22:45:50","modified_gmt":"2023-12-04T02:45:50","slug":"dignidad-juridica-de-la-secretaria-de-asuntos-gremiales-y-profesionales-del-pld-avala-triunfo-de-trajano-vidal-potentini-en-las-elecciones-del-card","status":"publish","type":"post","link":"https:\/\/diariodominicano.com\/?p=493500","title":{"rendered":"Dignidad Jur\u00eddica, de la Secretar\u00eda de Asuntos Gremiales y Profesionales del PLD,\u00a0 avala triunfo de Trajano Vidal Potentini en las elecciones del CARD"},"content":{"rendered":"\n<p>La corriente gremial Dignidad Jur\u00eddica, aval\u00f3 el triunfo de Trajano Vidal Potentini en las elecciones del Colegio de Abogados de la Rep\u00fablica Dominicana (CARD) , triunfo alcanzado en buena lid.\u00a0\u00a0<\/p>\n\n\n\n<figure class=\"wp-block-image size-large\"><img loading=\"lazy\" decoding=\"async\" width=\"1024\" height=\"768\" src=\"https:\/\/diariodominicano.com\/wp-content\/uploads\/2023\/12\/CORRIENTES-JURIDICAS-2-1024x768.jpg\" alt=\"\" class=\"wp-image-493504\" srcset=\"https:\/\/diariodominicano.com\/wp-content\/uploads\/2023\/12\/CORRIENTES-JURIDICAS-2-1024x768.jpg 1024w, https:\/\/diariodominicano.com\/wp-content\/uploads\/2023\/12\/CORRIENTES-JURIDICAS-2-300x225.jpg 300w, https:\/\/diariodominicano.com\/wp-content\/uploads\/2023\/12\/CORRIENTES-JURIDICAS-2-768x576.jpg 768w, https:\/\/diariodominicano.com\/wp-content\/uploads\/2023\/12\/CORRIENTES-JURIDICAS-2-1536x1152.jpg 1536w, https:\/\/diariodominicano.com\/wp-content\/uploads\/2023\/12\/CORRIENTES-JURIDICAS-2-816x612.jpg 816w, https:\/\/diariodominicano.com\/wp-content\/uploads\/2023\/12\/CORRIENTES-JURIDICAS-2.jpg 1600w\" sizes=\"auto, (max-width: 1024px) 100vw, 1024px\" \/><\/figure>\n\n\n\n<p>Adolfo Cede\u00f1o, titular de la Secretar\u00eda de Asuntos Gremiales y Profesionales del Partido de la Liberaci\u00f3n Dominicana (PLD), entidad que orienta la corriente de los profesionales del derecho, dijo que en su calidad de titular del \u00f3rgano de los profesionales peledeistas, autoriz\u00f3 la firma de una alianza estrat\u00e9gica con la cual Trajano Vidal&nbsp; Potentini alcanz\u00f3 los votos suficientes para convertirse en el presidente electo del CARD.<\/p>\n\n\n\n<p>\u201cAvalamos el triunfo de Trajano Vidal Potentini en las elecciones celebradas el s\u00e1bado en el Colegio de Abogados y as\u00ed resaltamos la importancia que en los tiempos modernos tienen las coaliciones de corrientes gremiales y partidarias\u201d,&nbsp;&nbsp;dijo Cede\u00f1o en la rueda de prensa en la que tambi\u00e9n particip\u00f3 las corrientes Consenso Nacional, Unidad Jur\u00eddica Institucional y la Alianza Gremial.<\/p>\n\n\n\n<p>Cede\u00f1o denunci\u00f3 que el gobierno del PRM con subterfugios trata de desconocer el triunfo alcanzado por Trajano Vidal Potentini, maniobras que no prosperaran<\/p>\n\n\n\n<p>\u201cEl Gobierno meti\u00f3 su mano grande y larga para tratar de evitar el triunfo de los partidos opositores, sin embargo, no pudo. En la alianza descansa el triunfo\u201d dijo Cede\u00f1o.<\/p>\n\n\n\n<p>La representaci\u00f3n de la corriente Unidad Jur\u00eddica Institucional en la persona de Jos\u00e9 Zapata, Secretario de Asuntos Electorales del PLD,&nbsp;&nbsp;tambi\u00e9n aval\u00f3 el triunfo alcanzado por las corrientes que representan la oposici\u00f3n pol\u00edtica al Gobierno.<\/p>\n\n\n\n<p>La corriente gremial Consenso Nacional, representada por Freddy P\u00e9rez, Secretario de Asuntos Gremiales y Profesionales de la Fuerza del Pueblo resalt\u00f3 la legalidad del acuerdo arribado por los gremios participantes y calific\u00f3 a Trajano Vidal Potentini como presidente electo.<\/p>\n\n\n\n<p>En la presentaci\u00f3n de la rueda de prensa, que encabez\u00f3 el presidente electo, Vidal Potentini,&nbsp; se explic\u00f3 que las corrientes gremiales participantes en el intercambio con la representaci\u00f3n de los medios de comunicaci\u00f3n responden a las directrices de la alianza opositora Rescate RD.<\/p>\n\n\n\n<p>En la rueda de prensa de las corrientes gremiales a lo interno del CARD, reclamo del gobierno que cese la presi\u00f3n sobre el proceso de los profesionales del derecho y ordene el retiro de los militares que acordonan la edificaci\u00f3n en donde opera la Comisi\u00f3n Electoral del CARD<\/p>\n\n\n\n<p><strong>SECRETARIA DE COMUNICACIONES<\/strong><\/p>\n\n\n\n<p><strong>3 NOVIEMBRE 2023<\/strong><\/p>\n","protected":false},"excerpt":{"rendered":"<p>La corriente gremial Dignidad Jur\u00eddica, aval\u00f3 el triunfo de Trajano Vidal Potentini en las elecciones del Colegio de Abogados de la Rep\u00fablica Dominicana (CARD) , triunfo alcanzado en buena lid.\u00a0\u00a0 Adolfo Cede\u00f1o, titular de la Secretar\u00eda de Asuntos Gremiales y Profesionales del Partido de la Liberaci\u00f3n Dominicana (PLD), entidad que orienta la corriente de los [&hellip;]<\/p>\n","protected":false},"author":28,"featured_media":493502,"comment_status":"closed","ping_status":"","sticky":true,"template":"","format":"standard","meta":{"footnotes":""},"categories":[20,22,27],"tags":[],"class_list":["post-493500","post","type-post","status-publish","format-standard","has-post-thumbnail","hentry","category-dominicana-hoy","category-politica","category-portada"],"_links":{"self":[{"href":"https:\/\/diariodominicano.com\/index.php?rest_route=\/wp\/v2\/posts\/493500","targetHints":{"allow":["GET"]}}],"collection":[{"href":"https:\/\/diariodominicano.com\/index.php?rest_route=\/wp\/v2\/posts"}],"about":[{"href":"https:\/\/diariodominicano.com\/index.php?rest_route=\/wp\/v2\/types\/post"}],"author":[{"embeddable":true,"href":"https:\/\/diariodominicano.com\/index.php?rest_route=\/wp\/v2\/users\/28"}],"replies":[{"embeddable":true,"href":"https:\/\/diariodominicano.com\/index.php?rest_route=%2Fwp%2Fv2%2Fcomments&post=493500"}],"version-history":[{"count":3,"href":"https:\/\/diariodominicano.com\/index.php?rest_route=\/wp\/v2\/posts\/493500\/revisions"}],"predecessor-version":[{"id":493506,"href":"https:\/\/diariodominicano.com\/index.php?rest_route=\/wp\/v2\/posts\/493500\/revisions\/493506"}],"wp:featuredmedia":[{"embeddable":true,"href":"https:\/\/diariodominicano.com\/index.php?rest_route=\/wp\/v2\/media\/493502"}],"wp:attachment":[{"href":"https:\/\/diariodominicano.com\/index.php?rest_route=%2Fwp%2Fv2%2Fmedia&parent=493500"}],"wp:term":[{"taxonomy":"category","embeddable":true,"href":"https:\/\/diariodominicano.com\/index.php?rest_route=%2Fwp%2Fv2%2Fcategories&post=493500"},{"taxonomy":"post_tag","embeddable":true,"href":"https:\/\/diariodominicano.com\/index.php?rest_route=%2Fwp%2Fv2%2Ftags&post=493500"}],"curies":[{"name":"wp","href":"https:\/\/api.w.org\/{rel}","templated":true}]}}