{"id":493461,"date":"2023-12-03T21:45:09","date_gmt":"2023-12-04T01:45:09","guid":{"rendered":"https:\/\/diariodominicano.com\/?p=493461"},"modified":"2023-12-03T21:46:03","modified_gmt":"2023-12-04T01:46:03","slug":"leonel-fernandez-felicita-al-presidente-electo-del-card-trajano-vidal-potentini","status":"publish","type":"post","link":"https:\/\/diariodominicano.com\/?p=493461","title":{"rendered":"Leonel Fern\u00e1ndez felicita al presidente electo del CARD, Trajano Vidal Potentini"},"content":{"rendered":"\n<p>Santo Domingo, RD.- El presidente del partido Fuerza del Pueblo (FP), Leonel Fern\u00e1ndez, felicit\u00f3 el domingo  al presidente electo del Colegio  de Abogados de la Rep\u00fablica Dominicana, Trajano Vidal Potentini, por el triunfo obtenido en las elecciones de la entidad.<\/p>\n\n\n\n<p><\/p>\n\n\n\n<p><br>Fern\u00e1ndez respondi\u00f3 a periodistas, previo a encabezar un acto del Movimiento de Crecimiento de la Fuerza del Pueblo, donde dijo: \u201cel Colegio de Abogados acaba de celebrar sus elecciones, teniendo como resultado la clara elecci\u00f3n del jurista Trajano Vidal Potentini. En efecto, esta es la primera gran victoria de la \u00abAlianza Rescate RD\u201d.\u00a0<\/p>\n\n\n\n<p><br>\u201cLa alianza Rescate RD comienza a dar sus resultados positivos, el gran triunfo del prestante jurista Trajano Vidal Potentini. Este es el inicio de los triunfos que les esperan a las fuerzas de la oposici\u00f3n unidas\u201d, afirm\u00f3 Fern\u00e1ndez.<\/p>\n\n\n\n<p><br>De cara a las elecciones del Colegio de Abogados, las corrientes jur\u00eddicas de los partidos Fuerza del Pueblo y de la Liberaci\u00f3n Dominicana, (PLD), firmaron un acuerdo donde se apoyan de manera mutua.<\/p>\n\n\n\n<p><br>Resumen del acuerdo depositado ante la Comisi\u00f3n Nacional Electoral del CARD:<\/p>\n\n\n\n<p><br>POTENTINI Y DIEGO JOS\u00c9 GARC\u00cdA ACUERDAN ACUDIR EN ALIANZA<\/p>\n\n\n\n<p> A las elecciones fijadas para el d\u00eda 2 de diciembre del 2023, mediante la modalidad de alianza opositora de gobernanza compartida, que habilite la sumatoria de los votos obtenidos por ambos, y permita a quien obtenga la mayor cantidad de votos de manera particular, ocupar la presidencia y encabezar la gesti\u00f3n de gobierno al frente del Colegio de Abogados de la Rep\u00fablica Dominicana,(CARD), y distribuyendo los cargos restantes de la Junta Directiva Nacional y Junta Directiva de cada Seccional entre ambas planchas, de manera proporcional, en funci\u00f3n de la cantidad de votos aportados.<\/p>\n\n\n\n<p><br>P\u00e1rrafo: Dicha alianza implicar\u00e1: a) En caso de que las planchas de CONSENSO NACIONAL, inscrita en las casillas 1 y 6 de la Boleta, saque m\u00e1s votos que la segunda parte, se le sumar\u00e1n los votos obtenidos por la plancha de DIGNIDAD JUR\u00cdDICA, ubicada en las casillas 2 y 4; b) En caso de que las planchas de DIGNIDAD JUR\u00cdDICA, inscrita en la casilla 2 y 4 de la Boleta, saque m\u00e1s votos que la primera parte, se le sumar\u00e1n los votos obtenidos por la plancha de CONSENSO NACIONAL, ubicada en las casillas 1 y 6; c) Los cargos restantes de la Junta Directiva Nacional y Junta Directiva de cada Seccional, ser\u00e1n distribuidos de manera proporcional al porcentaje aportado por cada plancha, distribuidos en funci\u00f3n de su importancia.<\/p>\n\n\n\n<p><\/p>\n\n\n\n<p><br>*<\/p>\n\n\n\n<p>Secretar\u00eda de Comunicaciones Fuerza del Pueblo<\/p>\n","protected":false},"excerpt":{"rendered":"<p>Santo Domingo, RD.- El presidente del partido Fuerza del Pueblo (FP), Leonel Fern\u00e1ndez, felicit\u00f3 el domingo al presidente electo del Colegio de Abogados de la Rep\u00fablica Dominicana, Trajano Vidal Potentini, por el triunfo obtenido en las elecciones de la entidad. Fern\u00e1ndez respondi\u00f3 a periodistas, previo a encabezar un acto del Movimiento de Crecimiento de la [&hellip;]<\/p>\n","protected":false},"author":28,"featured_media":493465,"comment_status":"closed","ping_status":"","sticky":true,"template":"","format":"standard","meta":{"footnotes":""},"categories":[20,22,27],"tags":[],"class_list":["post-493461","post","type-post","status-publish","format-standard","has-post-thumbnail","hentry","category-dominicana-hoy","category-politica","category-portada"],"_links":{"self":[{"href":"https:\/\/diariodominicano.com\/index.php?rest_route=\/wp\/v2\/posts\/493461","targetHints":{"allow":["GET"]}}],"collection":[{"href":"https:\/\/diariodominicano.com\/index.php?rest_route=\/wp\/v2\/posts"}],"about":[{"href":"https:\/\/diariodominicano.com\/index.php?rest_route=\/wp\/v2\/types\/post"}],"author":[{"embeddable":true,"href":"https:\/\/diariodominicano.com\/index.php?rest_route=\/wp\/v2\/users\/28"}],"replies":[{"embeddable":true,"href":"https:\/\/diariodominicano.com\/index.php?rest_route=%2Fwp%2Fv2%2Fcomments&post=493461"}],"version-history":[{"count":3,"href":"https:\/\/diariodominicano.com\/index.php?rest_route=\/wp\/v2\/posts\/493461\/revisions"}],"predecessor-version":[{"id":493468,"href":"https:\/\/diariodominicano.com\/index.php?rest_route=\/wp\/v2\/posts\/493461\/revisions\/493468"}],"wp:featuredmedia":[{"embeddable":true,"href":"https:\/\/diariodominicano.com\/index.php?rest_route=\/wp\/v2\/media\/493465"}],"wp:attachment":[{"href":"https:\/\/diariodominicano.com\/index.php?rest_route=%2Fwp%2Fv2%2Fmedia&parent=493461"}],"wp:term":[{"taxonomy":"category","embeddable":true,"href":"https:\/\/diariodominicano.com\/index.php?rest_route=%2Fwp%2Fv2%2Fcategories&post=493461"},{"taxonomy":"post_tag","embeddable":true,"href":"https:\/\/diariodominicano.com\/index.php?rest_route=%2Fwp%2Fv2%2Ftags&post=493461"}],"curies":[{"name":"wp","href":"https:\/\/api.w.org\/{rel}","templated":true}]}}