{"id":493340,"date":"2023-12-03T00:31:01","date_gmt":"2023-12-03T04:31:01","guid":{"rendered":"https:\/\/diariodominicano.com\/?p=493340"},"modified":"2023-12-03T00:33:42","modified_gmt":"2023-12-03T04:33:42","slug":"julio-romero-afirma-fuerza-del-pueblo-inicia-marcha-para-ganar-en-febrero-y-mayo-de-2024","status":"publish","type":"post","link":"https:\/\/diariodominicano.com\/?p=493340","title":{"rendered":"Julio Romero afirma Fuerza del Pueblo inicia marcha para ganar en febrero y mayo de 2024"},"content":{"rendered":"\n<p><strong>Escoge a la veterana dirigente pol\u00edtica y comunitaria Norma Molina como su compa\u00f1era de boleta.<\/strong><\/p>\n\n\n\n<figure class=\"wp-block-image size-large\"><img loading=\"lazy\" decoding=\"async\" width=\"1024\" height=\"576\" src=\"https:\/\/diariodominicano.com\/wp-content\/uploads\/2023\/12\/Julio-Romero-habla-2-12-2023-1024x576.jpg\" alt=\"\" class=\"wp-image-493342\" srcset=\"https:\/\/diariodominicano.com\/wp-content\/uploads\/2023\/12\/Julio-Romero-habla-2-12-2023-1024x576.jpg 1024w, https:\/\/diariodominicano.com\/wp-content\/uploads\/2023\/12\/Julio-Romero-habla-2-12-2023-300x169.jpg 300w, https:\/\/diariodominicano.com\/wp-content\/uploads\/2023\/12\/Julio-Romero-habla-2-12-2023-768x432.jpg 768w, https:\/\/diariodominicano.com\/wp-content\/uploads\/2023\/12\/Julio-Romero-habla-2-12-2023-1536x864.jpg 1536w, https:\/\/diariodominicano.com\/wp-content\/uploads\/2023\/12\/Julio-Romero-habla-2-12-2023-816x459.jpg 816w, https:\/\/diariodominicano.com\/wp-content\/uploads\/2023\/12\/Julio-Romero-habla-2-12-2023.jpg 1600w\" sizes=\"auto, (max-width: 1024px) 100vw, 1024px\" \/><figcaption>Julio Romero habla en el acto con la presencia de  varios miembros de la Direcci\u00f3n Pol\u00edtica de Fuerza del Pueblo, en el acto celebrado para presentar ante las direcciones medias de las tres circunscripciones de Santo Domingo Este a los candidatos a cargos municipales y a diputados por Santo Domingo Este.. <\/figcaption><\/figure>\n\n\n\n<p><strong>Santo Domingo Este.-&nbsp;<\/strong>Julio Romero, candidato a la Alcald\u00eda de Santo Domingo Este por el Partido Fuerza del Pueblo y organizaciones aliadas, escogi\u00f3 a la ex precandidata a diputada por esa organizaci\u00f3n pol\u00edtica, Norma Molina, como su compa\u00f1era de boleta para las elecciones de febrero de 2024.&nbsp;<\/p>\n\n\n\n<p>De inmediato, el veterano dirigente pol\u00edtico, abogado y empresario, hizo saber a la ciudadan\u00eda que con su inscripci\u00f3n ante la Junta Municipal Electoral, como candidato a alcalde de Santo Domingo Este, teniendo como compa\u00f1era de boleta a Norma Molina, y en compa\u00f1\u00eda de excelentes candidatos y candidatas a regidores, el Partido Fuerza del Pueblo inicia su marcha triunfal hasta lograr dos victorias contundentes en febrero y mayo de 2024, \u201cpara desalojar del poder a los actuales inquilinos, que han hundido a este pa\u00eds en la miseria y el abandono\u201d.<\/p>\n\n\n\n<p>Romero habl\u00f3 en una asamblea encabezada por varios miembros de la Direcci\u00f3n Pol\u00edtica de Fuerza del Pueblo, acto celebrado para presentar ante las direcciones medias de las tres circunscripciones de Santo Domingo Este a los candidatos a cargos municipales y a diputados por este municipio.<\/p>\n\n\n\n<p>Fue en ese lugar donde Julio Romero sorprendi\u00f3 a los presentes, incluyendo algunos integrantes de su equipo pol\u00edtico, se\u00f1alando la puerta de entrada al sal\u00f3n donde se estaba celebrando la asamblea, para informar que en ese momento \u201cnuestra compa\u00f1era de boleta entra a este escenario\u201d.<\/p>\n\n\n\n<p>Cuando los presentes fijaron su mirada hac\u00eda la puerta, Romero tom\u00f3 la mano izquierda de la veterana dirigente pol\u00edtica, de arraigo bochista, Norma Molina, quien estaba sentada a su izquierda, levant\u00f3 su brazo y exclam\u00f3: He aqu\u00ed, nuestra compa\u00f1era de boleta\u201d.&nbsp;<\/p>\n\n\n\n<p>Norma Molina qued\u00f3, brevemente paralizada, y detr\u00e1s de esa presentaci\u00f3n lleg\u00f3 una lluvia de aplausos y felicitaciones.<\/p>\n\n\n\n<figure class=\"wp-block-image size-full\"><img loading=\"lazy\" decoding=\"async\" width=\"640\" height=\"360\" src=\"https:\/\/diariodominicano.com\/wp-content\/uploads\/2023\/12\/Julio-Romero-y-Norma-Molina.jpg\" alt=\"\" class=\"wp-image-493344\" srcset=\"https:\/\/diariodominicano.com\/wp-content\/uploads\/2023\/12\/Julio-Romero-y-Norma-Molina.jpg 640w, https:\/\/diariodominicano.com\/wp-content\/uploads\/2023\/12\/Julio-Romero-y-Norma-Molina-300x169.jpg 300w\" sizes=\"auto, (max-width: 640px) 100vw, 640px\" \/><\/figure>\n\n\n\n<p>Esta excelente y respetada dama, dirigente de la Circunspecci\u00f3n N\u00famero 1, de la Fuerza del Pueblo, conocida por sus labores pol\u00edticas, sociales y comunitarias, de inmediato, dijo: \u00a1S\u00ed, acepto!, teniendo como testigos de ese matrimonio pol\u00edticos a decenas de dirigentes pol\u00edticos del municipio de Santo Domingo Este, incluyendo candidatos y candidatas a regidores y diputados.<\/p>\n\n\n\n<p>\u201cPara nosotros es un gran orgullo encabezar la boleta electoral del partido presidido por el m\u00e1s grande l\u00edder pol\u00edtico de nuestros tiempos, el doctor Leonel Fern\u00e1ndez\u201d, dijo Julio Romero.<\/p>\n\n\n\n<p>Y a seguidas proclam\u00f3: \u201cD\u00e9jenme decirles, desde el momento mismo que entr\u00e9 al Partido Fuerza del Pueblo, yo soy m\u00e1s leonelista que Leonel Fern\u00e1ndez\u201d.<\/p>\n\n\n\n<p>Julio Romero fue inscrito por la Fuerza del Pueblo y otras organizaciones pol\u00edticas como candidato a alcalde por Santo Domingo Este, y escogencia de Norma Molina la hizo en complicidad con su esposo, familiares y dirigentes del equipo pol\u00edtico de la veterana dirigente.<\/p>\n\n\n\n<p>El ex diputado y veterano dirigente pol\u00edtico asegur\u00f3 que, entre los partidos que lo respaldan y conforman la coalici\u00f3n con la Fuerza del Pueblo, figuran el Quisqueyano Dem\u00f3crata Cristiano (PQDC), el Bloque Institucional Socialdem\u00f3crata (BIS) y el Democr\u00e1tico Institucional (PDI).<\/p>\n\n\n\n<p>Adem\u00e1s, el Movimiento Rebelde de Juan Hubieres y las organizaciones que pertenecen a Juntos Podemos.<\/p>\n\n\n\n<p><strong>Marcha-caravana este s\u00e1bado<\/strong><\/p>\n\n\n\n<p>Julio Romero inform\u00f3 que, para iniciar la ruta hacia el triunfo, este s\u00e1bado encabezar\u00e1 una marcha-caravana por los sectores que componen la zona oeste del municipio, la cual iniciar\u00e1 a las 3:30 de la tarde, en la carretera Mella, justo en la entrada de Villa Liberaci\u00f3n.<\/p>\n\n\n\n<p>Detall\u00f3 que la \u201cMarcha de la victoria\u201d recorrer\u00e1 los sectores Villa Liberaci\u00f3n, El Tamarindo, El Perla y Villa Tropicalia, entre otros lugares.<\/p>\n\n\n\n<p><strong>&nbsp;La asamblea y los presentes<\/strong><\/p>\n\n\n\n<p>Nathanael Concepci\u00f3n, miembros de la Direcci\u00f3n Pol\u00edtica de Fuerza del Pueblo, fue el dirigente que encabez\u00f3 la asamblea celebrada en la sede de la Circunscripci\u00f3n n\u00famero Uno, y en la misma invit\u00f3 a los candidatos escogidos a procurar y hacer posible la integraci\u00f3n de aquellos aspirantes que no lograron sus prop\u00f3sitos.<\/p>\n\n\n\n<p>Adem\u00e1s de Julio Romero, Norma Molina y Nathanael Concepci\u00f3n, supervisor general de Fuerza del Pueblo en Santo Domingo Este, en esta jornada de trabajo estaban presentes los presidentes de las tres circunscripciones: Luis Hern\u00e1ndez, Alexandra Pe\u00f1a y Adalgisa Pujols.<\/p>\n\n\n\n<p>Adem\u00e1s, de dirigentes de diversos niveles del partido liderado por el expresidente Leonel Fern\u00e1ndez, de quien se anunci\u00f3 que el domingo encabezar\u00e1 una marcha-caravana en este municipio.<\/p>\n\n\n\n<p>Nathanael Concepci\u00f3n, por su parte, destac\u00f3 que la boleta a la Alcald\u00eda de la FP y aliados\u00a0en el municipio Santo Domingo Este, es pesada, pues es una mezcla de dos grandes e hist\u00f3ricos l\u00edderes dominicanos, Juan Bosch (refiri\u00e9ndose a Noma Molina) y Julio Romero, (refiri\u00e9ndose\u00a0a Jos\u00e9 Francisco\u00a0Pe\u00f1a G\u00f3mez).<\/p>\n\n\n\n<p>vianelo perdomo<a rel=\"noreferrer noopener\" target=\"_blank\" href=\"mailto:vianeloperdomo1409@hotmail.com\">vianeloperdomo1409@hotmail.com<\/a><\/p>\n\n\n\n<p><strong>Direcci\u00f3n de Comunicaciones, Relaciones P\u00fablicas y Prensa,<\/strong><\/p>\n\n\n\n<p><strong>Proyecto Pol\u00edtico Julio Romero Alcalde SDE 2024-2028,<\/strong><\/p>\n\n\n\n<p><strong>Partido Fuerza del Pueblo.<\/strong>&#8230;<\/p>\n","protected":false},"excerpt":{"rendered":"<p>Escoge a la veterana dirigente pol\u00edtica y comunitaria Norma Molina como su compa\u00f1era de boleta. Santo Domingo Este.-&nbsp;Julio Romero, candidato a la Alcald\u00eda de Santo Domingo Este por el Partido Fuerza del Pueblo y organizaciones aliadas, escogi\u00f3 a la ex precandidata a diputada por esa organizaci\u00f3n pol\u00edtica, Norma Molina, como su compa\u00f1era de boleta para [&hellip;]<\/p>\n","protected":false},"author":28,"featured_media":493341,"comment_status":"closed","ping_status":"","sticky":true,"template":"","format":"standard","meta":{"footnotes":""},"categories":[22,27],"tags":[],"class_list":["post-493340","post","type-post","status-publish","format-standard","has-post-thumbnail","hentry","category-politica","category-portada"],"_links":{"self":[{"href":"https:\/\/diariodominicano.com\/index.php?rest_route=\/wp\/v2\/posts\/493340","targetHints":{"allow":["GET"]}}],"collection":[{"href":"https:\/\/diariodominicano.com\/index.php?rest_route=\/wp\/v2\/posts"}],"about":[{"href":"https:\/\/diariodominicano.com\/index.php?rest_route=\/wp\/v2\/types\/post"}],"author":[{"embeddable":true,"href":"https:\/\/diariodominicano.com\/index.php?rest_route=\/wp\/v2\/users\/28"}],"replies":[{"embeddable":true,"href":"https:\/\/diariodominicano.com\/index.php?rest_route=%2Fwp%2Fv2%2Fcomments&post=493340"}],"version-history":[{"count":3,"href":"https:\/\/diariodominicano.com\/index.php?rest_route=\/wp\/v2\/posts\/493340\/revisions"}],"predecessor-version":[{"id":493346,"href":"https:\/\/diariodominicano.com\/index.php?rest_route=\/wp\/v2\/posts\/493340\/revisions\/493346"}],"wp:featuredmedia":[{"embeddable":true,"href":"https:\/\/diariodominicano.com\/index.php?rest_route=\/wp\/v2\/media\/493341"}],"wp:attachment":[{"href":"https:\/\/diariodominicano.com\/index.php?rest_route=%2Fwp%2Fv2%2Fmedia&parent=493340"}],"wp:term":[{"taxonomy":"category","embeddable":true,"href":"https:\/\/diariodominicano.com\/index.php?rest_route=%2Fwp%2Fv2%2Fcategories&post=493340"},{"taxonomy":"post_tag","embeddable":true,"href":"https:\/\/diariodominicano.com\/index.php?rest_route=%2Fwp%2Fv2%2Ftags&post=493340"}],"curies":[{"name":"wp","href":"https:\/\/api.w.org\/{rel}","templated":true}]}}