{"id":493336,"date":"2023-12-03T00:16:19","date_gmt":"2023-12-03T04:16:19","guid":{"rendered":"https:\/\/diariodominicano.com\/?p=493336"},"modified":"2023-12-03T00:16:37","modified_gmt":"2023-12-03T04:16:37","slug":"junior-santos-presenta-a-felicia-de-los-santos-como-candidata-a-la-vice-alcaldia-de-los-alcarrizos","status":"publish","type":"post","link":"https:\/\/diariodominicano.com\/?p=493336","title":{"rendered":"J\u00fanior Santos presenta a Felicia de Los Santos, como candidata a la vice alcald\u00eda de Los Alcarrizos"},"content":{"rendered":"\n<p> Dirigentes del Partido Revolucionario Moderno (PRM), en la reuni\u00f3n encabezada por el aspirante a alcalde, J\u00fanior Santos, durante la proclamaci\u00f3n de la doctora Felicia De los Santos,  candidata a vice alcaldesa por el municipio de Los Alcarrizos. <\/p>\n\n\n\n<p>LOS ALCARRIZOS.&nbsp; El aspirante a la alcald\u00eda por este municipio, J\u00fanior Santos, present\u00f3 a la doctora Felicia De los Santos como su acompa\u00f1ante de boleta, para el cuatrienio 2024\/2028.<\/p>\n\n\n\n<p>Santos quien figura en la boleta del Partido Revolucionario Moderno y aliados, afirm\u00f3 que con la doctora De Los Santos \u201chemos logrado formar un binomio imbatible que manda se\u00f1ales claras sobre la unidad y el compromiso de todos los perremeistas de cara a las elecciones municipales de febrero\u201d.<\/p>\n\n\n\n<p>El anuncio se hizo en una reuni\u00f3n de trabajo electoral realizada en la casa de la Mar\u00eda Elena V\u00e1squez, donde estuvieron presentes coordinadores de las zonas A, I, T y U, junto a S\u00f3crates D\u00edaz, quien es el coordinador electoral de Santo Domingo, quien ofreci\u00f3 orientaciones sobre el proceso que tendr\u00e1 lugar en febrero.<\/p>\n\n\n\n<p>Adem\u00e1s, asistieron al encuentro miembros de la alta dirigencia municipal del PRM de Los Alcarrizos encabezada por Eliezer Rodr\u00edguez, Vladimir Ledesma, Alberto Caraballo, Amaurys Quezada, Joan Castro e Ignacio S\u00e1nchez.<\/p>\n\n\n\n<p>Tambi\u00e9n los candidatos a diputados, Yasiris S\u00e1nchez y Rafael Adon Duarte y a regidores Anilda Quezada, Letty Rosario, Joan \u00c1ngeles, Danilsa Beard, Rodolfo D\u00edaz y Rosanny Familia.<\/p>\n\n\n\n<p>De acuerdo al ex alcalde J\u00fanior Santos y aspirante a dirigir nuevamente la instituci\u00f3n edilicia, la escogencia de la destacada profesional y dirigente De Los Santos, garantiza un rotundo triunfo en las elecciones municipales de febrero, lo que tambi\u00e9n repercutir\u00e1 en el escrutinio presidencial, a favor del presidente Luis Abinader Corona.<\/p>\n\n\n\n<p>Santos afirm\u00f3 que, con su retorno a la alcald\u00eda del municipio, busca el rescate urbano, el embellecimiento de los espacios p\u00fablicos y hacer m\u00e1s efectivo la limpieza en todos los sectores, adem\u00e1s de incrementar las actividades deportivas y culturales, para ni\u00f1os, adolescentes y personas de la tercera edad.<\/p>\n\n\n\n<p>aquilino rosario baez<a target=\"_blank\" href=\"mailto:aquilinorosariobaez@gmail.com\" rel=\"noreferrer noopener\">aquilinorosariobaez@gmail.com<\/a><\/p>\n","protected":false},"excerpt":{"rendered":"<p>Dirigentes del Partido Revolucionario Moderno (PRM), en la reuni\u00f3n encabezada por el aspirante a alcalde, J\u00fanior Santos, durante la proclamaci\u00f3n de la doctora Felicia De los Santos, candidata a vice alcaldesa por el municipio de Los Alcarrizos. LOS ALCARRIZOS.&nbsp; El aspirante a la alcald\u00eda por este municipio, J\u00fanior Santos, present\u00f3 a la doctora Felicia De [&hellip;]<\/p>\n","protected":false},"author":28,"featured_media":493337,"comment_status":"closed","ping_status":"","sticky":true,"template":"","format":"standard","meta":{"footnotes":""},"categories":[22,27],"tags":[],"class_list":["post-493336","post","type-post","status-publish","format-standard","has-post-thumbnail","hentry","category-politica","category-portada"],"_links":{"self":[{"href":"https:\/\/diariodominicano.com\/index.php?rest_route=\/wp\/v2\/posts\/493336","targetHints":{"allow":["GET"]}}],"collection":[{"href":"https:\/\/diariodominicano.com\/index.php?rest_route=\/wp\/v2\/posts"}],"about":[{"href":"https:\/\/diariodominicano.com\/index.php?rest_route=\/wp\/v2\/types\/post"}],"author":[{"embeddable":true,"href":"https:\/\/diariodominicano.com\/index.php?rest_route=\/wp\/v2\/users\/28"}],"replies":[{"embeddable":true,"href":"https:\/\/diariodominicano.com\/index.php?rest_route=%2Fwp%2Fv2%2Fcomments&post=493336"}],"version-history":[{"count":2,"href":"https:\/\/diariodominicano.com\/index.php?rest_route=\/wp\/v2\/posts\/493336\/revisions"}],"predecessor-version":[{"id":493339,"href":"https:\/\/diariodominicano.com\/index.php?rest_route=\/wp\/v2\/posts\/493336\/revisions\/493339"}],"wp:featuredmedia":[{"embeddable":true,"href":"https:\/\/diariodominicano.com\/index.php?rest_route=\/wp\/v2\/media\/493337"}],"wp:attachment":[{"href":"https:\/\/diariodominicano.com\/index.php?rest_route=%2Fwp%2Fv2%2Fmedia&parent=493336"}],"wp:term":[{"taxonomy":"category","embeddable":true,"href":"https:\/\/diariodominicano.com\/index.php?rest_route=%2Fwp%2Fv2%2Fcategories&post=493336"},{"taxonomy":"post_tag","embeddable":true,"href":"https:\/\/diariodominicano.com\/index.php?rest_route=%2Fwp%2Fv2%2Ftags&post=493336"}],"curies":[{"name":"wp","href":"https:\/\/api.w.org\/{rel}","templated":true}]}}