{"id":493333,"date":"2023-12-03T00:11:28","date_gmt":"2023-12-03T04:11:28","guid":{"rendered":"https:\/\/diariodominicano.com\/?p=493333"},"modified":"2023-12-03T00:11:28","modified_gmt":"2023-12-03T04:11:28","slug":"fp-y-alianza-rescate-rd-inscriben-a-yonina-barriola-para-alcaldia-higuey","status":"publish","type":"post","link":"https:\/\/diariodominicano.com\/?p=493333","title":{"rendered":"FP y Alianza Rescate RD inscriben a Yonina Barriola para Alcald\u00eda Hig\u00fcey"},"content":{"rendered":"\n<p>&nbsp;El Partido Fuerza del Pueblo, el PLD, el PRD y otras entidades que apoyan la alianza Rescate RD, inscribieron la candidatura a alcaldesa de Yonina Barriola en el municipio de Hig\u00fcey, La Altagracia.<\/p>\n\n\n\n<p>&nbsp;Durante un recorrido en el que se sumaron decenas de ciudadanos de forma espont\u00e1nea, Yonina Barriola se dirigi\u00f3 a la Junta Electoral de esa ciudad, junto a los distintos candidatos a regidores y el secretario general del Comit\u00e9 Provincial de la Fuerza del Pueblo, Manuel Nolasco, quien destac\u00f3 que la inscripci\u00f3n se hizo de acuerdo a la ley y los propios estatutos del partido verde.&nbsp;<br>&nbsp;Nolasco destac\u00f3 que de acuerdo a una encuesta ordenada por sectores econ\u00f3micos y cristianos de la provincia, el posicionamiento de Barriola para ganar la alcald\u00eda de Hig\u00fcey es impactante y una determinaci\u00f3n de que a partir de febrero pr\u00f3ximo, ser\u00e1 la pr\u00f3xima alcaldesa.&nbsp;<br>&nbsp;Por su lado, la candidata a alcalde por Hig\u00fcey, Yonina Barriola ponder\u00f3 el entusiasmo que se siente en esta comunidad por sus propuestas de campa\u00f1a, con miras a las elecciones municipales de febrero pr\u00f3ximo.&nbsp;<br>Yonina manifest\u00f3 que el respaldo de la gente la compromete, no s\u00f3lo a ganar la contienda electoral, sino a realizar una gesti\u00f3n eficiente, transparente, que atienda las necesidades de los hig\u00fceyanos.&nbsp;<\/p>\n\n\n\n<p>&nbsp;\u201cEl pueblo de Hig\u00fcey puede estar seguro que no le vamos a fallar, que tendr\u00e1n una gerente al frente del cabildo, que trabajaremos d\u00eda a d\u00eda para convertir esta ciudad en un ejemplo de limpieza, calidad en los servicios e integraci\u00f3n de las juntas de vecinos, clubes, iglesias, y otras entidades sociales a las labores comunitarias\u201d, resalt\u00f3 Barriola frente a las decenas de personas que le siguieron por las calles y avenidas de esta ciudad.&nbsp;<\/p>\n\n\n\n<p>\u00a0Por su parte Miguel Elias, encargado electoral del partido Fuerza del Pueblo, indic\u00f3 que todos los requerimientos para el proceso de inscripci\u00f3n de las candidaturas municipales fueron cumplidos a cabalidad.<\/p>\n\n\n\n<p>Secretaria Com<a target=\"_blank\" href=\"mailto:asist.tesec@gmail.com\" rel=\"noreferrer noopener\">asist.tesec@gmail.com<\/a><\/p>\n","protected":false},"excerpt":{"rendered":"<p>&nbsp;El Partido Fuerza del Pueblo, el PLD, el PRD y otras entidades que apoyan la alianza Rescate RD, inscribieron la candidatura a alcaldesa de Yonina Barriola en el municipio de Hig\u00fcey, La Altagracia. &nbsp;Durante un recorrido en el que se sumaron decenas de ciudadanos de forma espont\u00e1nea, Yonina Barriola se dirigi\u00f3 a la Junta Electoral [&hellip;]<\/p>\n","protected":false},"author":28,"featured_media":493334,"comment_status":"closed","ping_status":"","sticky":true,"template":"","format":"standard","meta":{"footnotes":""},"categories":[22,27],"tags":[],"class_list":["post-493333","post","type-post","status-publish","format-standard","has-post-thumbnail","hentry","category-politica","category-portada"],"_links":{"self":[{"href":"https:\/\/diariodominicano.com\/index.php?rest_route=\/wp\/v2\/posts\/493333","targetHints":{"allow":["GET"]}}],"collection":[{"href":"https:\/\/diariodominicano.com\/index.php?rest_route=\/wp\/v2\/posts"}],"about":[{"href":"https:\/\/diariodominicano.com\/index.php?rest_route=\/wp\/v2\/types\/post"}],"author":[{"embeddable":true,"href":"https:\/\/diariodominicano.com\/index.php?rest_route=\/wp\/v2\/users\/28"}],"replies":[{"embeddable":true,"href":"https:\/\/diariodominicano.com\/index.php?rest_route=%2Fwp%2Fv2%2Fcomments&post=493333"}],"version-history":[{"count":1,"href":"https:\/\/diariodominicano.com\/index.php?rest_route=\/wp\/v2\/posts\/493333\/revisions"}],"predecessor-version":[{"id":493335,"href":"https:\/\/diariodominicano.com\/index.php?rest_route=\/wp\/v2\/posts\/493333\/revisions\/493335"}],"wp:featuredmedia":[{"embeddable":true,"href":"https:\/\/diariodominicano.com\/index.php?rest_route=\/wp\/v2\/media\/493334"}],"wp:attachment":[{"href":"https:\/\/diariodominicano.com\/index.php?rest_route=%2Fwp%2Fv2%2Fmedia&parent=493333"}],"wp:term":[{"taxonomy":"category","embeddable":true,"href":"https:\/\/diariodominicano.com\/index.php?rest_route=%2Fwp%2Fv2%2Fcategories&post=493333"},{"taxonomy":"post_tag","embeddable":true,"href":"https:\/\/diariodominicano.com\/index.php?rest_route=%2Fwp%2Fv2%2Ftags&post=493333"}],"curies":[{"name":"wp","href":"https:\/\/api.w.org\/{rel}","templated":true}]}}