{"id":493302,"date":"2023-12-02T22:00:23","date_gmt":"2023-12-03T02:00:23","guid":{"rendered":"https:\/\/diariodominicano.com\/?p=493302"},"modified":"2023-12-02T22:02:12","modified_gmt":"2023-12-03T02:02:12","slug":"2023-ultimas-navidades-del-prm-y-luis-abinader-en-el-gobierno-pld","status":"publish","type":"post","link":"https:\/\/diariodominicano.com\/?p=493302","title":{"rendered":"2023, \u00faltimas navidades del PRM y Luis Abinader en el Gobierno: PLD"},"content":{"rendered":"\n<p><em>El trabajo de miembros y dirigentes del PLD en 50 a\u00f1os de existencia ha iluminado el camino de progreso y esperanza del Pueblo Dominicana, destaca Charles Mariotti<\/em><\/p>\n\n\n\n<figure class=\"wp-block-image size-large\"><img loading=\"lazy\" decoding=\"async\" width=\"1024\" height=\"682\" src=\"https:\/\/diariodominicano.com\/wp-content\/uploads\/2023\/12\/NAVIDAD-5-1024x682.jpg\" alt=\"\" class=\"wp-image-493304\" srcset=\"https:\/\/diariodominicano.com\/wp-content\/uploads\/2023\/12\/NAVIDAD-5-1024x682.jpg 1024w, https:\/\/diariodominicano.com\/wp-content\/uploads\/2023\/12\/NAVIDAD-5-300x200.jpg 300w, https:\/\/diariodominicano.com\/wp-content\/uploads\/2023\/12\/NAVIDAD-5-768x512.jpg 768w, https:\/\/diariodominicano.com\/wp-content\/uploads\/2023\/12\/NAVIDAD-5-1536x1024.jpg 1536w, https:\/\/diariodominicano.com\/wp-content\/uploads\/2023\/12\/NAVIDAD-5-2048x1365.jpg 2048w, https:\/\/diariodominicano.com\/wp-content\/uploads\/2023\/12\/NAVIDAD-5-816x544.jpg 816w\" sizes=\"auto, (max-width: 1024px) 100vw, 1024px\" \/><\/figure>\n\n\n\n<p>Charles Mariotti, secretario general del Partido de la Liberaci\u00f3n Dominicana al dar apertura a la temporada de las navidades y a los actos del 50 aniversario de la fundaci\u00f3n del PLD, resalt\u00f3 la dedicaci\u00f3n y aportes de sus miembros y militantes, iluminando un camino de progreso y esperanza en el pueblo dominicano.<\/p>\n\n\n\n<p>\u201cVeamos lo que se ha iluminado hacia dentro de nuestra organizaci\u00f3n. Que estas luces iluminen la ruta hacia la supervivencia del PLD y procurar 50 a\u00f1os m\u00e1s\u201d, dijo Mariotti invitando a miembros y dirigentes a esforzarse cada d\u00eda para la conquista de esta meta. \u201cSi no hay caminos, hagamos el camino\u201d,&nbsp; agreg\u00f3.<\/p>\n\n\n\n<p>Mariotti emiti\u00f3 sus palabras previo a oprimir el interruptor con el que qued\u00f3 encendida&nbsp; la sede nacional del Partido de la Liberaci\u00f3n Dominicana, con luces multicolores.<\/p>\n\n\n\n<figure class=\"wp-block-image size-large\"><img loading=\"lazy\" decoding=\"async\" width=\"1024\" height=\"682\" src=\"https:\/\/diariodominicano.com\/wp-content\/uploads\/2023\/12\/NAVIDAD-4-1024x682.jpg\" alt=\"\" class=\"wp-image-493307\" srcset=\"https:\/\/diariodominicano.com\/wp-content\/uploads\/2023\/12\/NAVIDAD-4-1024x682.jpg 1024w, https:\/\/diariodominicano.com\/wp-content\/uploads\/2023\/12\/NAVIDAD-4-300x200.jpg 300w, https:\/\/diariodominicano.com\/wp-content\/uploads\/2023\/12\/NAVIDAD-4-768x512.jpg 768w, https:\/\/diariodominicano.com\/wp-content\/uploads\/2023\/12\/NAVIDAD-4-1536x1024.jpg 1536w, https:\/\/diariodominicano.com\/wp-content\/uploads\/2023\/12\/NAVIDAD-4-2048x1365.jpg 2048w, https:\/\/diariodominicano.com\/wp-content\/uploads\/2023\/12\/NAVIDAD-4-816x544.jpg 816w\" sizes=\"auto, (max-width: 1024px) 100vw, 1024px\" \/><\/figure>\n\n\n\n<p>Columnas, balcones, arbustos se adornaron con las luminarias&nbsp; navide\u00f1as, cumpliendo con una tradici\u00f3n de a\u00f1os en el PLD, presentando una propuesta hermosa, que goza de la admiraci\u00f3n de los transe\u00fantes, automovilistas y los vecinos de Gascue.<\/p>\n\n\n\n<figure class=\"wp-block-image size-large\"><img loading=\"lazy\" decoding=\"async\" width=\"1024\" height=\"682\" src=\"https:\/\/diariodominicano.com\/wp-content\/uploads\/2023\/12\/NAVIDAD-2-1024x682.jpg\" alt=\"\" class=\"wp-image-493309\" srcset=\"https:\/\/diariodominicano.com\/wp-content\/uploads\/2023\/12\/NAVIDAD-2-1024x682.jpg 1024w, https:\/\/diariodominicano.com\/wp-content\/uploads\/2023\/12\/NAVIDAD-2-300x200.jpg 300w, https:\/\/diariodominicano.com\/wp-content\/uploads\/2023\/12\/NAVIDAD-2-768x512.jpg 768w, https:\/\/diariodominicano.com\/wp-content\/uploads\/2023\/12\/NAVIDAD-2-1536x1024.jpg 1536w, https:\/\/diariodominicano.com\/wp-content\/uploads\/2023\/12\/NAVIDAD-2-2048x1365.jpg 2048w, https:\/\/diariodominicano.com\/wp-content\/uploads\/2023\/12\/NAVIDAD-2-816x544.jpg 816w\" sizes=\"auto, (max-width: 1024px) 100vw, 1024px\" \/><\/figure>\n\n\n\n<p>\u201cQue el PLD sobreviva por siempre en nuestros corazones y nuestras almas y avancemos hacia la celebraci\u00f3n del centenario del Partido de las mayores y realizaciones y logros en la historia dominicana\u201d, expuso el Secretario General del PLD, preparando a los asistentes&nbsp;&nbsp;en la actividad al inicio de la noche del viernes 1ro de diciembre para contemplar la imponente decoraci\u00f3n navide\u00f1a de la Casa Nacional Reinaldo Pared P\u00e9rez.<\/p>\n\n\n\n<p>Tras afirmar que las actuales son las \u00faltimas navidades del PRM en el Gobierno y del Presidente Luis Abinader en el poder, Charles Mariotti apunt\u00f3 que de lo contrario, \u201cQue Dios acoja confesada a la Rep\u00fablica Dominicana, porque lo que vendr\u00eda no es la obra de bien y progreso que hizo el PLD por el pa\u00eds&nbsp;&nbsp;&nbsp;en veinte a\u00f1os\u201d.&nbsp;&nbsp;<\/p>\n\n\n\n<p>Conmin\u00f3 al pueblo a que , aprovechando los venidero comicios, salir de los actuales gobernantes:&nbsp;&nbsp;\u201c Salgamos de Luis Abinader, pero salgamos, trabajando 24-7, sin lamentos y quejas\u201d, adujo.<\/p>\n\n\n\n<p>Los jardines y el patio de la Casa Nacional del PLD se llenaron con los asistentes al acto; los&nbsp;&nbsp;servidores de la sede nacional pelede\u00edsta, sus familiares y los vecinos cercanos en Gascue, quienes disfrutaron del aguinaldo preparado amenizado por la \u201cSanta Band\u201d, un original grupo que entona las canciones y ritmos de la \u00e9poca con la vestimenta de Santa Claus<\/p>\n\n\n\n<p>En el patio de la casa nacional se bailaron los merengues de la navidad conjuntamente con el grupo que ameniz\u00f3 la noche.<\/p>\n\n\n\n<p>La decoraci\u00f3n y dise\u00f1o de la Casa Nacional y sus jardines fue hecha por el propio personal de la sede, quienes utilizaron elementos propios de la temporada como luces multicolores, flores de pascuas, bolas, guirnaldas y estrellas.<\/p>\n\n\n\n<p>Se decoraron las columnas y puertas del complejo de oficinas y salones con arbolitos, adornos y los colores morado y amarillo del PLD y espacios preparados como escenograf\u00edas para fotograf\u00edas<\/p>\n\n\n\n<p>Al encender las luminarias en los jardines, los asistentes pasaron al patio disfrutando y bailando los merengues y ritmos de las navidades en Rep\u00fablica Dominicana.<\/p>\n\n\n\n<p><strong>SECRETARIA DE COMUNICACIONES<\/strong><\/p>\n\n\n\n<p><strong>2 DICIEMBRE 2023&nbsp;&nbsp;<\/strong><\/p>\n","protected":false},"excerpt":{"rendered":"<p>El trabajo de miembros y dirigentes del PLD en 50 a\u00f1os de existencia ha iluminado el camino de progreso y esperanza del Pueblo Dominicana, destaca Charles Mariotti Charles Mariotti, secretario general del Partido de la Liberaci\u00f3n Dominicana al dar apertura a la temporada de las navidades y a los actos del 50 aniversario de la [&hellip;]<\/p>\n","protected":false},"author":28,"featured_media":493303,"comment_status":"closed","ping_status":"","sticky":false,"template":"","format":"standard","meta":{"footnotes":""},"categories":[22],"tags":[],"class_list":["post-493302","post","type-post","status-publish","format-standard","has-post-thumbnail","hentry","category-politica"],"_links":{"self":[{"href":"https:\/\/diariodominicano.com\/index.php?rest_route=\/wp\/v2\/posts\/493302","targetHints":{"allow":["GET"]}}],"collection":[{"href":"https:\/\/diariodominicano.com\/index.php?rest_route=\/wp\/v2\/posts"}],"about":[{"href":"https:\/\/diariodominicano.com\/index.php?rest_route=\/wp\/v2\/types\/post"}],"author":[{"embeddable":true,"href":"https:\/\/diariodominicano.com\/index.php?rest_route=\/wp\/v2\/users\/28"}],"replies":[{"embeddable":true,"href":"https:\/\/diariodominicano.com\/index.php?rest_route=%2Fwp%2Fv2%2Fcomments&post=493302"}],"version-history":[{"count":4,"href":"https:\/\/diariodominicano.com\/index.php?rest_route=\/wp\/v2\/posts\/493302\/revisions"}],"predecessor-version":[{"id":493310,"href":"https:\/\/diariodominicano.com\/index.php?rest_route=\/wp\/v2\/posts\/493302\/revisions\/493310"}],"wp:featuredmedia":[{"embeddable":true,"href":"https:\/\/diariodominicano.com\/index.php?rest_route=\/wp\/v2\/media\/493303"}],"wp:attachment":[{"href":"https:\/\/diariodominicano.com\/index.php?rest_route=%2Fwp%2Fv2%2Fmedia&parent=493302"}],"wp:term":[{"taxonomy":"category","embeddable":true,"href":"https:\/\/diariodominicano.com\/index.php?rest_route=%2Fwp%2Fv2%2Fcategories&post=493302"},{"taxonomy":"post_tag","embeddable":true,"href":"https:\/\/diariodominicano.com\/index.php?rest_route=%2Fwp%2Fv2%2Ftags&post=493302"}],"curies":[{"name":"wp","href":"https:\/\/api.w.org\/{rel}","templated":true}]}}