{"id":493261,"date":"2023-12-02T20:41:19","date_gmt":"2023-12-03T00:41:19","guid":{"rendered":"https:\/\/diariodominicano.com\/?p=493261"},"modified":"2023-12-02T20:41:19","modified_gmt":"2023-12-03T00:41:19","slug":"ultraderecha-chilena-se-fracciona-antes-del-plebiscito","status":"publish","type":"post","link":"https:\/\/diariodominicano.com\/?p=493261","title":{"rendered":"Ultraderecha chilena se fracciona antes del plebiscito"},"content":{"rendered":"\n<p>Santiago de Chile, 2 dic (Prensa Latina) A 15 d\u00edas del plebiscito sobre el proyecto constitucional chileno, un grupo de militantes del extremista Partido Republicano anunci\u00f3 hoy su renuncia a esa organizaci\u00f3n para formar un nuevo movimiento.&nbsp;&nbsp;&nbsp;&nbsp;<\/p>\n\n\n\n<ul class=\"wp-block-list\"><li>diciembre 2, 2023<\/li><li>CST16:48 (GMT) -0500<\/li><\/ul>\n\n\n\n<p>Encabezados por el senador Rojo Edwards, 26 miembros de esa agrupaci\u00f3n pol\u00edtica dimitieron y expresaron su postura en contra del texto de carta magna que ser\u00e1 sometido a referendo el 17 de diciembre.<\/p>\n\n\n\n<p>La propuesta de ley fundamental fue elaborada por el Consejo Constitucional, donde los republicanos, apoyados por la derechista alianza Chile Vamos, aprovecharon la mayor\u00eda absoluta para imponer pol\u00e9micas enmiendas.<\/p>\n\n\n\n<p>La fracci\u00f3n dentro de la extrema derecha ocurre en momentos en que las encuestas auguran un eventual rechazo del proyecto en el plebiscito.<\/p>\n\n\n\n<p>El senador Edwards arremeti\u00f3 contra la plana mayor del Partido Republicano, que encabeza Jos\u00e9 Antonio Kast, y dijo que formar\u00e1 \u201cun movimiento de corte libertario, republicano y de defensa de la chilenidad\u201d.<\/p>\n\n\n\n<p>lam\/car<\/p>\n","protected":false},"excerpt":{"rendered":"<p>Santiago de Chile, 2 dic (Prensa Latina) A 15 d\u00edas del plebiscito sobre el proyecto constitucional chileno, un grupo de militantes del extremista Partido Republicano anunci\u00f3 hoy su renuncia a esa organizaci\u00f3n para formar un nuevo movimiento.&nbsp;&nbsp;&nbsp;&nbsp; diciembre 2, 2023 CST16:48 (GMT) -0500 Encabezados por el senador Rojo Edwards, 26 miembros de esa agrupaci\u00f3n pol\u00edtica [&hellip;]<\/p>\n","protected":false},"author":28,"featured_media":493262,"comment_status":"closed","ping_status":"","sticky":false,"template":"","format":"standard","meta":{"footnotes":""},"categories":[36,23,22],"tags":[],"class_list":["post-493261","post","type-post","status-publish","format-standard","has-post-thumbnail","hentry","category-hombresmujeresycosas","category-internacional","category-politica"],"_links":{"self":[{"href":"https:\/\/diariodominicano.com\/index.php?rest_route=\/wp\/v2\/posts\/493261","targetHints":{"allow":["GET"]}}],"collection":[{"href":"https:\/\/diariodominicano.com\/index.php?rest_route=\/wp\/v2\/posts"}],"about":[{"href":"https:\/\/diariodominicano.com\/index.php?rest_route=\/wp\/v2\/types\/post"}],"author":[{"embeddable":true,"href":"https:\/\/diariodominicano.com\/index.php?rest_route=\/wp\/v2\/users\/28"}],"replies":[{"embeddable":true,"href":"https:\/\/diariodominicano.com\/index.php?rest_route=%2Fwp%2Fv2%2Fcomments&post=493261"}],"version-history":[{"count":1,"href":"https:\/\/diariodominicano.com\/index.php?rest_route=\/wp\/v2\/posts\/493261\/revisions"}],"predecessor-version":[{"id":493263,"href":"https:\/\/diariodominicano.com\/index.php?rest_route=\/wp\/v2\/posts\/493261\/revisions\/493263"}],"wp:featuredmedia":[{"embeddable":true,"href":"https:\/\/diariodominicano.com\/index.php?rest_route=\/wp\/v2\/media\/493262"}],"wp:attachment":[{"href":"https:\/\/diariodominicano.com\/index.php?rest_route=%2Fwp%2Fv2%2Fmedia&parent=493261"}],"wp:term":[{"taxonomy":"category","embeddable":true,"href":"https:\/\/diariodominicano.com\/index.php?rest_route=%2Fwp%2Fv2%2Fcategories&post=493261"},{"taxonomy":"post_tag","embeddable":true,"href":"https:\/\/diariodominicano.com\/index.php?rest_route=%2Fwp%2Fv2%2Ftags&post=493261"}],"curies":[{"name":"wp","href":"https:\/\/api.w.org\/{rel}","templated":true}]}}