{"id":493231,"date":"2023-12-02T19:28:26","date_gmt":"2023-12-02T23:28:26","guid":{"rendered":"https:\/\/diariodominicano.com\/?p=493231"},"modified":"2023-12-02T19:28:56","modified_gmt":"2023-12-02T23:28:56","slug":"luis-hernandez-llama-acompanar-a-leonel-fernandez-este-domingo-en-marcha-caravana-santo-domingo-este","status":"publish","type":"post","link":"https:\/\/diariodominicano.com\/?p=493231","title":{"rendered":"Luis Hern\u00e1ndez llama acompa\u00f1ar a Leonel Fern\u00e1ndez este domingo en marcha caravana Santo Domingo Este"},"content":{"rendered":"\n<p>El presidente de la Circunscripci\u00f3n Uno de la Fuerza del Pueblo en Santo Domingo Este hizo un llamado a los miembros y simpatizantes de la organizaci\u00f3n acompa\u00f1ar al l\u00edder y presidente del partido, Leonel Fern\u00e1ndez durante la visita que har\u00e1 este domingo al municipio.<\/p>\n\n\n\n<p>Luis Hern\u00e1ndez inform\u00f3 que el&nbsp; presidente Fern\u00e1ndez encabezar\u00e1 una marcha caravana que se extender\u00e1 por varios sectores de la Circunscripci\u00f3n Dos de ese municipio de la provincia Santo Domingo.<\/p>\n\n\n\n<p>La visita del candidato presidencial de la FP a Santo Domingo Este&nbsp; es parte de una serie de actividades que encabezar\u00e1&nbsp; el fin de semana, y que abarcar\u00e1&nbsp; tambi\u00e9n a Santiago, San Pedro de Macor\u00eds y el Distrito Nacional.<\/p>\n\n\n\n<p>El domingo, despu\u00e9s de encabezar diversas actividades en el Distrito Nacional, que incluyen un largo recorrido por diferentes sectores. Fern\u00e1ndez se trasladar\u00e1 a Santo Domingo Este, para encabezar otra marcha-caravana.<\/p>\n\n\n\n<p>Partir\u00e1 desde de la entrada del sector Los 3 Brazos (frente Club de los Billeteros), y recorrer\u00e1 varios sectores de la Circunscripci\u00f3n Dos hasta llegar a la avenida San Vicente de Pa\u00fal esquina calle Trina de Moya, en Los Minas.<\/p>\n\n\n\n<p>El presidente de la Circunscripci\u00f3n Uno de la Fuerza del Pueblo en Santo Domingo Este dijo que los bloques, las direcciones medias del partido deben prepararse y movilizar a los miembros y simpatizantes para la marcha caravana que se espera sea multitudinaria.<\/p>\n\n\n\n<p>Luis Hern\u00e1ndez manifest\u00f3 que el punto de reuni\u00f3n es a las cuatro de la tarde, frente al Club de Los Billeteros, para desde ah\u00ed acompa\u00f1ar de manera militante y masiva al doctor Leonel Fern\u00e1ndez <\/p>\n\n\n\n<p>jvargas6481@gmail.com <\/p>\n","protected":false},"excerpt":{"rendered":"<p>El presidente de la Circunscripci\u00f3n Uno de la Fuerza del Pueblo en Santo Domingo Este hizo un llamado a los miembros y simpatizantes de la organizaci\u00f3n acompa\u00f1ar al l\u00edder y presidente del partido, Leonel Fern\u00e1ndez durante la visita que har\u00e1 este domingo al municipio. Luis Hern\u00e1ndez inform\u00f3 que el&nbsp; presidente Fern\u00e1ndez encabezar\u00e1 una marcha caravana [&hellip;]<\/p>\n","protected":false},"author":7,"featured_media":462864,"comment_status":"closed","ping_status":"","sticky":true,"template":"","format":"standard","meta":{"footnotes":""},"categories":[22,27],"tags":[],"class_list":["post-493231","post","type-post","status-publish","format-standard","has-post-thumbnail","hentry","category-politica","category-portada"],"_links":{"self":[{"href":"https:\/\/diariodominicano.com\/index.php?rest_route=\/wp\/v2\/posts\/493231","targetHints":{"allow":["GET"]}}],"collection":[{"href":"https:\/\/diariodominicano.com\/index.php?rest_route=\/wp\/v2\/posts"}],"about":[{"href":"https:\/\/diariodominicano.com\/index.php?rest_route=\/wp\/v2\/types\/post"}],"author":[{"embeddable":true,"href":"https:\/\/diariodominicano.com\/index.php?rest_route=\/wp\/v2\/users\/7"}],"replies":[{"embeddable":true,"href":"https:\/\/diariodominicano.com\/index.php?rest_route=%2Fwp%2Fv2%2Fcomments&post=493231"}],"version-history":[{"count":1,"href":"https:\/\/diariodominicano.com\/index.php?rest_route=\/wp\/v2\/posts\/493231\/revisions"}],"predecessor-version":[{"id":493255,"href":"https:\/\/diariodominicano.com\/index.php?rest_route=\/wp\/v2\/posts\/493231\/revisions\/493255"}],"wp:featuredmedia":[{"embeddable":true,"href":"https:\/\/diariodominicano.com\/index.php?rest_route=\/wp\/v2\/media\/462864"}],"wp:attachment":[{"href":"https:\/\/diariodominicano.com\/index.php?rest_route=%2Fwp%2Fv2%2Fmedia&parent=493231"}],"wp:term":[{"taxonomy":"category","embeddable":true,"href":"https:\/\/diariodominicano.com\/index.php?rest_route=%2Fwp%2Fv2%2Fcategories&post=493231"},{"taxonomy":"post_tag","embeddable":true,"href":"https:\/\/diariodominicano.com\/index.php?rest_route=%2Fwp%2Fv2%2Ftags&post=493231"}],"curies":[{"name":"wp","href":"https:\/\/api.w.org\/{rel}","templated":true}]}}