{"id":493175,"date":"2023-12-02T02:04:35","date_gmt":"2023-12-02T06:04:35","guid":{"rendered":"https:\/\/diariodominicano.com\/?p=493175"},"modified":"2023-12-02T02:05:59","modified_gmt":"2023-12-02T06:05:59","slug":"dia-mundial-contra-la-esclavitud-por-la-eliminacion-de-ese-flagelo","status":"publish","type":"post","link":"https:\/\/diariodominicano.com\/?p=493175","title":{"rendered":"D\u00eda Mundial contra la Esclavitud por la eliminaci\u00f3n de ese flagelo"},"content":{"rendered":"\n<p>Naciones Unidas, 2 dic (Prensa Latina) El D\u00eda Mundial para la Abolici\u00f3n de la Esclavitud recuerda hoy la necesidad de educar a la opini\u00f3n p\u00fablica sobre el flagelo que supone la esclavitud moderna.\u00a0\u00a0\u00a0\u00a0<\/p>\n\n\n\n<p><\/p>\n\n\n\n<ul class=\"wp-block-list\"><li>diciembre 2, 2023<\/li><li>CST00:14 (GMT) -0500<\/li><\/ul>\n\n\n\n<p>&nbsp; &nbsp;A prop\u00f3sito de la fecha, el secretario general de la ONU, Antonio Guterres, convoc\u00f3 a recordar a las v\u00edctimas del pasado, en particular a los millones de africanos arrancados de sus hogares, explotados, brutalizados o asesinados durante la trata transatl\u00e1ntica de esclavos.&nbsp;<\/p>\n\n\n\n<p>&nbsp; &nbsp;La fecha fue elegida para conmemorar el aniversario del Convenio para la Represi\u00f3n de la Trata de Personas y de la Explotaci\u00f3n de la Prostituci\u00f3n Ajena, aprobada este d\u00eda de 1949.<\/p>\n\n\n\n<p>&nbsp; &nbsp;La jornada se centra en reclamar la erradicaci\u00f3n de las formas contempor\u00e1neas de esclavitud, como la trata de personas, la explotaci\u00f3n sexual, las peores formas de trabajo infantil, el matrimonio forzado y el reclutamiento forzoso de ni\u00f1os para su uso en conflictos armados.<\/p>\n\n\n\n<p>&nbsp; &nbsp;De acuerdo con la ONU, cerca de 50 millones de personas est\u00e1n sometidas a esclavitud moderna; unos 28 millones a trabajos forzados y 22 millones a matrimonios.<\/p>\n\n\n\n<p>&nbsp; &nbsp;En tanto, casi una de cada ocho personas sometidas a trabajos forzados son ni\u00f1os y ni\u00f1as y m\u00e1s de la mitad de ellos se encuentran en situaci\u00f3n de explotaci\u00f3n sexual comercial.<\/p>\n\n\n\n<p>&nbsp; &nbsp;La mayor\u00eda de los casos de trabajo forzoso \u2014el 86 por ciento\u2014 se dan en el sector privado mientras que casi cuatro de cada cinco personas sometidas a explotaci\u00f3n sexual comercial forzada son mujeres o ni\u00f1as.<\/p>\n\n\n\n<p>&nbsp; &nbsp;El organismo reconoce entre las principales formas de esclavitud moderna al trabajo forzado, el infantil y la trata.<\/p>\n\n\n\n<p>&nbsp; &nbsp;Los informes preparados por los \u00f3rganos de las Naciones Unidas y las ONG demuestran adem\u00e1s la persistencia de viejas formas de esclavitud que subsisten al amparo de creencias y costumbres tradicionales.<\/p>\n\n\n\n<p>&nbsp; &nbsp;Esas son el resultado de una discriminaci\u00f3n arraigada contra los grupos m\u00e1s vulnerables de la sociedad, como las personas consideradas de casta inferior, las minor\u00edas tribales y los pueblos ind\u00edgenas.<\/p>\n\n\n\n<p>ro\/ebr<\/p>\n","protected":false},"excerpt":{"rendered":"<p>Naciones Unidas, 2 dic (Prensa Latina) El D\u00eda Mundial para la Abolici\u00f3n de la Esclavitud recuerda hoy la necesidad de educar a la opini\u00f3n p\u00fablica sobre el flagelo que supone la esclavitud moderna.\u00a0\u00a0\u00a0\u00a0 diciembre 2, 2023 CST00:14 (GMT) -0500 &nbsp; &nbsp;A prop\u00f3sito de la fecha, el secretario general de la ONU, Antonio Guterres, convoc\u00f3 a [&hellip;]<\/p>\n","protected":false},"author":28,"featured_media":493176,"comment_status":"closed","ping_status":"","sticky":true,"template":"","format":"standard","meta":{"footnotes":""},"categories":[36,26,23,27],"tags":[],"class_list":["post-493175","post","type-post","status-publish","format-standard","has-post-thumbnail","hentry","category-hombresmujeresycosas","category-efemerides","category-internacional","category-portada"],"_links":{"self":[{"href":"https:\/\/diariodominicano.com\/index.php?rest_route=\/wp\/v2\/posts\/493175","targetHints":{"allow":["GET"]}}],"collection":[{"href":"https:\/\/diariodominicano.com\/index.php?rest_route=\/wp\/v2\/posts"}],"about":[{"href":"https:\/\/diariodominicano.com\/index.php?rest_route=\/wp\/v2\/types\/post"}],"author":[{"embeddable":true,"href":"https:\/\/diariodominicano.com\/index.php?rest_route=\/wp\/v2\/users\/28"}],"replies":[{"embeddable":true,"href":"https:\/\/diariodominicano.com\/index.php?rest_route=%2Fwp%2Fv2%2Fcomments&post=493175"}],"version-history":[{"count":3,"href":"https:\/\/diariodominicano.com\/index.php?rest_route=\/wp\/v2\/posts\/493175\/revisions"}],"predecessor-version":[{"id":493179,"href":"https:\/\/diariodominicano.com\/index.php?rest_route=\/wp\/v2\/posts\/493175\/revisions\/493179"}],"wp:featuredmedia":[{"embeddable":true,"href":"https:\/\/diariodominicano.com\/index.php?rest_route=\/wp\/v2\/media\/493176"}],"wp:attachment":[{"href":"https:\/\/diariodominicano.com\/index.php?rest_route=%2Fwp%2Fv2%2Fmedia&parent=493175"}],"wp:term":[{"taxonomy":"category","embeddable":true,"href":"https:\/\/diariodominicano.com\/index.php?rest_route=%2Fwp%2Fv2%2Fcategories&post=493175"},{"taxonomy":"post_tag","embeddable":true,"href":"https:\/\/diariodominicano.com\/index.php?rest_route=%2Fwp%2Fv2%2Ftags&post=493175"}],"curies":[{"name":"wp","href":"https:\/\/api.w.org\/{rel}","templated":true}]}}