{"id":493172,"date":"2023-12-02T02:02:09","date_gmt":"2023-12-02T06:02:09","guid":{"rendered":"https:\/\/diariodominicano.com\/?p=493172"},"modified":"2023-12-02T02:02:09","modified_gmt":"2023-12-02T06:02:09","slug":"arribo-del-granma-en-1956-inicio-epopeya-rebelde-en-cuba","status":"publish","type":"post","link":"https:\/\/diariodominicano.com\/?p=493172","title":{"rendered":"Arribo del Granma en 1956 inici\u00f3 epopeya rebelde en Cuba"},"content":{"rendered":"\n<p>La Habana, 2 dic (Prensa Latina) El desembarco por el oriente de Cuba de 82 expedicionarios del yate Granma, liderados por el Comandante en Jefe Fidel Castro hace hoy 67 a\u00f1os, marc\u00f3 el inicio de la lucha guerrillera por la liberaci\u00f3n definitiva de la isla.&nbsp;&nbsp;&nbsp;&nbsp;<\/p>\n\n\n\n<ul class=\"wp-block-list\"><li>diciembre 2, 2023<\/li><li>CST00:02 (GMT) -0500<\/li><\/ul>\n\n\n\n<p>El 2 de diciembre de 1956 esos j\u00f3venes llegaron procedentes de M\u00e9xico a una zona de manglares en Las Coloradas, apartado rinc\u00f3n de la actual provincia de Granma, dispuestos a ser libres o m\u00e1rtires.<\/p>\n\n\n\n<p>El 25 de noviembre comenzaron una tortuosa traves\u00eda desde el puerto de Tuxpan, a bordo de la peque\u00f1a embarcaci\u00f3n construida 13 a\u00f1os antes, con una eslora de 19,25 metros y apenas cinco de manga, concebida para trasportar a unas 20 personas.<\/p>\n\n\n\n<p>Un mar tormentoso, roturas en el motor de la deteriorada nave, el sobrepeso que soportaba y la ca\u00edda de un hombre al mar hicieron m\u00e1s largo el trayecto y retrasaron la llegada, prevista inicialmente para el 30 de noviembre.<\/p>\n\n\n\n<p>De esta manera coincidir\u00eda con el levantamiento armado de la poblaci\u00f3n de Santiago de Cuba, encabezado por Frank Pa\u00eds, que pretendi\u00f3 desviar la atenci\u00f3n de las fuerzas militares sobre el desembarco y foment\u00f3 un clima de lucha insurreccional en todo el pa\u00eds.<\/p>\n\n\n\n<p>Fracasado ese intento de enmascaramiento, los expedicionarios se vieron asediados por el ej\u00e9rcito y la aviaci\u00f3n batistianas y a duras penas y con fuertes p\u00e9rdidas lograron llegar a la Sierra Maestra, la principal cadena monta\u00f1osa de la isla.<\/p>\n\n\n\n<p>Esos parajes agrestes del oriente cubano se convirtieron en el escenario de la guerra de guerrillas desatada en los dos a\u00f1os siguientes en las monta\u00f1as y llanos, con un creciente apoyo de la poblaci\u00f3n mediante la lucha clandestina en las ciudades.<\/p>\n\n\n\n<p>Los sobrevivientes de los combates posteriores al desembarco conformaron el embri\u00f3n de las Fuerzas Armadas Revolucionarias (FAR), constituidas tras el triunfo revolucionario del 1 de enero de 1959 por el General de Ej\u00e9rcito Ra\u00fal Castro, con la fusi\u00f3n de las fuerzas rebeldes con las milicias obreras, campesinas, estudiantiles y universitarias.<\/p>\n\n\n\n<p>Por ese motivo, el 2 de diciembre Cuba celebra tambi\u00e9n el D\u00eda de las FAR.<\/p>\n\n\n\n<p>npg\/evm<\/p>\n","protected":false},"excerpt":{"rendered":"<p>La Habana, 2 dic (Prensa Latina) El desembarco por el oriente de Cuba de 82 expedicionarios del yate Granma, liderados por el Comandante en Jefe Fidel Castro hace hoy 67 a\u00f1os, marc\u00f3 el inicio de la lucha guerrillera por la liberaci\u00f3n definitiva de la isla.&nbsp;&nbsp;&nbsp;&nbsp; diciembre 2, 2023 CST00:02 (GMT) -0500 El 2 de diciembre [&hellip;]<\/p>\n","protected":false},"author":28,"featured_media":493173,"comment_status":"closed","ping_status":"","sticky":false,"template":"","format":"standard","meta":{"footnotes":""},"categories":[26],"tags":[],"class_list":["post-493172","post","type-post","status-publish","format-standard","has-post-thumbnail","hentry","category-efemerides"],"_links":{"self":[{"href":"https:\/\/diariodominicano.com\/index.php?rest_route=\/wp\/v2\/posts\/493172","targetHints":{"allow":["GET"]}}],"collection":[{"href":"https:\/\/diariodominicano.com\/index.php?rest_route=\/wp\/v2\/posts"}],"about":[{"href":"https:\/\/diariodominicano.com\/index.php?rest_route=\/wp\/v2\/types\/post"}],"author":[{"embeddable":true,"href":"https:\/\/diariodominicano.com\/index.php?rest_route=\/wp\/v2\/users\/28"}],"replies":[{"embeddable":true,"href":"https:\/\/diariodominicano.com\/index.php?rest_route=%2Fwp%2Fv2%2Fcomments&post=493172"}],"version-history":[{"count":1,"href":"https:\/\/diariodominicano.com\/index.php?rest_route=\/wp\/v2\/posts\/493172\/revisions"}],"predecessor-version":[{"id":493174,"href":"https:\/\/diariodominicano.com\/index.php?rest_route=\/wp\/v2\/posts\/493172\/revisions\/493174"}],"wp:featuredmedia":[{"embeddable":true,"href":"https:\/\/diariodominicano.com\/index.php?rest_route=\/wp\/v2\/media\/493173"}],"wp:attachment":[{"href":"https:\/\/diariodominicano.com\/index.php?rest_route=%2Fwp%2Fv2%2Fmedia&parent=493172"}],"wp:term":[{"taxonomy":"category","embeddable":true,"href":"https:\/\/diariodominicano.com\/index.php?rest_route=%2Fwp%2Fv2%2Fcategories&post=493172"},{"taxonomy":"post_tag","embeddable":true,"href":"https:\/\/diariodominicano.com\/index.php?rest_route=%2Fwp%2Fv2%2Ftags&post=493172"}],"curies":[{"name":"wp","href":"https:\/\/api.w.org\/{rel}","templated":true}]}}