{"id":493137,"date":"2023-12-02T01:10:08","date_gmt":"2023-12-02T05:10:08","guid":{"rendered":"https:\/\/diariodominicano.com\/?p=493137"},"modified":"2023-12-02T01:10:19","modified_gmt":"2023-12-02T05:10:19","slug":"las-actividades-del-pld-y-su-candidato-presidencial-abel-martinez-en-el-fin-de-semana","status":"publish","type":"post","link":"https:\/\/diariodominicano.com\/?p=493137","title":{"rendered":"Las Actividades del PLD y su candidato presidencial, Abel Mart\u00ednez, en el fin de semana"},"content":{"rendered":"\n<p>Archivo:<\/p>\n\n\n\n<p><em>Abel Mart\u00ednez estar\u00e1 el s\u00e1bado brindando su respaldo a los candidatos municipales en Monte Plata y el Domingo encabezar\u00e1 Marcha- Caravana en El\u00edas Pi\u00f1a y San Juan<\/em><\/p>\n\n\n\n<p>Las actividades encabezadas por Abel Mart\u00ednez, candidato presidencial del&nbsp;<strong>Partido de la Liberaci\u00f3n Dominicana (PLD)<\/strong>, en Monte Plata, El\u00edas Pi\u00f1a y San Juan predominan en los m\u00faltiples actos de la organizaci\u00f3n pol\u00edtica que esta semana continu\u00f3 cumpliendo con los requisitos de las Leyes Electorales inscribiendo las candidaturas municipales.<\/p>\n\n\n\n<p>El s\u00e1bado Abel Mart\u00ednez realizar\u00e1 visitas puntuales a las casas de candidatos a alcalde y distritos municipales de la provincia Monte Plata para endosarles su respaldo y del PLD a los candidatos y candidatas a la municipalidad.<\/p>\n\n\n\n<p>Las visitas iniciar\u00e1n a las 2.30 de la tarde por el distrito municipal Mam\u00e1 Ting\u00f3 para trasladarse al tambi\u00e9n distrito Los Botados, luego al municipio Yamas\u00e1, El Cacique, Monte Plata, municipio cabecero, Sabana Grande de Boya y concluir, al caer la tarde en Majagual, tal y como lo inform\u00f3 Ram\u00f3n Pep\u00edn, Enlace provincial. &nbsp;<\/p>\n\n\n\n<p>El &nbsp;recorrido en las provincias del Suroeste del pa\u00eds, denominado marcha-caravana del triunfo se realizar\u00e1 el domingo iniciando en el municipio cabecera de la provincia El\u00edas Pi\u00f1a, Comendador &nbsp;a primeras de la ma\u00f1ana para luego llegar a Las Matas de Farf\u00e1n &nbsp;pasando por el Cercado y Vallejuelo, atravesar\u00e1 al norte por el municipio Juan Herrera para llegar a San Juan de la Maguana a la Rotonda de la Avenida Anacaona en horas &nbsp;de la tarde y realizar un recorrido &nbsp;por los barrios y urbanizaci\u00f3n del municipio cabecera, San Juan de la Maguana.<\/p>\n\n\n\n<p>En cada municipio y distritos municipales Abel Mart\u00ednez se har\u00e1 acompa\u00f1ar de los candidatos de esas demarcaciones., seg\u00fan se inform\u00f3 en una asamblea encabezada por el Enlace Provincial, Sim\u00f3n Lizardo y el presidente provincial del PLD, Mauro Pi\u00f1a.<\/p>\n\n\n\n<p>Las secretar\u00edas de Enlaces y Asuntos Electorales del PLD informaron que el d\u00eda viernes concluye registro de las diferentes candidaturas municipales que ya se ha avanzado en m\u00e1s de un 95 por ciento.<\/p>\n\n\n\n<p>S\u00e1bado y domingo candidatos y candidatas a los municipios y el Congreso pautaron visitas puntuales, marchas y caravanas locales y actos de proclamaci\u00f3n, entre otros, promoviendo sus propuestas y candidaturas.<\/p>\n\n\n\n<p><strong>SECRETAR\u00cdA DE COMUNICACIONES<\/strong><\/p>\n\n\n\n<p><strong>01 DE DICIEMBRE, 2023.-&nbsp;<\/strong><\/p>\n","protected":false},"excerpt":{"rendered":"<p>Archivo: Abel Mart\u00ednez estar\u00e1 el s\u00e1bado brindando su respaldo a los candidatos municipales en Monte Plata y el Domingo encabezar\u00e1 Marcha- Caravana en El\u00edas Pi\u00f1a y San Juan Las actividades encabezadas por Abel Mart\u00ednez, candidato presidencial del&nbsp;Partido de la Liberaci\u00f3n Dominicana (PLD), en Monte Plata, El\u00edas Pi\u00f1a y San Juan predominan en los m\u00faltiples actos [&hellip;]<\/p>\n","protected":false},"author":28,"featured_media":493138,"comment_status":"closed","ping_status":"","sticky":false,"template":"","format":"standard","meta":{"footnotes":""},"categories":[22],"tags":[],"class_list":["post-493137","post","type-post","status-publish","format-standard","has-post-thumbnail","hentry","category-politica"],"_links":{"self":[{"href":"https:\/\/diariodominicano.com\/index.php?rest_route=\/wp\/v2\/posts\/493137","targetHints":{"allow":["GET"]}}],"collection":[{"href":"https:\/\/diariodominicano.com\/index.php?rest_route=\/wp\/v2\/posts"}],"about":[{"href":"https:\/\/diariodominicano.com\/index.php?rest_route=\/wp\/v2\/types\/post"}],"author":[{"embeddable":true,"href":"https:\/\/diariodominicano.com\/index.php?rest_route=\/wp\/v2\/users\/28"}],"replies":[{"embeddable":true,"href":"https:\/\/diariodominicano.com\/index.php?rest_route=%2Fwp%2Fv2%2Fcomments&post=493137"}],"version-history":[{"count":2,"href":"https:\/\/diariodominicano.com\/index.php?rest_route=\/wp\/v2\/posts\/493137\/revisions"}],"predecessor-version":[{"id":493140,"href":"https:\/\/diariodominicano.com\/index.php?rest_route=\/wp\/v2\/posts\/493137\/revisions\/493140"}],"wp:featuredmedia":[{"embeddable":true,"href":"https:\/\/diariodominicano.com\/index.php?rest_route=\/wp\/v2\/media\/493138"}],"wp:attachment":[{"href":"https:\/\/diariodominicano.com\/index.php?rest_route=%2Fwp%2Fv2%2Fmedia&parent=493137"}],"wp:term":[{"taxonomy":"category","embeddable":true,"href":"https:\/\/diariodominicano.com\/index.php?rest_route=%2Fwp%2Fv2%2Fcategories&post=493137"},{"taxonomy":"post_tag","embeddable":true,"href":"https:\/\/diariodominicano.com\/index.php?rest_route=%2Fwp%2Fv2%2Ftags&post=493137"}],"curies":[{"name":"wp","href":"https:\/\/api.w.org\/{rel}","templated":true}]}}