{"id":493084,"date":"2023-12-02T00:12:01","date_gmt":"2023-12-02T04:12:01","guid":{"rendered":"https:\/\/diariodominicano.com\/?p=493084"},"modified":"2023-12-02T00:24:44","modified_gmt":"2023-12-02T04:24:44","slug":"general-prim-su-vida-y-su-muerte","status":"publish","type":"post","link":"https:\/\/diariodominicano.com\/?p=493084","title":{"rendered":"GENERAL PRIM: SU VIDA Y SU MUERTE"},"content":{"rendered":"\n<p><strong>POR TE\u00d3FILO LAPPOT ROBLES<\/strong><\/p>\n\n\n\n<p>Comenzar\u00e9 estas breves notas sobre el magnicidio contra el general Juan Prim Prats como hizo Gabriel Garc\u00eda M\u00e1rquez en su obra de ficci\u00f3n titulada Cr\u00f3nica de una muerte anunciada.<\/p>\n\n\n\n<p>En dicha novela su autor se\u00f1ala de entrada el crimen contra Santiago Nasar, perpetrado por los hermanos gemelos Pedro y Pablo Vicario. En el hecho aqu\u00ed comentado ni hubo sue\u00f1o ni nadie iba a recibir a un obispo degustador&nbsp; de sopa de crestas de aves galliformes, como en el libro garciamarquiano.<\/p>\n\n\n\n<p>Luego describir\u00e9 parte de la hoja de vida del referido militar y pol\u00edtico en el torbellino que fue el siglo XIX en Espa\u00f1a.<\/p>\n\n\n\n<p>En la larga y convulsa historia espa\u00f1ola se han producido varios magnicidios, pero el del general Juan Prim Prats ha sido uno de los m\u00e1s opinados, por la trascendencia de ese personaje, y por la forma en que se produjo.<\/p>\n\n\n\n<p>El atentado que le cost\u00f3 la vida a quien en ese momento, con 56 a\u00f1os de edad, era el presidente del Consejo de Ministros de Espa\u00f1a y, adem\u00e1s, ministro de Guerra, ocurri\u00f3 una noche arropada por la nieve que en invierno suele cubrir gran parte de la ciudad de Madrid.<\/p>\n\n\n\n<figure class=\"wp-block-image size-full\"><img loading=\"lazy\" decoding=\"async\" width=\"487\" height=\"617\" src=\"https:\/\/diariodominicano.com\/wp-content\/uploads\/2023\/12\/14168455796526-1.jpg\" alt=\"\" class=\"wp-image-493087\" srcset=\"https:\/\/diariodominicano.com\/wp-content\/uploads\/2023\/12\/14168455796526-1.jpg 487w, https:\/\/diariodominicano.com\/wp-content\/uploads\/2023\/12\/14168455796526-1-237x300.jpg 237w\" sizes=\"auto, (max-width: 487px) 100vw, 487px\" \/><figcaption>GENERAL JUAN PRIM PRATS<\/figcaption><\/figure>\n\n\n\n<p>El general Prim Prats fue herido el 27 de diciembre de 1870, mientras se desplazaba en un carruaje por la entonces llamada calle del Turco. Iba con s\u00f3lo dos ayudantes, adem\u00e1s del cochero.<\/p>\n\n\n\n<p>\u00c9l y sus acompa\u00f1antes fueron atacados a tiros por doce sujetos que rodearon su calesa con tres coches tirados por briosos caballos. Abrieron fuego por ambos costados, en una acci\u00f3n siniestra que qued\u00f3 impune.<\/p>\n\n\n\n<p>Su fallecimiento se produjo 72 horas despu\u00e9s, v\u00edctima de varias balas que agujerearon su cuerpo.<\/p>\n\n\n\n<p>Esos conjurados, que actuaron con premeditaci\u00f3n y alevos\u00eda, formaban parte de un grupo mayor, pues la muerte violenta del general Prim fue planificada para que se ejecutara en dos etapas, si ello hubiera sido necesario.<\/p>\n\n\n\n<p>Est\u00e1 documentado que varios de sus m\u00e1s allegados, como el diputado Ricardo Mu\u00f1iz Viglietti, le advirtieron que hab\u00eda aprestos para atentar contra su vida, pero tal vez por vanidad tom\u00f3 eso en solfa.<\/p>\n\n\n\n<p>Gracias a intensos cabildeos realizados meses antes por el general Prim, el mismo d\u00eda de la referida embestida mortal un pr\u00edncipe italiano hab\u00eda salido hacia Espa\u00f1a para reinar (result\u00f3 ser por breve tiempo) con el nombre de Amadeo I.<\/p>\n\n\n\n<p>En una controversia abierta hace m\u00e1s de 150 a\u00f1os se han divulgado diversas versiones sobre ese hecho significativo en la historia de Espa\u00f1a.<\/p>\n\n\n\n<p>Se ha escrito que sus atacantes eran republicanos. Incluso se ha dicho que el crimen fue ordenado desde Cuba, por colonos disgustados con \u00e9l.<\/p>\n\n\n\n<p>De ese magnicidio se hicieron al menos dos investigaciones p\u00fablicas por parte de procuradores fiscales espa\u00f1oles, pero nunca han sido claramente identificados ni los sicarios ni los inductores del hecho de sangre.<\/p>\n\n\n\n<p>El escritor canario Benito P\u00e9rez Gald\u00f3s, centrado en describir a su modo conspiraciones, intrigas, tragedias, etc. que jalonaron la vida p\u00fablica decimon\u00f3nica espa\u00f1ola, emite su versi\u00f3n novelada (en el n\u00famero 39 de la cuarta serie de su colecci\u00f3n titulada Episodios nacionales) sobre el general Prim; con \u00e9nfasis en lo que pas\u00f3 entre el 27 y el 30 de diciembre de 1870.<\/p>\n\n\n\n<p>Dicho lo anterior, es oportuno se\u00f1alar que el general Juan Prim Prats naci\u00f3 el 6 de diciembre del 1814 en Reus, importante ciudad de la provincia mar\u00edtima de Tarragona, en la regi\u00f3n de Catalu\u00f1a, donde 100 a\u00f1os despu\u00e9s de su muerte sus restos fueron enterrados con honores.<\/p>\n\n\n\n<p>Posterior a su nueva inhumaci\u00f3n se hizo, tomando en cuenta su renombre, un mausoleo con artes decorativas del estilo arquitect\u00f3nico neocl\u00e1sico. Ese pante\u00f3n exclusivo, que domina el cementerio principal de su ciudad natal, fue declarado \u201cBien Cultural de Inter\u00e9s Nacional\u201d.<\/p>\n\n\n\n<p>En su carrera militar comenz\u00f3 como un combatiente de base. En poco tiempo fue ascendiendo. Logr\u00f3 una haza\u00f1a b\u00e9lica en la c\u00e9lebre batalla del poblado de Sulsona, en la provincia de L\u00e9rida, en tierra catalana, logrando all\u00ed su ascenso a comandante especializado en tropas de infanter\u00eda.<\/p>\n\n\n\n<p>En su tortuoso caminar entre cuarteles militares y salones pol\u00edticos, marcado con altibajos sorprendentes que lo forzaron a salir varias veces de su pa\u00eds, en calidad de exiliado, el general Prim Prats dej\u00f3 un legado que permite describirlo como un personaje esencialmente contradictorio.<\/p>\n\n\n\n<figure class=\"wp-block-image size-large\"><img loading=\"lazy\" decoding=\"async\" width=\"773\" height=\"1024\" src=\"https:\/\/diariodominicano.com\/wp-content\/uploads\/2023\/12\/Joaquin_Francisco_Pacheco_Real_Academia_Espanola-773x1024.jpg\" alt=\"\" class=\"wp-image-493090\" srcset=\"https:\/\/diariodominicano.com\/wp-content\/uploads\/2023\/12\/Joaquin_Francisco_Pacheco_Real_Academia_Espanola-773x1024.jpg 773w, https:\/\/diariodominicano.com\/wp-content\/uploads\/2023\/12\/Joaquin_Francisco_Pacheco_Real_Academia_Espanola-227x300.jpg 227w, https:\/\/diariodominicano.com\/wp-content\/uploads\/2023\/12\/Joaquin_Francisco_Pacheco_Real_Academia_Espanola-768x1017.jpg 768w, https:\/\/diariodominicano.com\/wp-content\/uploads\/2023\/12\/Joaquin_Francisco_Pacheco_Real_Academia_Espanola-816x1081.jpg 816w, https:\/\/diariodominicano.com\/wp-content\/uploads\/2023\/12\/Joaquin_Francisco_Pacheco_Real_Academia_Espanola.jpg 944w\" sizes=\"auto, (max-width: 773px) 100vw, 773px\" \/><figcaption>Presidente  Joaqu\u00edn Francisco Pacheco<\/figcaption><\/figure>\n\n\n\n<p>En el 1847, durante uno de sus exilios, fue amnistiado por el a la saz\u00f3n&nbsp; presidente del Consejo de Ministros de Espa\u00f1a, el moderado Joaqu\u00edn Francisco Pacheco.<\/p>\n\n\n\n<p>Pero como su presencia en su pa\u00eds era inc\u00f3moda para muchos de sus propios colegas militares y pol\u00edticos (algunos en sus autobiograf\u00edas lo tildaron de ser un mal compa\u00f1ero de viaje) decidieron enviarlo de inmediato, en calidad de capit\u00e1n general, a la colonia de Puerto Rico, en el Caribe insular, donde cometi\u00f3 muchas barbaridades contra la poblaci\u00f3n esclava.<\/p>\n\n\n\n<p>El historiador catal\u00e1n Josep Mar\u00eda Fradera Barcel\u00f3, especializado en temas de colonialismo, en un ensayo titulado \u201cPrim conspirador o la pedagog\u00eda del sable\u201d, relata que dicha personalidad orden\u00f3 en Puerto Rico el fusilamiento de dos l\u00edderes negros por la sospecha de que pudieran estar preparando un alzamiento en contra de las autoridades coloniales.<\/p>\n\n\n\n<p>En los meses que ejerci\u00f3 como gobernador de esa isla puso en pr\u00e1ctica un llamado \u201cc\u00f3digo negro\u201d, con una sarta de absurdidades que incrementaron los maltratos contra los esclavos negros.<\/p>\n\n\n\n<p>Dicha normativa era como un calco de las que hab\u00edan hecho los esclavistas de Luisiana, cuando abarcaba un inmenso territorio que iba desde la desembocadura del r\u00edo Misisipi en el golfo de M\u00e9xico, por el este, hasta &nbsp;Dakota en el centro norte de los EE.UU.<\/p>\n\n\n\n<p>El general Prim aument\u00f3 sus abusos como jefe colonial de Borinquen cuando se produjo una sublevaci\u00f3n de los negros esclavizados por los franceses en la isla Martinica, en el archipi\u00e9lago antillano.<\/p>\n\n\n\n<p>Invadi\u00f3 la &nbsp;peque\u00f1a isla de Santa Cruz, que en esa \u00e9poca estaba bajo el dominio de Dinamarca, para aplastar un alzamiento de esclavos. Aleg\u00f3 que ese deseo de libertad servir\u00eda de est\u00edmulo a los que estaban bajo su yugo. Los daneses lo condecoraron y tal vez le dieron otros premios.<\/p>\n\n\n\n<p>Algunos de sus bi\u00f3grafos se\u00f1alan que con motivo de un enfrentamiento b\u00e9lico en Barcelona dijo con voz estent\u00f3rea: \u201cO caja o faja\u201d.<\/p>\n\n\n\n<p>En efecto, su espectacular triunfo de entonces le hizo ganar el faj\u00edn de general, y ser vitoreado por sus soldados, que probablemente se mov\u00edan por los alrededores de la famosa Puerta del \u00c1ngel.<\/p>\n\n\n\n<p>Era un veterano mu\u00f1idor, y en esa condici\u00f3n convoc\u00f3, el 16 de agosto de 1866, en la ciudad portuaria de Ostende, frente al mar del Norte, en la zona flamenca ubicada en el septentri\u00f3n de B\u00e9lgica, a los principales l\u00edderes espa\u00f1oles que se opon\u00edan al r\u00e9gimen mon\u00e1rquico encarnado en la reina Isabel II de Espa\u00f1a.<\/p>\n\n\n\n<p>Esa iniciativa suya cuaj\u00f3 dos a\u00f1os despu\u00e9s, cuando dicha monarca fue derrocada por un movimiento insurreccional que comenz\u00f3 en la ciudad andaluza de C\u00e1diz.<\/p>\n\n\n\n<p>A partir de entonces, cuando la reina huy\u00f3 a Francia, el general Prim adquiri\u00f3 mayor poder pol\u00edtico y militar. Controlaba en los hechos el gobierno provisional que encabezaba el general Francisco Serrano Dom\u00ednguez.<\/p>\n\n\n\n<p>Alcanz\u00f3 su in crescendo en las dos facetas principales de su vida cuando el 18 de junio de 1869 logr\u00f3 la presidencia del Consejo de Ministros de Espa\u00f1a y, al mismo tiempo, ministro de Guerra.<\/p>\n\n\n\n<p>El general Prim y los dem\u00e1s militares y pol\u00edticos que controlaban el escenario espa\u00f1ol del tramo final de la d\u00e9cada de los a\u00f1os 60s del siglo XIX ejerc\u00edan de progresistas y liberales en Espa\u00f1a, pero no en las colonias de ultramar.<\/p>\n\n\n\n<p>Un ejemplo de lo anterior fue Cuba, en la cual aplastaron el alzamiento independentista comenzado el 10 de octubre de 1868 por el abogado y hacendado Carlos Manuel de C\u00e9spedes, con sus partidarios y los esclavos manumitidos en su hacienda llamada La Demajagua, situada en Manzanillo, en la parte oriental de la isla mayor de las Antillas, donde proclam\u00f3 que: \u201cEl poder de Espa\u00f1a estaba carcomido y caduco\u201d.<\/p>\n\n\n\n<p>Puede decirse que el general Prim y los que actuaban junto a \u00e9l en eso practicaron las consignas de los que aplicaban el Derecho Romano, para quienes este era v\u00e1lido para los ciudadanos romanos, pero no para sus esclavos esparcidos en los diferentes rincones de ese imperio, que lleg\u00f3 a ser el m\u00e1s grande de la antig\u00fcedad, cuando era dirigido por el emperador Trajano, entre los a\u00f1os 98 y 117 d.C.<\/p>\n\n\n\n<p>En resumen, en la historia militar de la convulsa Espa\u00f1a del mencionado siglo XIX el general Juan Prim Prats est\u00e1 catalogado como uno de los oficiales que m\u00e1s sobresal\u00eda en los muchos combates en que particip\u00f3 en primera l\u00ednea. Como pol\u00edtico era voluble y mudadizo.<\/p>\n\n\n\n<p>teofilo lappot<a rel=\"noreferrer noopener\" target=\"_blank\" href=\"mailto:teofilolappot@gmail.com\">teofilolappot@gmail.com<\/a><\/p>\n","protected":false},"excerpt":{"rendered":"<p>POR TE\u00d3FILO LAPPOT ROBLES Comenzar\u00e9 estas breves notas sobre el magnicidio contra el general Juan Prim Prats como hizo Gabriel Garc\u00eda M\u00e1rquez en su obra de ficci\u00f3n titulada Cr\u00f3nica de una muerte anunciada. En dicha novela su autor se\u00f1ala de entrada el crimen contra Santiago Nasar, perpetrado por los hermanos gemelos Pedro y Pablo Vicario. [&hellip;]<\/p>\n","protected":false},"author":28,"featured_media":493085,"comment_status":"closed","ping_status":"","sticky":true,"template":"","format":"standard","meta":{"footnotes":""},"categories":[21,36,26,27],"tags":[],"class_list":["post-493084","post","type-post","status-publish","format-standard","has-post-thumbnail","hentry","category-cultura","category-hombresmujeresycosas","category-efemerides","category-portada"],"_links":{"self":[{"href":"https:\/\/diariodominicano.com\/index.php?rest_route=\/wp\/v2\/posts\/493084","targetHints":{"allow":["GET"]}}],"collection":[{"href":"https:\/\/diariodominicano.com\/index.php?rest_route=\/wp\/v2\/posts"}],"about":[{"href":"https:\/\/diariodominicano.com\/index.php?rest_route=\/wp\/v2\/types\/post"}],"author":[{"embeddable":true,"href":"https:\/\/diariodominicano.com\/index.php?rest_route=\/wp\/v2\/users\/28"}],"replies":[{"embeddable":true,"href":"https:\/\/diariodominicano.com\/index.php?rest_route=%2Fwp%2Fv2%2Fcomments&post=493084"}],"version-history":[{"count":7,"href":"https:\/\/diariodominicano.com\/index.php?rest_route=\/wp\/v2\/posts\/493084\/revisions"}],"predecessor-version":[{"id":493098,"href":"https:\/\/diariodominicano.com\/index.php?rest_route=\/wp\/v2\/posts\/493084\/revisions\/493098"}],"wp:featuredmedia":[{"embeddable":true,"href":"https:\/\/diariodominicano.com\/index.php?rest_route=\/wp\/v2\/media\/493085"}],"wp:attachment":[{"href":"https:\/\/diariodominicano.com\/index.php?rest_route=%2Fwp%2Fv2%2Fmedia&parent=493084"}],"wp:term":[{"taxonomy":"category","embeddable":true,"href":"https:\/\/diariodominicano.com\/index.php?rest_route=%2Fwp%2Fv2%2Fcategories&post=493084"},{"taxonomy":"post_tag","embeddable":true,"href":"https:\/\/diariodominicano.com\/index.php?rest_route=%2Fwp%2Fv2%2Ftags&post=493084"}],"curies":[{"name":"wp","href":"https:\/\/api.w.org\/{rel}","templated":true}]}}