{"id":493020,"date":"2023-12-01T22:27:11","date_gmt":"2023-12-02T02:27:11","guid":{"rendered":"https:\/\/diariodominicano.com\/?p=493020"},"modified":"2023-12-02T11:27:26","modified_gmt":"2023-12-02T15:27:26","slug":"inefi-entrega-utileria-deportiva-a-la-academia-de-boxeo-de-capotillo","status":"publish","type":"post","link":"https:\/\/diariodominicano.com\/?p=493020","title":{"rendered":"INEFI entrega utiler\u00eda deportiva a la academia de boxeo de Capotillo"},"content":{"rendered":"\n<p>SANTO DOMINGO.- El Instituto Nacional de Educaci\u00f3n F\u00edsica (INEFI) entreg\u00f3 este viernes utiler\u00eda deportiva a la academia de boxeo del ensanche Capotillo, la cual es dirigida por Marisol Reyes Ram\u00edrez, profesora de la Escuela Nacional para Sordos.<\/p>\n\n\n\n<p>El aporte fue realizado por el director ejecutivo del INEFI, Alberto Rodr\u00edguez Mella, luego de entregar tres canchas remozadas de baloncesto, voleibol y b\u00e1dminton en el centro educativo Santa Mar\u00eda de Altagracia, ubicado en Villa Juana.<\/p>\n\n\n\n<p>\u201cHacemos esta entrega con la finalidad de que la academia contin\u00fae desarrollando y fomentando el atletismo y el boxeo en esa populosa barriada\u201d, manifest\u00f3 Rodr\u00edguez Mella, tras suministrar los implementos deportivos a Reyes Ram\u00edrez.<\/p>\n\n\n\n<p>En ese sentido, Reyes Ram\u00edrez agradeci\u00f3 la contribuci\u00f3n del INEFI, destacando que con el mismo sus pupilos, con edades comprendidas entre los cuatro y 50 a\u00f1os, podr\u00e1n realizar sus pr\u00e1cticas y competencias.<\/p>\n\n\n\n<figure class=\"wp-block-image size-large\"><img loading=\"lazy\" decoding=\"async\" width=\"1024\" height=\"683\" src=\"https:\/\/diariodominicano.com\/wp-content\/uploads\/2023\/12\/Alberto-Rodriguez-Mella-y-Franklin-Duval-director-ejecutivo-y-subdirector-del-INEFI-entregan-utileria-a-la-profesora-Mejia-1024x683.jpg\" alt=\"\" class=\"wp-image-493101\" srcset=\"https:\/\/diariodominicano.com\/wp-content\/uploads\/2023\/12\/Alberto-Rodriguez-Mella-y-Franklin-Duval-director-ejecutivo-y-subdirector-del-INEFI-entregan-utileria-a-la-profesora-Mejia-1024x683.jpg 1024w, https:\/\/diariodominicano.com\/wp-content\/uploads\/2023\/12\/Alberto-Rodriguez-Mella-y-Franklin-Duval-director-ejecutivo-y-subdirector-del-INEFI-entregan-utileria-a-la-profesora-Mejia-300x200.jpg 300w, https:\/\/diariodominicano.com\/wp-content\/uploads\/2023\/12\/Alberto-Rodriguez-Mella-y-Franklin-Duval-director-ejecutivo-y-subdirector-del-INEFI-entregan-utileria-a-la-profesora-Mejia-768x512.jpg 768w, https:\/\/diariodominicano.com\/wp-content\/uploads\/2023\/12\/Alberto-Rodriguez-Mella-y-Franklin-Duval-director-ejecutivo-y-subdirector-del-INEFI-entregan-utileria-a-la-profesora-Mejia-1536x1024.jpg 1536w, https:\/\/diariodominicano.com\/wp-content\/uploads\/2023\/12\/Alberto-Rodriguez-Mella-y-Franklin-Duval-director-ejecutivo-y-subdirector-del-INEFI-entregan-utileria-a-la-profesora-Mejia-816x544.jpg 816w, https:\/\/diariodominicano.com\/wp-content\/uploads\/2023\/12\/Alberto-Rodriguez-Mella-y-Franklin-Duval-director-ejecutivo-y-subdirector-del-INEFI-entregan-utileria-a-la-profesora-Mejia.jpg 1600w\" sizes=\"auto, (max-width: 1024px) 100vw, 1024px\" \/><\/figure>\n\n\n\n<p>La academia ha tenido como misi\u00f3n sacar a m\u00e1s de 40 j\u00f3venes de las calles, gracias al apoyo de un grupo de entrenadores que imparten clases de boxeo y atletismo de manera voluntaria en dicho sector.<\/p>\n\n\n\n<p>Entre los estudiantes se incluyen adolescentes con discapacidad auditiva que, pese a las precariedades del entorno, se mantienen firmes en busca de la ense\u00f1anza.<\/p>\n\n\n\n<p>En el acto, Rodr\u00edguez Mella estuvo acompa\u00f1ado por los tambi\u00e9n funcionarios del INEFI, Franklin Duval y C\u00e9sar Ruiz; la directora del centro educativo, Marisol Chiguay, y el dirigente comunitario Pedrito Marte, entre otras personalidades.<\/p>\n\n\n\n<p>Tambi\u00e9n participaron Sagrario Mart\u00ednez y Lucrecia Rond\u00f3n, coordinadora y miembro de la asociaci\u00f3n de padres de ese plantel educativo, respectivamente.<\/p>\n\n\n\n<p><strong>PIE DE FOTO 1:<\/strong><\/p>\n\n\n\n<p><strong>El director ejecutivo del INEFI, Alberto Rodr\u00edguez Mella, y el subdirector general de ese organismo descentralizado, Franklin Duval, entregaron la utiler\u00eda deportiva a la profesora Marisol Reyes Ram\u00edrez, de la academia de boxeo de Capotillo.<\/strong><\/p>\n\n\n\n<p><strong>PIE DE FOTO 2:<\/strong><\/p>\n\n\n\n<p><strong>El director ejecutivo del INEFI, Alberto Rodr\u00edguez Mella, se dirige a Marisol Reyes Ram\u00edrez, profesora de la academia de boxeo de Capotillo<\/strong> <\/p>\n","protected":false},"excerpt":{"rendered":"<p>SANTO DOMINGO.- El Instituto Nacional de Educaci\u00f3n F\u00edsica (INEFI) entreg\u00f3 este viernes utiler\u00eda deportiva a la academia de boxeo del ensanche Capotillo, la cual es dirigida por Marisol Reyes Ram\u00edrez, profesora de la Escuela Nacional para Sordos. El aporte fue realizado por el director ejecutivo del INEFI, Alberto Rodr\u00edguez Mella, luego de entregar tres canchas [&hellip;]<\/p>\n","protected":false},"author":7,"featured_media":493100,"comment_status":"closed","ping_status":"","sticky":true,"template":"","format":"standard","meta":{"footnotes":""},"categories":[17,22],"tags":[],"class_list":["post-493020","post","type-post","status-publish","format-standard","has-post-thumbnail","hentry","category-deportes","category-politica"],"_links":{"self":[{"href":"https:\/\/diariodominicano.com\/index.php?rest_route=\/wp\/v2\/posts\/493020","targetHints":{"allow":["GET"]}}],"collection":[{"href":"https:\/\/diariodominicano.com\/index.php?rest_route=\/wp\/v2\/posts"}],"about":[{"href":"https:\/\/diariodominicano.com\/index.php?rest_route=\/wp\/v2\/types\/post"}],"author":[{"embeddable":true,"href":"https:\/\/diariodominicano.com\/index.php?rest_route=\/wp\/v2\/users\/7"}],"replies":[{"embeddable":true,"href":"https:\/\/diariodominicano.com\/index.php?rest_route=%2Fwp%2Fv2%2Fcomments&post=493020"}],"version-history":[{"count":3,"href":"https:\/\/diariodominicano.com\/index.php?rest_route=\/wp\/v2\/posts\/493020\/revisions"}],"predecessor-version":[{"id":493105,"href":"https:\/\/diariodominicano.com\/index.php?rest_route=\/wp\/v2\/posts\/493020\/revisions\/493105"}],"wp:featuredmedia":[{"embeddable":true,"href":"https:\/\/diariodominicano.com\/index.php?rest_route=\/wp\/v2\/media\/493100"}],"wp:attachment":[{"href":"https:\/\/diariodominicano.com\/index.php?rest_route=%2Fwp%2Fv2%2Fmedia&parent=493020"}],"wp:term":[{"taxonomy":"category","embeddable":true,"href":"https:\/\/diariodominicano.com\/index.php?rest_route=%2Fwp%2Fv2%2Fcategories&post=493020"},{"taxonomy":"post_tag","embeddable":true,"href":"https:\/\/diariodominicano.com\/index.php?rest_route=%2Fwp%2Fv2%2Ftags&post=493020"}],"curies":[{"name":"wp","href":"https:\/\/api.w.org\/{rel}","templated":true}]}}