{"id":492958,"date":"2023-12-01T15:59:17","date_gmt":"2023-12-01T19:59:17","guid":{"rendered":"https:\/\/diariodominicano.com\/?p=492958"},"modified":"2023-12-01T15:59:17","modified_gmt":"2023-12-01T19:59:17","slug":"esquema-propagandistico-electorero-de-luis-abinader-y-el-prm","status":"publish","type":"post","link":"https:\/\/diariodominicano.com\/?p=492958","title":{"rendered":"Esquema propagand\u00edstico electorero de Luis Abinader y el PRM"},"content":{"rendered":"\n<p><strong><em>Andr\u00e9s Navarro, del CP del PLD<\/em><\/strong><em>, denuncia que el presidente Abinader<\/em> <em>han puesto de relajo al pa\u00eds y los diversos sectores de la oposici\u00f3n.<\/em> <\/p>\n\n\n\n<p><strong>Andr\u00e9s Navarro<\/strong>,&nbsp;<strong>integrante del Comit\u00e9 Pol\u00edtico del Partido de la Liberaci\u00f3n Dominicana (PLD),<\/strong>&nbsp;proclam\u00f3 que desde que el presidente Lu\u00eds Abinader y el Partido Revolucionario Moderno asumieron el poder pol\u00edtico a finales del 2020 reiteradamente han puesto de relajo al pa\u00eds y los diversos sectores de la oposici\u00f3n.<\/p>\n\n\n\n<p>Durante una controversial entrevista en la que el comentarista Rafael (Fafa) Taveras acus\u00f3 a la oposici\u00f3n de procurar ventaja pol\u00edtica por el impasse con el Estado Haitiano, rese\u00f1ada por la Secretar\u00eda de Comunicaciones pelede\u00edsta, Navarro ripost\u00f3 que ante sus desaciertos el oficialismo hace llamados de concertaci\u00f3n nacional, pero termina siempre poniendo de relajo a los participantes.<\/p>\n\n\n\n<p>El tambi\u00e9n ex Ministro de Relaciones Exteriores y de Educaci\u00f3n record\u00f3 que el gobierno del presidente Abinader desacredit\u00f3 el escenario del Consejo Econ\u00f3mico y Social porque convoc\u00f3 a un di\u00e1logo distribuido en mesas tem\u00e1ticas del que no se obtuvo resultado alguno.<\/p>\n\n\n\n<p>Puso como ejemplo que para el caso del canal construido en la ribera haitiana del r\u00edo Dajab\u00f3n, lo primero que se les ocurri\u00f3 a los inquilinos del Palacio Nacional fue buscar notoriedad y presencia medi\u00e1tica enviando veh\u00edculos blindados, pertrechos y personal militar; lo que calific\u00f3 como espect\u00e1culo exhibicionista.<\/p>\n\n\n\n<p>Argument\u00f3 que en todas sus iniciativas el mandatario de la Naci\u00f3n y su funcionariado se interesan m\u00e1s en los efectos medi\u00e1ticos y sus intereses electorales que en beneficiar a los gobernados.<\/p>\n\n\n\n<p>\u201cCon el caso de Hait\u00ed el presidente Abinader hizo propaganda pol\u00edtica en una coyuntura donde se avecinan elecciones.&nbsp; Entonces, luego convocar a un pacto o a un di\u00e1logo a las diferentes fuerzas, cuando ha perdido toda credibilidad\u201d, enfatiz\u00f3 Navarro en la nota divulgada por la Secretar\u00eda de Comunicaciones del PLD.<\/p>\n\n\n\n<p>Agreg\u00f3 que con antecedentes como el de Consejo Econ\u00f3mico y Social adem\u00e1s de similar accionar cuando se dio el impasse con Hait\u00ed los sectores opositores del gobierno se resisten a ser nuevamente tomados de relajo.<\/p>\n\n\n\n<p>\u201cY tambi\u00e9n los mecanismos, porque no se puede convocar por los medios de comunicaci\u00f3n para que la oposici\u00f3n apoye determinada iniciativa del gobierno\u201d, acot\u00f3 el dirigente pelede\u00edsta.<\/p>\n\n\n\n<p>Al responder las increpaciones de Fafa Taveras, Andr\u00e9s Navarro le aclar\u00f3 que quien ostenta la presidencia de la Rep\u00fablica es quien debe asumir las consecuencias del manejo propagand\u00edstico electorero con que se manejan importantes temas nacionales como es el caso de las relaciones dom\u00ednico haitianas.<\/p>\n\n\n\n<p>\u201cSi el presidente de la Rep\u00fablica act\u00faa de manera irresponsable frente a determinada situaci\u00f3n nuestro deber, nuestra obligaci\u00f3n, como organizaciones de oposici\u00f3n es llamarle la atenci\u00f3n; no sumarnos como ovejitas al show que el oficialismo est\u00e9 montando\u201d, agreg\u00f3 el tambi\u00e9n coordinador de la campa\u00f1a del candidato presidencial del PLD, Abel Mart\u00ednez. &nbsp;<\/p>\n\n\n\n<p>Concluy\u00f3 que los partidos de oposici\u00f3n estar\u00edan en actitud diferentes si el presidente Lu\u00eds Abinader demostrara posiciones serias y responsables, pero sobre todo eminentemente electoreras.<\/p>\n\n\n\n<p><strong>SECRETARIA DE COMUNICACIONES<\/strong><\/p>\n\n\n\n<p><strong>01 DE DICIEMBRE, 2023.-<\/strong><\/p>\n\n\n\n<p><\/p>\n","protected":false},"excerpt":{"rendered":"<p>Andr\u00e9s Navarro, del CP del PLD, denuncia que el presidente Abinader han puesto de relajo al pa\u00eds y los diversos sectores de la oposici\u00f3n. Andr\u00e9s Navarro,&nbsp;integrante del Comit\u00e9 Pol\u00edtico del Partido de la Liberaci\u00f3n Dominicana (PLD),&nbsp;proclam\u00f3 que desde que el presidente Lu\u00eds Abinader y el Partido Revolucionario Moderno asumieron el poder pol\u00edtico a finales del [&hellip;]<\/p>\n","protected":false},"author":7,"featured_media":493000,"comment_status":"closed","ping_status":"","sticky":true,"template":"","format":"standard","meta":{"footnotes":""},"categories":[22,27],"tags":[],"class_list":["post-492958","post","type-post","status-publish","format-standard","has-post-thumbnail","hentry","category-politica","category-portada"],"_links":{"self":[{"href":"https:\/\/diariodominicano.com\/index.php?rest_route=\/wp\/v2\/posts\/492958","targetHints":{"allow":["GET"]}}],"collection":[{"href":"https:\/\/diariodominicano.com\/index.php?rest_route=\/wp\/v2\/posts"}],"about":[{"href":"https:\/\/diariodominicano.com\/index.php?rest_route=\/wp\/v2\/types\/post"}],"author":[{"embeddable":true,"href":"https:\/\/diariodominicano.com\/index.php?rest_route=\/wp\/v2\/users\/7"}],"replies":[{"embeddable":true,"href":"https:\/\/diariodominicano.com\/index.php?rest_route=%2Fwp%2Fv2%2Fcomments&post=492958"}],"version-history":[{"count":1,"href":"https:\/\/diariodominicano.com\/index.php?rest_route=\/wp\/v2\/posts\/492958\/revisions"}],"predecessor-version":[{"id":493001,"href":"https:\/\/diariodominicano.com\/index.php?rest_route=\/wp\/v2\/posts\/492958\/revisions\/493001"}],"wp:featuredmedia":[{"embeddable":true,"href":"https:\/\/diariodominicano.com\/index.php?rest_route=\/wp\/v2\/media\/493000"}],"wp:attachment":[{"href":"https:\/\/diariodominicano.com\/index.php?rest_route=%2Fwp%2Fv2%2Fmedia&parent=492958"}],"wp:term":[{"taxonomy":"category","embeddable":true,"href":"https:\/\/diariodominicano.com\/index.php?rest_route=%2Fwp%2Fv2%2Fcategories&post=492958"},{"taxonomy":"post_tag","embeddable":true,"href":"https:\/\/diariodominicano.com\/index.php?rest_route=%2Fwp%2Fv2%2Ftags&post=492958"}],"curies":[{"name":"wp","href":"https:\/\/api.w.org\/{rel}","templated":true}]}}