{"id":492941,"date":"2023-12-01T10:27:11","date_gmt":"2023-12-01T14:27:11","guid":{"rendered":"https:\/\/diariodominicano.com\/?p=492941"},"modified":"2023-12-01T10:27:11","modified_gmt":"2023-12-01T14:27:11","slug":"tribunal-superior-electoral-conoce-313-audiencias-durante-los-meses-octubre-y-noviembre-2023","status":"publish","type":"post","link":"https:\/\/diariodominicano.com\/?p=492941","title":{"rendered":"Tribunal Superior Electoral conoce 313 audiencias durante los meses octubre y noviembre 2023"},"content":{"rendered":"\n<p>diariodominicano.com<\/p>\n\n\n\n<p><strong>Santo Domingo, R. D.,  1 de diciembre, 2023.<\/strong>-El Tribunal Superior Electoral (TSE) conoci\u00f3 313 audiencias que se han derivados de los diferentes m\u00e9todos de elecci\u00f3n de los partidos, movimientos y agrupaciones pol\u00edticas con mira a las elecciones municipales del pr\u00f3ximo a\u00f1o.<\/p>\n\n\n\n<p>\u201cAcci\u00f3n de Amparo Preventivo; Acci\u00f3n de Amparo Ordinario;&nbsp; Demanda en Nulidad y Precandidatura a Diputado por la Circunscripci\u00f3n No. 6 Santo Domingo Norte\u2019; \u2018\u2018Recurso de Amparo\u2019\u2019; \u2018\u2018Solicitud de Reconteo de Boletas y Revisi\u00f3n de Resultados\u2019\u2019; \u2018\u2018Demanda de impugnaci\u00f3n\u2019\u2019, \u2018\u2018Solicitud de revisi\u00f3n de resultados electorales del nivel de alcalde\u201d; \u201cRecuso de impugnaci\u00f3n\u201d; \u201cSolicitud de Revisi\u00f3n de&nbsp; Reconteo de Voto; Reclamaci\u00f3n por Transgresiones a la Ley de Partidos;&nbsp; Solicitud de verificaci\u00f3n de votos en boletas con marcas m\u00faltiples; Revisi\u00f3n de resultados electorales del nivel de regidores, revisi\u00f3n de acta de votaci\u00f3n y reconteo, entre otros procesos fueron ventilados durante los dos \u00faltimos meses.<\/p>\n\n\n\n<p>Las acciones y demandas abarcaron a miembros de las organizaciones pol\u00edticas en todo el territorio nacional que alegaron violaciones al derecho fundamental de elegir y ser elegible.<\/p>\n\n\n\n<p>Los vol\u00famenes de las audiencias se realizaron del 1ro de octubre al 30 de noviembre 2023, per\u00edodo en el que la Alta Corte tuvo que habilitar horario extraordinario los fines de semanas y hasta las 7:00 de la noche de lunes a viernes.<\/p>\n\n\n\n<p>De las 313 audiencias, se conocieron en el mes de octubre 147, mientras que en el mes de noviembre 166.<\/p>\n\n\n\n<p>El pleno del TSE conformado por el juez presidente, Ygnacio Pascual Camacho y los jueces titulares, Hermenegilda Fondeur Ram\u00edrez; Rosa P\u00e9rez de Garc\u00eda; Pedro P. Yermenos Forastieri y Fernando Fern\u00e1ndez Cruz destacan el compromiso continuo del tribunal con la eficacia y la justicia de calidad ofrecida por esta alta corte.<\/p>\n\n\n\n<p>Como indica la misi\u00f3n del Tribunal Superior Electoral el pleno busca garantizar el ejercicio de los derechos pol\u00edticos electorales de las personas y decidir con transparencia, imparcialidad, eficacia y celeridad los conflictos contencioso electorales y los que surjan a lo interno o entre los partidos, movimientos y agrupaciones pol\u00edticas; el juzgamiento de lo penal electoral y la rectificaci\u00f3n de las actas del Estado Civil, promoviendo seguridad jur\u00eddica y consolidando el estado social y democr\u00e1tico de derecho, consagrado por la Constituci\u00f3n de la Rep\u00fablica.<\/p>\n\n\n\n<p>Durante el mes de octubre, los jueces del TSE y sus colaboradores, laboraron&nbsp;&nbsp; cada s\u00e1bado y domingo para atender cualquier eventualidad previo, durante y despu\u00e9s de los eventos partidarios a prop\u00f3sito de la selecci\u00f3n de sus candidatos a puestos de elecci\u00f3n popular.<\/p>\n\n\n\n<p>El horario extendido que habilit\u00f3 el Tribunal, que abarc\u00f3 los s\u00e1bados y domingos, procuraba dar respuestas a las acciones jurisdiccionales que se derivaron de los eventos internos que est\u00e1n celebrando los partidos, agrupaciones y movimientos pol\u00edticos.<\/p>\n\n\n\n<p>La medida fue adoptada mediante la novena resoluci\u00f3n, contenida en el acta n\u00famero 31, de la sesi\u00f3n administrativa del Pleno, realizada como contribuci\u00f3n para ampliar la disponibilidad de la Instituci\u00f3n y de esa manera dar salida oportuna a posibles acciones que puedan incoarse con motivo de los eventos mencionados.<\/p>\n\n\n\n<p>La habilitaci\u00f3n del TSE durante el per\u00edodo referido, es una manifestaci\u00f3n de la voluntad del Pleno de cumplir con su deber en lo relativo a la consolidaci\u00f3n del proceso democr\u00e1tico de la naci\u00f3n, en esta ocasi\u00f3n de cara a las elecciones municipales pautadas para febrero y congresuales y presidenciales de mayo del 2024.<br><br><strong>Direcci\u00f3n de Comunicaciones TSE<\/strong><\/p>\n","protected":false},"excerpt":{"rendered":"<p>diariodominicano.com Santo Domingo, R. D., 1 de diciembre, 2023.-El Tribunal Superior Electoral (TSE) conoci\u00f3 313 audiencias que se han derivados de los diferentes m\u00e9todos de elecci\u00f3n de los partidos, movimientos y agrupaciones pol\u00edticas con mira a las elecciones municipales del pr\u00f3ximo a\u00f1o. \u201cAcci\u00f3n de Amparo Preventivo; Acci\u00f3n de Amparo Ordinario;&nbsp; Demanda en Nulidad y Precandidatura [&hellip;]<\/p>\n","protected":false},"author":5,"featured_media":485963,"comment_status":"closed","ping_status":"","sticky":true,"template":"","format":"standard","meta":{"footnotes":""},"categories":[20,22,27],"tags":[],"class_list":["post-492941","post","type-post","status-publish","format-standard","has-post-thumbnail","hentry","category-dominicana-hoy","category-politica","category-portada"],"_links":{"self":[{"href":"https:\/\/diariodominicano.com\/index.php?rest_route=\/wp\/v2\/posts\/492941","targetHints":{"allow":["GET"]}}],"collection":[{"href":"https:\/\/diariodominicano.com\/index.php?rest_route=\/wp\/v2\/posts"}],"about":[{"href":"https:\/\/diariodominicano.com\/index.php?rest_route=\/wp\/v2\/types\/post"}],"author":[{"embeddable":true,"href":"https:\/\/diariodominicano.com\/index.php?rest_route=\/wp\/v2\/users\/5"}],"replies":[{"embeddable":true,"href":"https:\/\/diariodominicano.com\/index.php?rest_route=%2Fwp%2Fv2%2Fcomments&post=492941"}],"version-history":[{"count":1,"href":"https:\/\/diariodominicano.com\/index.php?rest_route=\/wp\/v2\/posts\/492941\/revisions"}],"predecessor-version":[{"id":492942,"href":"https:\/\/diariodominicano.com\/index.php?rest_route=\/wp\/v2\/posts\/492941\/revisions\/492942"}],"wp:featuredmedia":[{"embeddable":true,"href":"https:\/\/diariodominicano.com\/index.php?rest_route=\/wp\/v2\/media\/485963"}],"wp:attachment":[{"href":"https:\/\/diariodominicano.com\/index.php?rest_route=%2Fwp%2Fv2%2Fmedia&parent=492941"}],"wp:term":[{"taxonomy":"category","embeddable":true,"href":"https:\/\/diariodominicano.com\/index.php?rest_route=%2Fwp%2Fv2%2Fcategories&post=492941"},{"taxonomy":"post_tag","embeddable":true,"href":"https:\/\/diariodominicano.com\/index.php?rest_route=%2Fwp%2Fv2%2Ftags&post=492941"}],"curies":[{"name":"wp","href":"https:\/\/api.w.org\/{rel}","templated":true}]}}