{"id":492922,"date":"2023-12-01T09:28:40","date_gmt":"2023-12-01T13:28:40","guid":{"rendered":"https:\/\/diariodominicano.com\/?p=492922"},"modified":"2023-12-01T09:28:40","modified_gmt":"2023-12-01T13:28:40","slug":"prd-y-miguel-vargas-invitan-a-recorridos-en-la-romana-y-san-pedro-de-macoris-este-fin-de-semana-junto-a-candidatos","status":"publish","type":"post","link":"https:\/\/diariodominicano.com\/?p=492922","title":{"rendered":"PRD y Miguel Vargas invitan a recorridos en La Romana y San Pedro de Macor\u00eds este fin de semana junto a candidatos"},"content":{"rendered":"\n<p>diariodominicano.com<\/p>\n\n\n\n<p>Santo Domingo, R. D.,  1 de diciembre, 2023.-   Este s\u00e1bado y domingo, el candidato presidencial del Partido Revolucionario Dominicano (PRD),\u00a0<strong>Miguel Vargas Maldonado<\/strong>, visita La Romana y San Pedro de Macor\u00eds, para encabezar sendos recorridos en apoyo a las candidaturas perrede\u00edstas en estas demarcaciones.<\/p>\n\n\n\n<p>&nbsp;Acomp\u00e1\u00f1anos en La Romana este s\u00e1bado, iniciando a las 10:00 a. m., y el domingo en San Pedro de Macor\u00eds, a partir de la misma hora.<\/p>\n\n\n\n<p>En ambas provincias, las actividades tendr\u00e1n como punto de inicio el local del PRD.<\/p>\n\n\n\n<p><strong>FECHA:<\/strong>&nbsp;s\u00e1bado, 02 de diciembre de 2023, en La Romana<\/p>\n\n\n\n<p><strong>LUGAR:<\/strong>&nbsp; local del PRD<\/p>\n\n\n\n<p><strong>HORA DE ENCUENTRO: 9:00 a. m.<\/strong><\/p>\n\n\n\n<p><strong>FECHA:<\/strong>&nbsp;domingo, 03 de diciembre de 2023, en San Pedro de Macor\u00eds<\/p>\n\n\n\n<p><strong>LUGAR:<\/strong>&nbsp; local del PRD<\/p>\n\n\n\n<p><strong>HORA DE ENCUENTRO: 9:00 a. m.<\/strong><\/p>\n\n\n\n<p>Comunicaci\u00f3n Integral Rep Dom<\/p>\n\n\n\n<p><a rel=\"noreferrer noopener\" target=\"_blank\" href=\"mailto:comunicacionintegralrepdom@gmail.com\">comunicacionintegralrepdom@gmail.com<\/a><\/p>\n\n\n\n<p><\/p>\n","protected":false},"excerpt":{"rendered":"<p>diariodominicano.com Santo Domingo, R. D., 1 de diciembre, 2023.- Este s\u00e1bado y domingo, el candidato presidencial del Partido Revolucionario Dominicano (PRD),\u00a0Miguel Vargas Maldonado, visita La Romana y San Pedro de Macor\u00eds, para encabezar sendos recorridos en apoyo a las candidaturas perrede\u00edstas en estas demarcaciones. &nbsp;Acomp\u00e1\u00f1anos en La Romana este s\u00e1bado, iniciando a las 10:00 a. [&hellip;]<\/p>\n","protected":false},"author":5,"featured_media":408996,"comment_status":"closed","ping_status":"","sticky":true,"template":"","format":"standard","meta":{"footnotes":""},"categories":[22,27],"tags":[],"class_list":["post-492922","post","type-post","status-publish","format-standard","has-post-thumbnail","hentry","category-politica","category-portada"],"_links":{"self":[{"href":"https:\/\/diariodominicano.com\/index.php?rest_route=\/wp\/v2\/posts\/492922","targetHints":{"allow":["GET"]}}],"collection":[{"href":"https:\/\/diariodominicano.com\/index.php?rest_route=\/wp\/v2\/posts"}],"about":[{"href":"https:\/\/diariodominicano.com\/index.php?rest_route=\/wp\/v2\/types\/post"}],"author":[{"embeddable":true,"href":"https:\/\/diariodominicano.com\/index.php?rest_route=\/wp\/v2\/users\/5"}],"replies":[{"embeddable":true,"href":"https:\/\/diariodominicano.com\/index.php?rest_route=%2Fwp%2Fv2%2Fcomments&post=492922"}],"version-history":[{"count":1,"href":"https:\/\/diariodominicano.com\/index.php?rest_route=\/wp\/v2\/posts\/492922\/revisions"}],"predecessor-version":[{"id":492923,"href":"https:\/\/diariodominicano.com\/index.php?rest_route=\/wp\/v2\/posts\/492922\/revisions\/492923"}],"wp:featuredmedia":[{"embeddable":true,"href":"https:\/\/diariodominicano.com\/index.php?rest_route=\/wp\/v2\/media\/408996"}],"wp:attachment":[{"href":"https:\/\/diariodominicano.com\/index.php?rest_route=%2Fwp%2Fv2%2Fmedia&parent=492922"}],"wp:term":[{"taxonomy":"category","embeddable":true,"href":"https:\/\/diariodominicano.com\/index.php?rest_route=%2Fwp%2Fv2%2Fcategories&post=492922"},{"taxonomy":"post_tag","embeddable":true,"href":"https:\/\/diariodominicano.com\/index.php?rest_route=%2Fwp%2Fv2%2Ftags&post=492922"}],"curies":[{"name":"wp","href":"https:\/\/api.w.org\/{rel}","templated":true}]}}