{"id":492826,"date":"2023-11-30T23:13:43","date_gmt":"2023-12-01T03:13:43","guid":{"rendered":"https:\/\/diariodominicano.com\/?p=492826"},"modified":"2023-11-30T23:20:59","modified_gmt":"2023-12-01T03:20:59","slug":"aird-entrega-galardones-por-aportes-al-sector-industrial","status":"publish","type":"post","link":"https:\/\/diariodominicano.com\/?p=492826","title":{"rendered":"AIRD entrega galardones por aportes al sector industrial\u00a0"},"content":{"rendered":"\n<p>Acto de galardones <\/p>\n\n\n\n<p><strong><em>La instituci\u00f3n afirm\u00f3 que los reconocimientos constituyen una clara se\u00f1al de que el fomento, la promoci\u00f3n y la defensa del sector industrial dominicano es una tarea que no se detiene.&nbsp;<\/em><\/strong><em>&nbsp;&nbsp;<\/em><\/p>\n\n\n\n<figure class=\"wp-block-image size-large\"><img loading=\"lazy\" decoding=\"async\" width=\"1024\" height=\"683\" src=\"https:\/\/diariodominicano.com\/wp-content\/uploads\/2023\/11\/Galardon-a-Cesar-Iglesias-1024x683.jpeg\" alt=\"\" class=\"wp-image-492830\" srcset=\"https:\/\/diariodominicano.com\/wp-content\/uploads\/2023\/11\/Galardon-a-Cesar-Iglesias-1024x683.jpeg 1024w, https:\/\/diariodominicano.com\/wp-content\/uploads\/2023\/11\/Galardon-a-Cesar-Iglesias-300x200.jpeg 300w, https:\/\/diariodominicano.com\/wp-content\/uploads\/2023\/11\/Galardon-a-Cesar-Iglesias-768x512.jpeg 768w, https:\/\/diariodominicano.com\/wp-content\/uploads\/2023\/11\/Galardon-a-Cesar-Iglesias-1536x1024.jpeg 1536w, https:\/\/diariodominicano.com\/wp-content\/uploads\/2023\/11\/Galardon-a-Cesar-Iglesias-2048x1365.jpeg 2048w, https:\/\/diariodominicano.com\/wp-content\/uploads\/2023\/11\/Galardon-a-Cesar-Iglesias-816x544.jpeg 816w\" sizes=\"auto, (max-width: 1024px) 100vw, 1024px\" \/><figcaption>Galard\u00f3n a C\u00e9sar Iglesias <\/figcaption><\/figure>\n\n\n\n<p><strong>Santo Domingo<\/strong>, RD.<strong>\u00a0&#8211;<\/strong>\u00a0La Asociaci\u00f3n de Industrias de la Rep\u00fablica Dominicana Rep\u00fablica Dominicana (AIRD) celebr\u00f3 este jueves el acto de entrega de galardones industriales donde reconoci\u00f3 los aportes al desarrollo industrial de instituciones y empresas dominicanas.<\/p>\n\n\n\n<p>En el evento, que cont\u00f3 con la participaci\u00f3n de la Vicepresidenta de la Rep\u00fablica, Raquel Pe\u00f1a, fueron reconocidos C\u00e9sar Iglesias, el Ministerio de Industria, Comercio y Mipymes y don Rafael Menicucci Vila por sus aportes extraordinarios al sector industrial.&nbsp;<\/p>\n\n\n\n<figure class=\"wp-block-image size-large\"><img loading=\"lazy\" decoding=\"async\" width=\"1024\" height=\"683\" src=\"https:\/\/diariodominicano.com\/wp-content\/uploads\/2023\/11\/Julio-Brache-presidente-de-la-AIRD-1024x683.jpeg\" alt=\"\" class=\"wp-image-492833\" srcset=\"https:\/\/diariodominicano.com\/wp-content\/uploads\/2023\/11\/Julio-Brache-presidente-de-la-AIRD-1024x683.jpeg 1024w, https:\/\/diariodominicano.com\/wp-content\/uploads\/2023\/11\/Julio-Brache-presidente-de-la-AIRD-300x200.jpeg 300w, https:\/\/diariodominicano.com\/wp-content\/uploads\/2023\/11\/Julio-Brache-presidente-de-la-AIRD-768x512.jpeg 768w, https:\/\/diariodominicano.com\/wp-content\/uploads\/2023\/11\/Julio-Brache-presidente-de-la-AIRD-1536x1024.jpeg 1536w, https:\/\/diariodominicano.com\/wp-content\/uploads\/2023\/11\/Julio-Brache-presidente-de-la-AIRD-2048x1365.jpeg 2048w, https:\/\/diariodominicano.com\/wp-content\/uploads\/2023\/11\/Julio-Brache-presidente-de-la-AIRD-816x544.jpeg 816w\" sizes=\"auto, (max-width: 1024px) 100vw, 1024px\" \/><figcaption>Julio Virgilio  Brache  presidente de la AIRD<\/figcaption><\/figure>\n\n\n\n<p>Julio Virgilio Brache, presidente de la AIRD, al pronunciar las palabras centrales del evento, se\u00f1al\u00f3 que las cifras exhibidas por el sector industrial indican un comportamiento positivo y muestran la importancia de la industria para el desarrollo sostenible de la naci\u00f3n.&nbsp;<\/p>\n\n\n\n<p>Nuestro slogan \u00bb TODOS SOMOS INDUSTRIA\u00bb est\u00e1 fundamentado en que el sector ha contribuido en forma determinante con el desarrollo y la estabilidad en nuestro pa\u00eds. Lo Hecho en RD est\u00e1 presente, desde las microempresas en barrios y campos, hasta las grandes empresas industriales. Somos una naci\u00f3n con coraz\u00f3n industrial\u201d indic\u00f3 Brache.<\/p>\n\n\n\n<p>Asegur\u00f3 que el sector industrial, en el 2023 genera sobre los 480 mil empleos directos.&nbsp; \u201cDe acuerdo con las \u00faltimas cifras del Banco Central, el 67% de los empleos industriales son formales, es decir se reportan a la TSS, comparado con el 39% del sector privado en su conjunto. No solo la industria tiene un alto \u00edndice de formalidad, sino que tambi\u00e9n dentro de los empleos formales del sector, el salario promedio es un 20% mayor que el promedio de los salarios del sector privado\u201d, explic\u00f3 el presidente de la AIRD.&nbsp;<\/p>\n\n\n\n<figure class=\"wp-block-image size-large\"><img loading=\"lazy\" decoding=\"async\" width=\"1024\" height=\"683\" src=\"https:\/\/diariodominicano.com\/wp-content\/uploads\/2023\/11\/Mario-Pujols-1024x683.jpeg\" alt=\"\" class=\"wp-image-492835\" srcset=\"https:\/\/diariodominicano.com\/wp-content\/uploads\/2023\/11\/Mario-Pujols-1024x683.jpeg 1024w, https:\/\/diariodominicano.com\/wp-content\/uploads\/2023\/11\/Mario-Pujols-300x200.jpeg 300w, https:\/\/diariodominicano.com\/wp-content\/uploads\/2023\/11\/Mario-Pujols-768x512.jpeg 768w, https:\/\/diariodominicano.com\/wp-content\/uploads\/2023\/11\/Mario-Pujols-1536x1024.jpeg 1536w, https:\/\/diariodominicano.com\/wp-content\/uploads\/2023\/11\/Mario-Pujols-2048x1365.jpeg 2048w, https:\/\/diariodominicano.com\/wp-content\/uploads\/2023\/11\/Mario-Pujols-816x544.jpeg 816w\" sizes=\"auto, (max-width: 1024px) 100vw, 1024px\" \/><figcaption>Mario Pujols vicepresidente ejecutivo de la AIRD<\/figcaption><\/figure>\n\n\n\n<p>De su lado, el Vicepresidente Ejecutivo de la AIRD, Mario E. Pujols, manifest\u00f3 que la entrega del Galard\u00f3n a la Labor Institucional de Apoyo al Sector Industrial, el Galard\u00f3n Nacional a la Industria Dominicana y el Galard\u00f3n al M\u00e9rito Industrial, son reconocimientos que muestran con claridad que el fomento, la promoci\u00f3n y la defensa del sector industrial dominicano es una tarea que no se detiene, por lo cual se hace necesario resaltar a quienes, con sus contribuciones y aportes, distinguen y diferencian a nuestro sector<\/p>\n\n\n\n<figure class=\"wp-block-image size-large\"><img loading=\"lazy\" decoding=\"async\" width=\"683\" height=\"1024\" src=\"https:\/\/diariodominicano.com\/wp-content\/uploads\/2023\/11\/Ito-Bisono\u0301-683x1024.jpeg\" alt=\"\" class=\"wp-image-492836\" srcset=\"https:\/\/diariodominicano.com\/wp-content\/uploads\/2023\/11\/Ito-Bisono\u0301-683x1024.jpeg 683w, https:\/\/diariodominicano.com\/wp-content\/uploads\/2023\/11\/Ito-Bisono\u0301-200x300.jpeg 200w, https:\/\/diariodominicano.com\/wp-content\/uploads\/2023\/11\/Ito-Bisono\u0301-768x1152.jpeg 768w, https:\/\/diariodominicano.com\/wp-content\/uploads\/2023\/11\/Ito-Bisono\u0301-1024x1536.jpeg 1024w, https:\/\/diariodominicano.com\/wp-content\/uploads\/2023\/11\/Ito-Bisono\u0301-1365x2048.jpeg 1365w, https:\/\/diariodominicano.com\/wp-content\/uploads\/2023\/11\/Ito-Bisono\u0301-816x1224.jpeg 816w, https:\/\/diariodominicano.com\/wp-content\/uploads\/2023\/11\/Ito-Bisono\u0301-scaled.jpeg 1706w\" sizes=\"auto, (max-width: 683px) 100vw, 683px\" \/><figcaption>V\u00edctor -Ito- Bison\u00f3<\/figcaption><\/figure>\n\n\n\n<p><strong>Galardonados<\/strong><\/p>\n\n\n\n<p>Por el Ministerio de Industria, Comercio y Mipymes (MICM), el galard\u00f3n fue recibido por su ministro, V\u00edctor -Ito- Bison\u00f3.&nbsp;<\/p>\n\n\n\n<p>Al recibir el galard\u00f3n, el ministro Bison\u00f3 expres\u00f3 que \u201cdesde que asumimos esta responsabilidad de dirigir el ministerio, hace ya 3 a\u00f1os y 3 meses, tuvimos como norte, la necesidad de encauzar al pa\u00eds por una nueva senda del desarrollo, fomentando los sectores productivos a trav\u00e9s del impulso y activaci\u00f3n de las industrias y de las grandes, medianas y peque\u00f1as empresas, facilitando la creaci\u00f3n de empleos productivos y la generaci\u00f3n de riquezas, como piezas clave de la recuperaci\u00f3n econ\u00f3mica\u201d.<\/p>\n\n\n\n<p>En cuanto al Galard\u00f3n Nacional a la Industria Dominicana, este fue recibido por Miguel Feris Chalas y Jes\u00fas Feris Ferr\u00fas en representaci\u00f3n de la empresa C\u00e9sar Iglesias.&nbsp;<\/p>\n\n\n\n<p>\u201cApostamos a crear mejores productos que las grandes f\u00e1bricas en cualquier parte del mundo. No tenemos miedo a las aperturas de mercados porque estamos convencidos de que sabremos, y podremos, sobreponernos a cualquier dificultad para continuar fabricando productos de calidad y a precios competitivos para todos los dominicanos\u201d indicaron los representantes de C\u00e9sar Iglesias.&nbsp;<\/p>\n\n\n\n<p>Con respecto al Galard\u00f3n al M\u00e9rito Industrial, fue entregado a don Rafael Menicucci, el Ingeniero, quien estuvo acompa\u00f1ado de sus familiares.&nbsp;<\/p>\n\n\n\n<p>\u201cGracias por el honor que me confieren en este d\u00eda en que celebr\u00f3 un v\u00ednculo de a\u00f1os con esta querida AIRD. No he hecho m\u00e1s que cumplir gustosamente con mi responsabilidad, siempre tratando de defender lo que he cre\u00eddo y a lo que he consagrado mi vida: al sector industrial y productivo nacional\u201d dijo Menicucci al recibir el galard\u00f3n.<\/p>\n\n\n\n<p><strong>Sobre el Acto de Entrega de Galardones<\/strong><\/p>\n\n\n\n<p>El evento se realiz\u00f3 en las instalaciones del Hotel Jaragua y cont\u00f3 con la participaci\u00f3n de la Vicepresidenta de la Rep\u00fablica, los principales l\u00edderes del sector industrial, empresarios, funcionarios, miembros de la prensa y relacionados de la AIRD.<\/p>\n\n\n\n<p>L\u00eda \u00c1lvarez L\u00f3pez<a rel=\"noreferrer noopener\" target=\"_blank\" href=\"mailto:lia@mediaticos.com.do\">lia@mediaticos.com.do<\/a><\/p>\n","protected":false},"excerpt":{"rendered":"<p>Acto de galardones La instituci\u00f3n afirm\u00f3 que los reconocimientos constituyen una clara se\u00f1al de que el fomento, la promoci\u00f3n y la defensa del sector industrial dominicano es una tarea que no se detiene.&nbsp;&nbsp;&nbsp; Santo Domingo, RD.\u00a0&#8211;\u00a0La Asociaci\u00f3n de Industrias de la Rep\u00fablica Dominicana Rep\u00fablica Dominicana (AIRD) celebr\u00f3 este jueves el acto de entrega de galardones [&hellip;]<\/p>\n","protected":false},"author":28,"featured_media":492827,"comment_status":"closed","ping_status":"","sticky":true,"template":"","format":"standard","meta":{"footnotes":""},"categories":[36,20,27,32],"tags":[],"class_list":["post-492826","post","type-post","status-publish","format-standard","has-post-thumbnail","hentry","category-hombresmujeresycosas","category-dominicana-hoy","category-portada","category-turismo"],"_links":{"self":[{"href":"https:\/\/diariodominicano.com\/index.php?rest_route=\/wp\/v2\/posts\/492826","targetHints":{"allow":["GET"]}}],"collection":[{"href":"https:\/\/diariodominicano.com\/index.php?rest_route=\/wp\/v2\/posts"}],"about":[{"href":"https:\/\/diariodominicano.com\/index.php?rest_route=\/wp\/v2\/types\/post"}],"author":[{"embeddable":true,"href":"https:\/\/diariodominicano.com\/index.php?rest_route=\/wp\/v2\/users\/28"}],"replies":[{"embeddable":true,"href":"https:\/\/diariodominicano.com\/index.php?rest_route=%2Fwp%2Fv2%2Fcomments&post=492826"}],"version-history":[{"count":7,"href":"https:\/\/diariodominicano.com\/index.php?rest_route=\/wp\/v2\/posts\/492826\/revisions"}],"predecessor-version":[{"id":492838,"href":"https:\/\/diariodominicano.com\/index.php?rest_route=\/wp\/v2\/posts\/492826\/revisions\/492838"}],"wp:featuredmedia":[{"embeddable":true,"href":"https:\/\/diariodominicano.com\/index.php?rest_route=\/wp\/v2\/media\/492827"}],"wp:attachment":[{"href":"https:\/\/diariodominicano.com\/index.php?rest_route=%2Fwp%2Fv2%2Fmedia&parent=492826"}],"wp:term":[{"taxonomy":"category","embeddable":true,"href":"https:\/\/diariodominicano.com\/index.php?rest_route=%2Fwp%2Fv2%2Fcategories&post=492826"},{"taxonomy":"post_tag","embeddable":true,"href":"https:\/\/diariodominicano.com\/index.php?rest_route=%2Fwp%2Fv2%2Ftags&post=492826"}],"curies":[{"name":"wp","href":"https:\/\/api.w.org\/{rel}","templated":true}]}}