{"id":492775,"date":"2023-11-30T22:16:56","date_gmt":"2023-12-01T02:16:56","guid":{"rendered":"https:\/\/diariodominicano.com\/?p=492775"},"modified":"2023-11-30T22:17:21","modified_gmt":"2023-12-01T02:17:21","slug":"prestigiosa-entidad-entregara-el-premio-personalidad-cultural-y-literaria2023-reconocimientos-y-presentara-artistas","status":"publish","type":"post","link":"https:\/\/diariodominicano.com\/?p=492775","title":{"rendered":"Prestigiosa entidad entregar\u00e1 el Premio Personalidad Cultural y Literaria\u20192023, reconocimientos y presentar\u00e1 artistas"},"content":{"rendered":"\n<p><strong>Con la presidente de LACUHE en el centro, escritora Gladys Montol\u00edo, parte de los miembros de la entidad en una actividad reciente<\/strong>.<\/p>\n\n\n\n<p><strong>MANHATTAN, NY, EEUU<\/strong>.-\u00a0La prestigiosa organizaci\u00f3n The Latin American Cultural Heritage, Inc. (LACUHE), de Nueva York, anunci\u00f3 para el pr\u00f3ximo s\u00e1bado, la realizaci\u00f3n del XVI Encuentro Cultural Latinoamericano, donde se entregar\u00e1 el Premio Personalidad Cultural y Literaria\u20192023.<\/p>\n\n\n\n<figure class=\"wp-block-image size-full\"><img loading=\"lazy\" decoding=\"async\" width=\"600\" height=\"503\" src=\"https:\/\/diariodominicano.com\/wp-content\/uploads\/2023\/11\/91d8f139-2f14-4a2f-bf9e-5bad0613865d-1.jpg\" alt=\"\" class=\"wp-image-492778\" srcset=\"https:\/\/diariodominicano.com\/wp-content\/uploads\/2023\/11\/91d8f139-2f14-4a2f-bf9e-5bad0613865d-1.jpg 600w, https:\/\/diariodominicano.com\/wp-content\/uploads\/2023\/11\/91d8f139-2f14-4a2f-bf9e-5bad0613865d-1-300x252.jpg 300w\" sizes=\"auto, (max-width: 600px) 100vw, 600px\" \/><\/figure>\n\n\n\n<p>La distinguida escritora, Gladys Montol\u00edo, presidente de LACUHE, quien ofreci\u00f3 la informaci\u00f3n, dio a conocer que, la gran actividad anual, ser\u00e1 realizada el pr\u00f3ximo s\u00e1bado a partir de las 5:30pm, en el cuarto piso del 2406 de Amsterdam Avenue, de Manhattam.<\/p>\n\n\n\n<p>All\u00ed se entregar\u00e1 el Premio a la Personalidad Cultural del a\u00f1o 2023, a Altagracia Hiraldo y Carolina Beaumont, mientras que, ser\u00e1n reconocidos, Mirna \u00c1lvarez, Irlanda \u00c1lvarez, Claudio L\u00f3pez y \u00c9rika Ca\u00f1ete.<\/p>\n\n\n\n<p>La escritora Montol\u00edo agreg\u00f3 que, es una fiesta a la cultura, por tanto, los poetas, declamadores, artistas pl\u00e1sticos y cantantes a presentar, nos dar\u00e1n un derroche de arte, entre ellos, el cantautor Tonny Cornielle, el m\u00fasico Gilberto Penzo y el grupo folkl\u00f3rico paraguayo Panambi Vera, de Paraguay.<\/p>\n\n\n\n<p>Adem\u00e1s, los poetas, Nilton M, Danae Lamarque, Benjam\u00edn Garc\u00eda; los artistas pl\u00e1sticos, Erika Ca\u00f1ete, Claudio L\u00f3pez, Maximina Vidal, Ana Soto, Yv\u00f3n Lim\u00f3n, Gladys P\u00e9rez, Mara D Jim\u00e9nez, Elddry Castillo, Mar\u00eda D Jim\u00e9nez, Cesar T Chox.<\/p>\n\n\n\n<p>La maestr\u00eda de ceremonia estar\u00e1 a cargo de los licenciados, Mary Woss y Fausto Rodr\u00edguez.<\/p>\n","protected":false},"excerpt":{"rendered":"<p>Con la presidente de LACUHE en el centro, escritora Gladys Montol\u00edo, parte de los miembros de la entidad en una actividad reciente. MANHATTAN, NY, EEUU.-\u00a0La prestigiosa organizaci\u00f3n The Latin American Cultural Heritage, Inc. (LACUHE), de Nueva York, anunci\u00f3 para el pr\u00f3ximo s\u00e1bado, la realizaci\u00f3n del XVI Encuentro Cultural Latinoamericano, donde se entregar\u00e1 el Premio Personalidad [&hellip;]<\/p>\n","protected":false},"author":28,"featured_media":492767,"comment_status":"closed","ping_status":"","sticky":true,"template":"","format":"standard","meta":{"footnotes":""},"categories":[21,36,27,32],"tags":[],"class_list":["post-492775","post","type-post","status-publish","format-standard","has-post-thumbnail","hentry","category-cultura","category-hombresmujeresycosas","category-portada","category-turismo"],"_links":{"self":[{"href":"https:\/\/diariodominicano.com\/index.php?rest_route=\/wp\/v2\/posts\/492775","targetHints":{"allow":["GET"]}}],"collection":[{"href":"https:\/\/diariodominicano.com\/index.php?rest_route=\/wp\/v2\/posts"}],"about":[{"href":"https:\/\/diariodominicano.com\/index.php?rest_route=\/wp\/v2\/types\/post"}],"author":[{"embeddable":true,"href":"https:\/\/diariodominicano.com\/index.php?rest_route=\/wp\/v2\/users\/28"}],"replies":[{"embeddable":true,"href":"https:\/\/diariodominicano.com\/index.php?rest_route=%2Fwp%2Fv2%2Fcomments&post=492775"}],"version-history":[{"count":2,"href":"https:\/\/diariodominicano.com\/index.php?rest_route=\/wp\/v2\/posts\/492775\/revisions"}],"predecessor-version":[{"id":492779,"href":"https:\/\/diariodominicano.com\/index.php?rest_route=\/wp\/v2\/posts\/492775\/revisions\/492779"}],"wp:featuredmedia":[{"embeddable":true,"href":"https:\/\/diariodominicano.com\/index.php?rest_route=\/wp\/v2\/media\/492767"}],"wp:attachment":[{"href":"https:\/\/diariodominicano.com\/index.php?rest_route=%2Fwp%2Fv2%2Fmedia&parent=492775"}],"wp:term":[{"taxonomy":"category","embeddable":true,"href":"https:\/\/diariodominicano.com\/index.php?rest_route=%2Fwp%2Fv2%2Fcategories&post=492775"},{"taxonomy":"post_tag","embeddable":true,"href":"https:\/\/diariodominicano.com\/index.php?rest_route=%2Fwp%2Fv2%2Ftags&post=492775"}],"curies":[{"name":"wp","href":"https:\/\/api.w.org\/{rel}","templated":true}]}}