{"id":49273,"date":"2020-09-22T01:01:49","date_gmt":"2020-09-22T01:01:49","guid":{"rendered":"http:\/\/diariodominicano.ddns.net\/?p=49273"},"modified":"2020-09-22T01:01:49","modified_gmt":"2020-09-22T01:01:49","slug":"el-dia-que-el-huracan-georges-ocasiono-decenas-de-muertes-y-danos","status":"publish","type":"post","link":"https:\/\/diariodominicano.com\/?p=49273","title":{"rendered":"El d\u00eda que el hurac\u00e1n Georges ocasion\u00f3 decenas de muertes y da\u00f1os"},"content":{"rendered":"<p><body><\/p>\n<p><img decoding=\"async\" src=\"img3\/geoor.jpg\" \/>  <\/p>\n<p><strong>El d\u00eda que el hurac\u00e1n Georges ocasiona decenas de muertes y da\u00f1os <\/strong><\/p>\n<p><strong>SANTO DOMINGO,  el  22 de septiembre de  1998,<\/strong> el hurac\u00e1n Georges  devast\u00f3 a una gran parte del territorio de la Rep\u00fablica Dominicana. Adem\u00e1s de la ciudad de Santo Domingo, las zonas m\u00e1s afectadas fueron las provincias San Juan de la Maguana y Barahona, en la  regi\u00f3n Sur. Tras el paso del fen\u00f3meno natural,  el presidente Leonel Fern\u00e1ndez  aprob\u00f3  un plan nacional de reconstrucci\u00f3n, as\u00ed como asistencia a las familias y personas afectadas.<\/p>\n<\/p>\n<p>     En la regi\u00f3n Este  los mayores da\u00f1os se produjeron en  San Pedro de Macor\u00eds, La Romana, La Altagracia, El Seybo y Hato Mayor.<\/p>\n<\/p>\n<p>    El municipio de Tamayo fue cubierto por el agua y el lodo.<\/p>\n<\/p>\n<p>   En San Juan de la Maguana, el barrio Mesopotamia fue barrido por las aguas del r\u00edo Yaque del Sur.  Horas despu\u00e9s la dirigencia del Partido Revolucionario Dominicano (PRD)  puso a circular la versi\u00f3n de  que en  la Mesopotamia  mu\u00acrieron m\u00e1s de mil personas, y culparon de lo sucedido  al  Go\u00acbierno del PLD que encabezaba el presidente Leonel Fern\u00e1ndez, pero al poco tiempo la versi\u00f3n perredeista  respecto al n\u00famero de muertos, fue desmentida  por vecinos y por la Iglesia Cat\u00f3lica.  <\/p>\n<\/p>\n<p>Un sacerdote  que conoc\u00eda la Mesopotamia, precis\u00f3 que el n\u00famero fallecidos en el lugar fue  de 36 personas.<\/p>\n<\/p>\n<p>Horas antes la senadora del Distrito Nacional, doctora Milagros  Ort\u00edz Bosch hab\u00eda reiterado la versi\u00f3n del PRD  al peri\u00f3dico List\u00edn Diario,  de que murieron m\u00e1s de mil personas en la Mesopotamia.<\/p>\n<\/p>\n<p>    En principios  hab\u00eda  corrido la versi\u00f3n de  que murieron cientos de personas, pero luego la Iglesia Cat\u00f3lica y los organismos de socorro establecieron que el n\u00famero de muertos fue de 36.<\/p>\n<\/p>\n<p>    Los vientos del hurac\u00e1n Georges  ocasionaron da\u00f1os millonarios al sistema el\u00e9ctrico nacional y destruyeron los principales puentes de una parte de la regi\u00f3n sur, lo que oblig\u00f3 al primer Gobierno del presidente Fern\u00e1ndez  a hacer inversiones extraordinarias para la recuperaci\u00f3n.<\/p>\n<\/p>\n<p>    Las plantaciones de los principales rubros agr\u00edcolas, incluidos los platanales fueron devastadas por  los vientos del  hurac\u00e1n Georges.<\/p>\n<\/p>\n<p>    Para la reconstrucci\u00f3n  el  Banco Mundial y el Banco Interamericano de Desarrollo aprobaron a la Rep\u00fablica Dominicana, dos pr\u00e9stamos: uno de 111 millones de d\u00f3lares y otro de 105 millones, respectivamente, para ser invertidos en obras de restauraci\u00f3n de las obras afectadas por  los da\u00f1os ocasionados por el hurac\u00e1n Georges.<\/p>\n<\/p>\n<p>    En el mes de septiembre de 1999,  el Gobierno recibi\u00f3 el primer desembolso por un monto de 30 millones de d\u00f3lares.<\/p>\n<\/p>\n<p>   Las p\u00e9rdidas ocasionadas por el hurac\u00e1n Georges fueron estimadas en 35 mil millones de pesos.<\/p>\n<\/p>\n<h6> 2020-09-22 01:01:49 <\/h6>\n<p><!--\n<link rel=\"stylesheet\" href=\"css\/bootstrap.min.css\">\n\n\n<ul class=\"pagination\">\n\t    \n\t\n\n<li >\n\t<a href='?page_no=192'>Previous<\/a>\n\t<\/li>\n\n\n       \n    \n\n<li><a href='?page_no=1'>1<\/a><\/li>\n\n\n\n<li><a href='?page_no=2'>2<\/a><\/li>\n\n\n\n<li><a>...<\/a><\/li>\n\n\n\n<li><a href='?page_no=191'>191<\/a><\/li>\n\n\n\n<li><a href='?page_no=192'>192<\/a><\/li>\n\n\n\n<li class='active'><a>193<\/a><\/li>\n\n\n\n<li><a href='?page_no=194'>194<\/a><\/li>\n\n\n\n<li><a href='?page_no=195'>195<\/a><\/li>\n\n\n\n<li><a>...<\/a><\/li>\n\n\n\n<li><a href='?page_no=22911'>22911<\/a><\/li>\n\n\n\n<li><a href='?page_no=22912'>22912<\/a><\/li>\n\n    \n\t\n\n<li >\n\t<a href='?page_no=194'>Next<\/a>\n\t<\/li>\n\n\n    \n\n<li><a href='?page_no=22912'>Last &rsaquo;&rsaquo;<\/a><\/li>\n\n<\/ul>\n\n\n--><br \/>\n<\/body><\/p>\n","protected":false},"excerpt":{"rendered":"<p>El d\u00eda que el hurac\u00e1n Georges ocasiona decenas de muertes y da\u00f1os SANTO DOMINGO, el 22 de septiembre de 1998, el hurac\u00e1n Georges devast\u00f3 a una gran parte del territorio de la Rep\u00fablica Dominicana. Adem\u00e1s de la ciudad de Santo Domingo, las zonas m\u00e1s afectadas fueron las provincias San Juan de la Maguana y Barahona, [&hellip;]<\/p>\n","protected":false},"author":3,"featured_media":0,"comment_status":"open","ping_status":"open","sticky":false,"template":"","format":"standard","meta":{"footnotes":""},"categories":[21],"tags":[],"class_list":["post-49273","post","type-post","status-publish","format-standard","hentry","category-cultura"],"_links":{"self":[{"href":"https:\/\/diariodominicano.com\/index.php?rest_route=\/wp\/v2\/posts\/49273","targetHints":{"allow":["GET"]}}],"collection":[{"href":"https:\/\/diariodominicano.com\/index.php?rest_route=\/wp\/v2\/posts"}],"about":[{"href":"https:\/\/diariodominicano.com\/index.php?rest_route=\/wp\/v2\/types\/post"}],"author":[{"embeddable":true,"href":"https:\/\/diariodominicano.com\/index.php?rest_route=\/wp\/v2\/users\/3"}],"replies":[{"embeddable":true,"href":"https:\/\/diariodominicano.com\/index.php?rest_route=%2Fwp%2Fv2%2Fcomments&post=49273"}],"version-history":[{"count":0,"href":"https:\/\/diariodominicano.com\/index.php?rest_route=\/wp\/v2\/posts\/49273\/revisions"}],"wp:attachment":[{"href":"https:\/\/diariodominicano.com\/index.php?rest_route=%2Fwp%2Fv2%2Fmedia&parent=49273"}],"wp:term":[{"taxonomy":"category","embeddable":true,"href":"https:\/\/diariodominicano.com\/index.php?rest_route=%2Fwp%2Fv2%2Fcategories&post=49273"},{"taxonomy":"post_tag","embeddable":true,"href":"https:\/\/diariodominicano.com\/index.php?rest_route=%2Fwp%2Fv2%2Ftags&post=49273"}],"curies":[{"name":"wp","href":"https:\/\/api.w.org\/{rel}","templated":true}]}}