{"id":492697,"date":"2023-11-30T17:08:19","date_gmt":"2023-11-30T21:08:19","guid":{"rendered":"https:\/\/diariodominicano.com\/?p=492697"},"modified":"2023-11-30T17:08:19","modified_gmt":"2023-11-30T21:08:19","slug":"pld-ofrece-la-bienvenida-a-las-navidades-este-viernes-e-inicia-actos-de-festejos-de-su-50-aniversario","status":"publish","type":"post","link":"https:\/\/diariodominicano.com\/?p=492697","title":{"rendered":"PLD ofrece la bienvenida a las navidades este viernes e inicia actos de festejos de su 50 aniversario"},"content":{"rendered":"\n<p>diariodominicano.com<\/p>\n\n\n\n<p>Santo Domingo, R. D.,  30 de noviembre, 2023.-  A las seis de la tarde de este viernes, d\u00eda primero de diciembre, el\u00a0<strong>Partido de la Liberaci\u00f3n Dominicana (PLD),<\/strong>\u00a0encender\u00e1 las luces y exhibir\u00e1 las decoraciones navide\u00f1as en el complejo de edificaciones que componen las Casa Nacional Reinaldo Pared P\u00e9rez, acto tradicional de la familia pelede\u00edsta con el que formalmente ofrecen la bienvenida a las festividades navide\u00f1as.<\/p>\n\n\n\n<p>Esta temporada tiene la particularidad de marcar el inicio de las actividades finales de la celebraci\u00f3n del 50 aniversario de la fundaci\u00f3n del Partido de la Liberaci\u00f3n Dominicana<\/p>\n\n\n\n<p>El acto, que contar\u00e1 con la representaci\u00f3n de la direcci\u00f3n pol\u00edtica de la organizaci\u00f3n pol\u00edtica, se desarrollar\u00e1 en los jardines de la sede nacional, para el encendido del decorado y disfrutar de un brindis navide\u00f1o y m\u00fasica de la temporada<\/p>\n\n\n\n<p>Siguiendo la tradici\u00f3n, la Casa Nacional Reinaldo Pared P\u00e9rez se ilumina con luces de diferentes colores presentando una propuesta hermosa, que goza de la admiraci\u00f3n de los transe\u00fantes y los vecinos de Gascue.<\/p>\n\n\n\n<p>Para el encuentro se est\u00e1 convocando a miembros y militantes del PLD, a sus familiares, a amigos y a los vecinos de Gascue, que siempre acuden a la Casa Nacional a disfrutar del espect\u00e1culo visual de las luminarias.<\/p>\n\n\n\n<p>Con el inicio de diciembre el Partido de la Liberaci\u00f3n Dominicana marca el inicio de las actividades finales de la celebraci\u00f3n del 50 aniversario de la fundaci\u00f3n del PLD guiado por el concepto: \u201cLa Boda de oro del Partido de la Liberaci\u00f3n Dominicana con el Pueblo Dominicano\u201d<\/p>\n\n\n\n<p>\u201cLa decoraci\u00f3n y todos los adornos lo han hecho los compa\u00f1eros y compa\u00f1eras que forman parte de las diferentes oficinas del PLD\u201d se destaca en la nota period\u00edstica, preparada por la Secretar\u00eda de Comunicaciones del PLD.<\/p>\n\n\n\n<p>Desde la Secretar\u00eda General y la Comisi\u00f3n de Celebraciones y conmemoraciones, se est\u00e1 formalmente invitando a dirigentes del Gran Santo Domingo a participar del agasajo.<\/p>\n\n\n\n<p>Diciembre es un mes especial en el PLD, pues adem\u00e1s de la fecha aniversario, se celebra tambi\u00e9n el nacimiento de Jes\u00fas, una \u00e9poca llena de celebraciones y actos alegres.<\/p>\n\n\n\n<p><strong>SECRETARIA DE COMUNICACIONES<\/strong><\/p>\n\n\n\n<p><strong>30 DE NOVIEMBRE, 2023.-<\/strong><\/p>\n","protected":false},"excerpt":{"rendered":"<p>diariodominicano.com Santo Domingo, R. D., 30 de noviembre, 2023.- A las seis de la tarde de este viernes, d\u00eda primero de diciembre, el\u00a0Partido de la Liberaci\u00f3n Dominicana (PLD),\u00a0encender\u00e1 las luces y exhibir\u00e1 las decoraciones navide\u00f1as en el complejo de edificaciones que componen las Casa Nacional Reinaldo Pared P\u00e9rez, acto tradicional de la familia pelede\u00edsta con [&hellip;]<\/p>\n","protected":false},"author":5,"featured_media":487301,"comment_status":"closed","ping_status":"","sticky":true,"template":"","format":"standard","meta":{"footnotes":""},"categories":[20,22,27],"tags":[],"class_list":["post-492697","post","type-post","status-publish","format-standard","has-post-thumbnail","hentry","category-dominicana-hoy","category-politica","category-portada"],"_links":{"self":[{"href":"https:\/\/diariodominicano.com\/index.php?rest_route=\/wp\/v2\/posts\/492697","targetHints":{"allow":["GET"]}}],"collection":[{"href":"https:\/\/diariodominicano.com\/index.php?rest_route=\/wp\/v2\/posts"}],"about":[{"href":"https:\/\/diariodominicano.com\/index.php?rest_route=\/wp\/v2\/types\/post"}],"author":[{"embeddable":true,"href":"https:\/\/diariodominicano.com\/index.php?rest_route=\/wp\/v2\/users\/5"}],"replies":[{"embeddable":true,"href":"https:\/\/diariodominicano.com\/index.php?rest_route=%2Fwp%2Fv2%2Fcomments&post=492697"}],"version-history":[{"count":1,"href":"https:\/\/diariodominicano.com\/index.php?rest_route=\/wp\/v2\/posts\/492697\/revisions"}],"predecessor-version":[{"id":492698,"href":"https:\/\/diariodominicano.com\/index.php?rest_route=\/wp\/v2\/posts\/492697\/revisions\/492698"}],"wp:featuredmedia":[{"embeddable":true,"href":"https:\/\/diariodominicano.com\/index.php?rest_route=\/wp\/v2\/media\/487301"}],"wp:attachment":[{"href":"https:\/\/diariodominicano.com\/index.php?rest_route=%2Fwp%2Fv2%2Fmedia&parent=492697"}],"wp:term":[{"taxonomy":"category","embeddable":true,"href":"https:\/\/diariodominicano.com\/index.php?rest_route=%2Fwp%2Fv2%2Fcategories&post=492697"},{"taxonomy":"post_tag","embeddable":true,"href":"https:\/\/diariodominicano.com\/index.php?rest_route=%2Fwp%2Fv2%2Ftags&post=492697"}],"curies":[{"name":"wp","href":"https:\/\/api.w.org\/{rel}","templated":true}]}}