{"id":49262,"date":"2020-09-22T01:11:11","date_gmt":"2020-09-22T01:11:11","guid":{"rendered":"http:\/\/diariodominicano.ddns.net\/?p=49262"},"modified":"2020-09-22T01:11:11","modified_gmt":"2020-09-22T01:11:11","slug":"agentes-de-la-policia-matan-dirigente-de-izquierda-homero-hernandez-vargas","status":"publish","type":"post","link":"https:\/\/diariodominicano.com\/?p=49262","title":{"rendered":"Agentes de la Polic\u00eda matan dirigente de izquierda Homero Hern\u00e1ndez Vargas"},"content":{"rendered":"<p><body><\/p>\n<p><strong>Diariodominicano.com<\/strong><\/p>\n<p><strong>Agentes de la Polic\u00eda matan dirigente de izquierda Homero Hern\u00e1ndez Vargas<\/strong><\/p>\n<p><strong>SANTO DOMINGO,  el  22 de septiembre de 1971,<\/strong>  agentes de la Polic\u00eda Nacional mataron a balazos a H\u00e9ctor Homero Hern\u00e1ndez Vargas, l\u00edder de Acci\u00f3n de Lucha por una Nueva Quisqueya.<\/p>\n<\/p>\n<p>    En el momento que fue tiroteado por los agentes policiales, comandados por el sargento Juan Mar\u00eda Arias S\u00e1nchez, Homero Hern\u00e1ndez Vargas estaba  acompa\u00f1ado por su esposa Elsa Pe\u00f1a, quien ten\u00eda ocho meses de embarazo. <\/p>\n<\/p>\n<p>     El incidente se produjo en la avenida San Crist\u00f3bal de la ciudad de Santo Domingo. Juan Mar\u00eda Arias S\u00e1nchez, con el rango de teniente,  tambi\u00e9n  fue acusado el 17 de marzo de 1975, de ser el jefe del comando policial que asesin\u00f3 al periodista Gregorio Garc\u00eda Castro.<\/p>\n<\/p>\n<p>     Homero Hern\u00e1ndez Vargas hab\u00eda nacido en La Romana, en  1942.<\/p>\n<\/p>\n<p>     En el a\u00f1o 1963 particip\u00f3 en el movimiento guerrillero liderado por el doctor Manuel Aurelio ?Manolo- Tav\u00e1rez Justo y comandaba el frente Comandante Enrique Jim\u00e9nez Moya.<\/p>\n<\/p>\n<p>   Fue hecho prisionero y deportado en el a\u00f1o 1964, a Bruselas, B\u00e9lgica.<\/p>\n<\/p>\n<p>   Regres\u00f3 al pa\u00eds en el a\u00f1o 1965 y se integr\u00f3 a la lucha constitucionalista y el 25 de julio de 1965, particip\u00f3 en el combate de la Fortaleza Duarte, junto con Baldemiro Castro, Leal Prandy ?La Chuta- y  S\u00f3stene Pe\u00f1a J\u00e1quez.<\/p>\n<\/p>\n<p>  En  1967 particip\u00f3 en un movimiento guerrillero junto a Amaury Germ\u00e1n Aristy y Am\u00edn Abel Hasb\u00fan, pero luego lo abandonaron.<\/p>\n<\/p>\n<p>    Homero Hern\u00e1ndez Vargas era perseguido por los agentes de la Polic\u00eda, luego de que fuera  acusado de participar en actividades comunistas.<\/p>\n<\/p>\n<p>     En la ocasi\u00f3n la esposa de Homero Hern\u00e1ndez Vargas,  Elsa Pe\u00f1a, dio detalles de c\u00f3mo fue tiroteado el dirigente de izquierda a pesar de que no hizo resistencia a los agentes que lo mataron.<\/p>\n<\/p>\n<p>    Sostuvo que su c\u00f3nyuge fue muerto a mansalva por los agentes que lo localizaron mientras transitaba en un veh\u00edculo por la avenida San Crist\u00f3bal, en el  ensanche La Fe.<\/p>\n<\/p>\n<p>    La muerte de Homero Hern\u00e1ndez Vargas, se sum\u00f3 a la lista de decenas de dirigentes de izquierda que fueron asesinados en las calles de Santo Domingo y poblaciones  de provincias durante el Gobierno del Presidente Joaqu\u00edn Balaguer  durante  el  per\u00edodo 1966-1978.<\/p>\n<p>   Los organismos de represi\u00f3n del Gobierno intensificaron la persecuci\u00f3n contra la dirigencia de la izquierda dominicana a partir del mes de marzo de 1970, cuando fue secuestrado en Santo Domingo, el agregado militar de Estados Unidos, Coronel  Donald Jerssey Crowlly.<\/p>\n<\/p>\n<h6> 2020-09-22 01:11:11 <\/h6>\n<p><!--\n<link rel=\"stylesheet\" href=\"css\/bootstrap.min.css\">\n\n\n<ul class=\"pagination\">\n\t    \n\t\n\n<li >\n\t<a href='?page_no=191'>Previous<\/a>\n\t<\/li>\n\n\n       \n    \n\n<li><a href='?page_no=1'>1<\/a><\/li>\n\n\n\n<li><a href='?page_no=2'>2<\/a><\/li>\n\n\n\n<li><a>...<\/a><\/li>\n\n\n\n<li><a href='?page_no=190'>190<\/a><\/li>\n\n\n\n<li><a href='?page_no=191'>191<\/a><\/li>\n\n\n\n<li class='active'><a>192<\/a><\/li>\n\n\n\n<li><a href='?page_no=193'>193<\/a><\/li>\n\n\n\n<li><a href='?page_no=194'>194<\/a><\/li>\n\n\n\n<li><a>...<\/a><\/li>\n\n\n\n<li><a href='?page_no=22911'>22911<\/a><\/li>\n\n\n\n<li><a href='?page_no=22912'>22912<\/a><\/li>\n\n    \n\t\n\n<li >\n\t<a href='?page_no=193'>Next<\/a>\n\t<\/li>\n\n\n    \n\n<li><a href='?page_no=22912'>Last &rsaquo;&rsaquo;<\/a><\/li>\n\n<\/ul>\n\n\n--><br \/>\n<\/body><\/p>\n","protected":false},"excerpt":{"rendered":"<p>Diariodominicano.com Agentes de la Polic\u00eda matan dirigente de izquierda Homero Hern\u00e1ndez Vargas SANTO DOMINGO, el 22 de septiembre de 1971, agentes de la Polic\u00eda Nacional mataron a balazos a H\u00e9ctor Homero Hern\u00e1ndez Vargas, l\u00edder de Acci\u00f3n de Lucha por una Nueva Quisqueya. En el momento que fue tiroteado por los agentes policiales, comandados por el [&hellip;]<\/p>\n","protected":false},"author":3,"featured_media":0,"comment_status":"open","ping_status":"open","sticky":false,"template":"","format":"standard","meta":{"footnotes":""},"categories":[21],"tags":[],"class_list":["post-49262","post","type-post","status-publish","format-standard","hentry","category-cultura"],"_links":{"self":[{"href":"https:\/\/diariodominicano.com\/index.php?rest_route=\/wp\/v2\/posts\/49262","targetHints":{"allow":["GET"]}}],"collection":[{"href":"https:\/\/diariodominicano.com\/index.php?rest_route=\/wp\/v2\/posts"}],"about":[{"href":"https:\/\/diariodominicano.com\/index.php?rest_route=\/wp\/v2\/types\/post"}],"author":[{"embeddable":true,"href":"https:\/\/diariodominicano.com\/index.php?rest_route=\/wp\/v2\/users\/3"}],"replies":[{"embeddable":true,"href":"https:\/\/diariodominicano.com\/index.php?rest_route=%2Fwp%2Fv2%2Fcomments&post=49262"}],"version-history":[{"count":0,"href":"https:\/\/diariodominicano.com\/index.php?rest_route=\/wp\/v2\/posts\/49262\/revisions"}],"wp:attachment":[{"href":"https:\/\/diariodominicano.com\/index.php?rest_route=%2Fwp%2Fv2%2Fmedia&parent=49262"}],"wp:term":[{"taxonomy":"category","embeddable":true,"href":"https:\/\/diariodominicano.com\/index.php?rest_route=%2Fwp%2Fv2%2Fcategories&post=49262"},{"taxonomy":"post_tag","embeddable":true,"href":"https:\/\/diariodominicano.com\/index.php?rest_route=%2Fwp%2Fv2%2Ftags&post=49262"}],"curies":[{"name":"wp","href":"https:\/\/api.w.org\/{rel}","templated":true}]}}