{"id":492583,"date":"2023-11-30T00:00:39","date_gmt":"2023-11-30T04:00:39","guid":{"rendered":"https:\/\/diariodominicano.com\/?p=492583"},"modified":"2023-11-30T00:00:39","modified_gmt":"2023-11-30T04:00:39","slug":"en-propuesta-de-abel-martinez-esta-la-solucion-de-la-seria-problematica-del-sector-pld","status":"publish","type":"post","link":"https:\/\/diariodominicano.com\/?p=492583","title":{"rendered":"En propuesta de Abel Mart\u00ednez, est\u00e1 la soluci\u00f3n de la seria problem\u00e1tica del sector: PLD"},"content":{"rendered":"\n<p>Emilio Olivo<\/p>\n\n\n\n<p><em>En el Plan de Transformaci\u00f3n Agropecuaria presentado por el candidato presidencial del PLD, Abel Mart\u00ednez, est\u00e1 la soluci\u00f3n de la seria problem\u00e1tica del sector.<\/em><\/p>\n\n\n\n<p><strong>El Coordinador Nacional del Sector Agropecuario de la campa\u00f1a del Partido de la Liberaci\u00f3n Dominicana, Emilio Toribio Olivo,&nbsp;<\/strong>afirm\u00f3 que la soluci\u00f3n al abandono y deterioro del sector agropecuario en que lo ha sumido este gobierno, se encuentra en las medidas anunciadas por el candidato presidencial Abel Mart\u00ednez en su Pla de Transformaci\u00f3n Agropecuaria.<\/p>\n\n\n\n<p>Toribio Olivo, quien tambi\u00e9n es subsecretario de Agricultura del PLD, dijo que entre las propuestas presentadas por el candidato presidencial pelede\u00edsta para rescatar ese sector se encuentran el fomento a los peque\u00f1os, medianos y grandes productores agr\u00edcolas y ganaderos, as\u00ed como la tecnificaci\u00f3n de la agropecuaria y el fortalecimiento de infraestructuras.<\/p>\n\n\n\n<p>\u201cEl presidente Luis Abinader anunci\u00f3 la entrega de un dinero a tasa cero, pero se lo dieron a los grandes empresarios\u201d, denunci\u00f3 Toribio Olivo, explicando que las soluciones del Gobierno al sector agropecuario se quedan en los anuncios. &nbsp;&nbsp;&nbsp;<\/p>\n\n\n\n<p>Entrevistado en el programa Matinal 5 el especialista del sector agropecuario refiri\u00f3 que el Plan de Transformaci\u00f3n Agropecuaria igualmente plantea la creaci\u00f3n de una ley que obligue a los programas p\u00fablicos a abastecerse de productos nacionales y el desarrollo de planes de prevenci\u00f3n, contingencia y mitigaci\u00f3n de fen\u00f3menos naturales.<\/p>\n\n\n\n<p>Resalt\u00f3 la promesa de Abel Mart\u00ednez de que su gobierno financiar\u00e1 al sector agropecuario con 4 mil millones de d\u00f3lares, con tasas bajas de inter\u00e9s, a largo plazo y con per\u00edodos de gracia para productores agropecuarios.<\/p>\n\n\n\n<p>Asimismo, destac\u00f3 la propuesta de fortalecer y garantizar la soberan\u00eda y seguridad alimentaria del pa\u00eds, incluyendo un seguro agropecuario para que cuando se presenten cat\u00e1strofes naturales que afecten al sector se disponga de recursos para resta.<\/p>\n\n\n\n<p>El exdirector del Instituto Agrario Dominicano (IAD) declar\u00f3 que cuando Abel asuma la Presidencia en agosto del 2024 en los primeros 100 d\u00edas declarar\u00e1 en emergencia este rubro de la econom\u00eda y llamar\u00e1 a la constituci\u00f3n de un Pacto Nacional por la Rentabilidad del sector agropecuario.<\/p>\n\n\n\n<p>En ese sentido, aclar\u00f3 que si la situaci\u00f3n sigue como va en el sector agropecuario habr\u00e1 que declararlo antes ya que hoy en d\u00eda vive su peor momento y ha llevado a la quiebra a decenas de miles de familias.<\/p>\n\n\n\n<p>&nbsp;Record\u00f3 las protestas que hicieron los productores de cebolla, zanahoria y otros rubros, agregando que el pr\u00f3ximo d\u00eda 6 de noviembre los productores de&nbsp;leche&nbsp;har\u00e1n una en Bonao.<\/p>\n\n\n\n<p>Indic\u00f3 que los gobiernos del Partido de la Liberaci\u00f3n Dominicana, sobre todo los ocho a\u00f1os del expresidente Danilo Medina mantuvieron estable el sector agropecuario y lo apoy\u00f3 con facilidades e incentivos bastante significativos.<\/p>\n\n\n\n<p><strong>SECRETAR\u00cdA DE COMUNICACIONES<\/strong><\/p>\n\n\n\n<p><strong>29 DE NOVIEMBRE, 2023.-<\/strong><\/p>\n","protected":false},"excerpt":{"rendered":"<p>Emilio Olivo En el Plan de Transformaci\u00f3n Agropecuaria presentado por el candidato presidencial del PLD, Abel Mart\u00ednez, est\u00e1 la soluci\u00f3n de la seria problem\u00e1tica del sector. El Coordinador Nacional del Sector Agropecuario de la campa\u00f1a del Partido de la Liberaci\u00f3n Dominicana, Emilio Toribio Olivo,&nbsp;afirm\u00f3 que la soluci\u00f3n al abandono y deterioro del sector agropecuario en [&hellip;]<\/p>\n","protected":false},"author":28,"featured_media":492584,"comment_status":"closed","ping_status":"","sticky":false,"template":"","format":"standard","meta":{"footnotes":""},"categories":[22],"tags":[],"class_list":["post-492583","post","type-post","status-publish","format-standard","has-post-thumbnail","hentry","category-politica"],"_links":{"self":[{"href":"https:\/\/diariodominicano.com\/index.php?rest_route=\/wp\/v2\/posts\/492583","targetHints":{"allow":["GET"]}}],"collection":[{"href":"https:\/\/diariodominicano.com\/index.php?rest_route=\/wp\/v2\/posts"}],"about":[{"href":"https:\/\/diariodominicano.com\/index.php?rest_route=\/wp\/v2\/types\/post"}],"author":[{"embeddable":true,"href":"https:\/\/diariodominicano.com\/index.php?rest_route=\/wp\/v2\/users\/28"}],"replies":[{"embeddable":true,"href":"https:\/\/diariodominicano.com\/index.php?rest_route=%2Fwp%2Fv2%2Fcomments&post=492583"}],"version-history":[{"count":1,"href":"https:\/\/diariodominicano.com\/index.php?rest_route=\/wp\/v2\/posts\/492583\/revisions"}],"predecessor-version":[{"id":492585,"href":"https:\/\/diariodominicano.com\/index.php?rest_route=\/wp\/v2\/posts\/492583\/revisions\/492585"}],"wp:featuredmedia":[{"embeddable":true,"href":"https:\/\/diariodominicano.com\/index.php?rest_route=\/wp\/v2\/media\/492584"}],"wp:attachment":[{"href":"https:\/\/diariodominicano.com\/index.php?rest_route=%2Fwp%2Fv2%2Fmedia&parent=492583"}],"wp:term":[{"taxonomy":"category","embeddable":true,"href":"https:\/\/diariodominicano.com\/index.php?rest_route=%2Fwp%2Fv2%2Fcategories&post=492583"},{"taxonomy":"post_tag","embeddable":true,"href":"https:\/\/diariodominicano.com\/index.php?rest_route=%2Fwp%2Fv2%2Ftags&post=492583"}],"curies":[{"name":"wp","href":"https:\/\/api.w.org\/{rel}","templated":true}]}}