{"id":492515,"date":"2023-11-29T16:47:46","date_gmt":"2023-11-29T20:47:46","guid":{"rendered":"https:\/\/diariodominicano.com\/?p=492515"},"modified":"2023-11-29T16:47:46","modified_gmt":"2023-11-29T20:47:46","slug":"jorge-zorrilla-hijo-inscribe-candidatura-a-diputacion-nacional-por-el-prm-pcr","status":"publish","type":"post","link":"https:\/\/diariodominicano.com\/?p=492515","title":{"rendered":"Jorge Zorrilla (hijo) inscribe candidatura a diputaci\u00f3n nacional por el PRM-PCR"},"content":{"rendered":"\n<p>diariodominicano.com<\/p>\n\n\n\n<p><strong>Santo Domingo, R.D.,  29 de noviembre,  2023.-<\/strong>\u00a0El\u00a0 presidente en funciones del Partido C\u00edvico Renovador (PCR), Jorge Zorrilla Gonz\u00e1lez, inscribi\u00f3 su candidatura a diputado nacional ante la Junta Central Electoral.<\/p>\n\n\n\n<p>Esta decisi\u00f3n del joven pol\u00edtico y municipalista cuenta con el visto bueno de la Comisi\u00f3n Pol\u00edtica del PCR.<\/p>\n\n\n\n<p>\u201cTenemos amplias posibilidades de hacer realidad esta propuesta, que ya cuenta con el respaldo total del Partido Revolucionario Moderno (PRM), con quien el PCR va aliado en las pr\u00f3ximas elecciones de 2024\u201d, manifest\u00f3 el tambi\u00e9n ex regidor del Distrito Nacional.<\/p>\n\n\n\n<p>Jorge Manuel Zorrilla Gonz\u00e1lez es un pol\u00edtico dominicano con una s\u00f3lida formaci\u00f3n acad\u00e9mica en administraci\u00f3n p\u00fablica y una amplia experiencia en cargos p\u00fablicos.<\/p>\n\n\n\n<p>Su trayectoria pol\u00edtica se remonta a una edad temprana, comenzando su carrera a los 14 a\u00f1os en la Juventud Revolucionaria Dominicana (JRD). &nbsp;<\/p>\n\n\n\n<p>Zorrilla Gonz\u00e1lez posee una licenciatura en Administraci\u00f3n P\u00fablica y diplomados en Comunicaci\u00f3n Pol\u00edtica.<\/p>\n\n\n\n<p>Su posici\u00f3n como presidente en funciones del Partido C\u00edvico Renovador refleja su liderazgo y su papel destacado en la esfera pol\u00edtica nacional. &nbsp;<\/p>\n\n\n\n<p>Es hijo del mayor general (r), ex jefe del Ej\u00e9rcito Nacional, Jorge Zorrilla Ozuna y la licenciada Rosanna Gonz\u00e1lez, presidenta de la Fundaci\u00f3n Xila Ozuna, antecedentes familiares que pueden haber influido en su enfoque hacia el servicio p\u00fablico y su inter\u00e9s por la pol\u00edtica desde una edad temprana. &nbsp;<\/p>\n\n\n\n<p>Como regidor del Distrito Nacional entre 2010 y 2016, Zorrilla Gonz\u00e1lez estuvo centrado en la gesti\u00f3n urbana, la mejora de los servicios p\u00fablicos y el desarrollo comunitario.<\/p>\n\n\n\n<p>Difusi\u00f3n Prensa<\/p>\n\n\n\n<p><a rel=\"noreferrer noopener\" target=\"_blank\" href=\"mailto:difusionprensa2020@gmail.com\">difusionprensa2020@gmail.com<\/a><\/p>\n","protected":false},"excerpt":{"rendered":"<p>diariodominicano.com Santo Domingo, R.D., 29 de noviembre, 2023.-\u00a0El\u00a0 presidente en funciones del Partido C\u00edvico Renovador (PCR), Jorge Zorrilla Gonz\u00e1lez, inscribi\u00f3 su candidatura a diputado nacional ante la Junta Central Electoral. Esta decisi\u00f3n del joven pol\u00edtico y municipalista cuenta con el visto bueno de la Comisi\u00f3n Pol\u00edtica del PCR. \u201cTenemos amplias posibilidades de hacer realidad esta [&hellip;]<\/p>\n","protected":false},"author":5,"featured_media":492516,"comment_status":"closed","ping_status":"","sticky":true,"template":"","format":"standard","meta":{"footnotes":""},"categories":[22,27],"tags":[],"class_list":["post-492515","post","type-post","status-publish","format-standard","has-post-thumbnail","hentry","category-politica","category-portada"],"_links":{"self":[{"href":"https:\/\/diariodominicano.com\/index.php?rest_route=\/wp\/v2\/posts\/492515","targetHints":{"allow":["GET"]}}],"collection":[{"href":"https:\/\/diariodominicano.com\/index.php?rest_route=\/wp\/v2\/posts"}],"about":[{"href":"https:\/\/diariodominicano.com\/index.php?rest_route=\/wp\/v2\/types\/post"}],"author":[{"embeddable":true,"href":"https:\/\/diariodominicano.com\/index.php?rest_route=\/wp\/v2\/users\/5"}],"replies":[{"embeddable":true,"href":"https:\/\/diariodominicano.com\/index.php?rest_route=%2Fwp%2Fv2%2Fcomments&post=492515"}],"version-history":[{"count":1,"href":"https:\/\/diariodominicano.com\/index.php?rest_route=\/wp\/v2\/posts\/492515\/revisions"}],"predecessor-version":[{"id":492517,"href":"https:\/\/diariodominicano.com\/index.php?rest_route=\/wp\/v2\/posts\/492515\/revisions\/492517"}],"wp:featuredmedia":[{"embeddable":true,"href":"https:\/\/diariodominicano.com\/index.php?rest_route=\/wp\/v2\/media\/492516"}],"wp:attachment":[{"href":"https:\/\/diariodominicano.com\/index.php?rest_route=%2Fwp%2Fv2%2Fmedia&parent=492515"}],"wp:term":[{"taxonomy":"category","embeddable":true,"href":"https:\/\/diariodominicano.com\/index.php?rest_route=%2Fwp%2Fv2%2Fcategories&post=492515"},{"taxonomy":"post_tag","embeddable":true,"href":"https:\/\/diariodominicano.com\/index.php?rest_route=%2Fwp%2Fv2%2Ftags&post=492515"}],"curies":[{"name":"wp","href":"https:\/\/api.w.org\/{rel}","templated":true}]}}