{"id":492441,"date":"2023-11-29T11:19:44","date_gmt":"2023-11-29T15:19:44","guid":{"rendered":"https:\/\/diariodominicano.com\/?p=492441"},"modified":"2023-11-29T11:19:44","modified_gmt":"2023-11-29T15:19:44","slug":"dia-para-el-pueblo-palestino-el-recordatorio-de-un-incumplimiento","status":"publish","type":"post","link":"https:\/\/diariodominicano.com\/?p=492441","title":{"rendered":"D\u00eda para el pueblo palestino; el recordatorio de un incumplimiento"},"content":{"rendered":"\n<ul class=\"wp-block-list\"><li>noviembre 29, 2023<\/li><li>CST00:42 (GMT) -0500<\/li><\/ul>\n\n\n\n<p>Naciones Unidas, 29 nov (Prensa Latina) El D\u00eda Internacional de Solidaridad con el Pueblo Palestino recuerda hoy al mundo el incumplimiento de la creaci\u00f3n de un Estado independiente donde apenas se reconocen territorios ocupados.&nbsp;&nbsp;&nbsp;&nbsp;<\/p>\n\n\n\n<p>&nbsp; &nbsp;La fecha, establecida en 1977, remarca la necesidad de cumplir la denominada \u00abresoluci\u00f3n de la partici\u00f3n\u00bb, aprobada 30 a\u00f1os antes por la ONU.<\/p>\n\n\n\n<p>&nbsp; &nbsp;El instrumento estipul\u00f3 la creaci\u00f3n de un \u00abestado jud\u00edo\u00bb y un \u00abestado \u00e1rabe\u00bb en Palestina, con Jerusal\u00e9n como corpus separatum sometido a un r\u00e9gimen internacional especial.<\/p>\n\n\n\n<p>&nbsp; &nbsp;A pesar de las d\u00e9cadas transcurridas, de los dos Estados previstos en dicha resoluci\u00f3n, hasta el momento solo se ha creado uno: Israel.\ufeff<\/p>\n\n\n\n<p>&nbsp; &nbsp;Por ello, esta fecha mundial brinda la oportunidad a la comunidad internacional de centrar su atenci\u00f3n en la soluci\u00f3n de la cuesti\u00f3n de Palestina.<\/p>\n\n\n\n<p>&nbsp; &nbsp;Con ese objetivo, en 1975 la ONU estableci\u00f3 el Comit\u00e9 para el Ejercicio de los Derechos Inalienables del Pueblo Palestino, con el mandato de asesorar a la Asamblea sobre los programas destinados al ejercicio de los derechos de esa poblaci\u00f3n.<\/p>\n\n\n\n<p>&nbsp; &nbsp; A juicio del organismo, esto incluye garant\u00edas como la libre determinaci\u00f3n sin injerencia externa, la independencia y la soberan\u00eda nacionales, y el regreso a sus hogares y propiedades, de los cuales fueron desalojados los palestinos.<\/p>\n\n\n\n<p>&nbsp; &nbsp;A lo largo de los a\u00f1os se cre\u00f3 adem\u00e1s una red de m\u00e1s de mil organizaciones de la sociedad civil de todas las regiones del mundo que desarrollan actividades sobre la cuesti\u00f3n de Palestina.<\/p>\n\n\n\n<p>&nbsp; &nbsp;Sin embargo, la soluci\u00f3n m\u00e1s urgente no se avizora mientras los civiles palestinos enfrentan una de las peores crisis humanitarias en d\u00e9cadas y las cifras del conflicto no hacen m\u00e1s que batir r\u00e9cord.<\/p>\n\n\n\n<p>&nbsp; &nbsp;La conmemoraci\u00f3n del D\u00eda Internacional de Solidaridad con el Pueblo Palestino tomar\u00e1 lugar este 2023 en las sedes y oficinas de las Naciones Unidas por el mundo.<\/p>\n\n\n\n<p>&nbsp; &nbsp;En el cuartel general, en Nueva York, se celebrar\u00e1 una reuni\u00f3n especial en la que los pa\u00edses podr\u00e1n expresar su solidaridad mediante mensajes de los jefes de Estado y de Gobierno.\ufeff<\/p>\n\n\n\n<p>En tanto, el Consejo de Seguridad tratar\u00e1 en otro encuentro la situaci\u00f3n en los territorios ocupados con la participaci\u00f3n de altos representantes de los pa\u00edses \u00e1rabes.<\/p>\n\n\n\n<p>mv\/ebr<\/p>\n","protected":false},"excerpt":{"rendered":"<p>noviembre 29, 2023 CST00:42 (GMT) -0500 Naciones Unidas, 29 nov (Prensa Latina) El D\u00eda Internacional de Solidaridad con el Pueblo Palestino recuerda hoy al mundo el incumplimiento de la creaci\u00f3n de un Estado independiente donde apenas se reconocen territorios ocupados.&nbsp;&nbsp;&nbsp;&nbsp; &nbsp; &nbsp;La fecha, establecida en 1977, remarca la necesidad de cumplir la denominada \u00abresoluci\u00f3n de [&hellip;]<\/p>\n","protected":false},"author":28,"featured_media":492442,"comment_status":"closed","ping_status":"","sticky":false,"template":"","format":"standard","meta":{"footnotes":""},"categories":[36,26],"tags":[],"class_list":["post-492441","post","type-post","status-publish","format-standard","has-post-thumbnail","hentry","category-hombresmujeresycosas","category-efemerides"],"_links":{"self":[{"href":"https:\/\/diariodominicano.com\/index.php?rest_route=\/wp\/v2\/posts\/492441","targetHints":{"allow":["GET"]}}],"collection":[{"href":"https:\/\/diariodominicano.com\/index.php?rest_route=\/wp\/v2\/posts"}],"about":[{"href":"https:\/\/diariodominicano.com\/index.php?rest_route=\/wp\/v2\/types\/post"}],"author":[{"embeddable":true,"href":"https:\/\/diariodominicano.com\/index.php?rest_route=\/wp\/v2\/users\/28"}],"replies":[{"embeddable":true,"href":"https:\/\/diariodominicano.com\/index.php?rest_route=%2Fwp%2Fv2%2Fcomments&post=492441"}],"version-history":[{"count":1,"href":"https:\/\/diariodominicano.com\/index.php?rest_route=\/wp\/v2\/posts\/492441\/revisions"}],"predecessor-version":[{"id":492443,"href":"https:\/\/diariodominicano.com\/index.php?rest_route=\/wp\/v2\/posts\/492441\/revisions\/492443"}],"wp:featuredmedia":[{"embeddable":true,"href":"https:\/\/diariodominicano.com\/index.php?rest_route=\/wp\/v2\/media\/492442"}],"wp:attachment":[{"href":"https:\/\/diariodominicano.com\/index.php?rest_route=%2Fwp%2Fv2%2Fmedia&parent=492441"}],"wp:term":[{"taxonomy":"category","embeddable":true,"href":"https:\/\/diariodominicano.com\/index.php?rest_route=%2Fwp%2Fv2%2Fcategories&post=492441"},{"taxonomy":"post_tag","embeddable":true,"href":"https:\/\/diariodominicano.com\/index.php?rest_route=%2Fwp%2Fv2%2Ftags&post=492441"}],"curies":[{"name":"wp","href":"https:\/\/api.w.org\/{rel}","templated":true}]}}