{"id":492420,"date":"2023-11-29T10:13:35","date_gmt":"2023-11-29T14:13:35","guid":{"rendered":"https:\/\/diariodominicano.com\/?p=492420"},"modified":"2023-11-30T09:03:25","modified_gmt":"2023-11-30T13:03:25","slug":"onu-precisa-que-haiti-necesita-despliegue-de-la-mision-multinacional-de-seguridad","status":"publish","type":"post","link":"https:\/\/diariodominicano.com\/?p=492420","title":{"rendered":"ONU precisa que Hait\u00ed necesita despliegue de la misi\u00f3n multinacional de seguridad"},"content":{"rendered":"\n<p>diariodominicano.com<\/p>\n\n\n\n<p>New York,  29 de noviembre, 2023.-   Las Oficinas del&nbsp;<a rel=\"noreferrer noopener\" href=\"https:\/\/www.ohchr.org\/es\/ohchr_homepage\" target=\"_blank\">Alto Comisionado de la ONU para los Derechos Humanos<\/a>&nbsp;y la I<a rel=\"noreferrer noopener\" href=\"https:\/\/unsdg.un.org\/es\/un-entities\/binuh\" target=\"_blank\">ntegrada de la ONU en Hait\u00ed&nbsp;<\/a>reportaron un&nbsp;<strong>aumento de la violencia de las bandas en Hait\u00ed<\/strong>&nbsp;y conminaron a desplegar la Misi\u00f3n de Apoyo Multinacional a la Seguridad que autorizara en octubre el&nbsp;<a href=\"https:\/\/www.un.org\/securitycouncil\/es\">Consejo de Seguridad<\/a>.<\/p>\n\n\n\n<p>En un nuevo<a href=\"https:\/\/www.ohchr.org\/en\/documents\/country-reports\/criminal-violence-extends-beyond-port-au-prince-situation-lower\" target=\"_blank\" rel=\"noreferrer noopener\">&nbsp;informe<\/a>, las dependencias de las Naciones Unidas indicaron que la violencia de las pandillas en Hait\u00ed se propaga a medida que las bandas criminales se al\u00edan y&nbsp;<strong>expanden a \u00e1reas rurales que antes se consideraban seguras,<\/strong>&nbsp;donde ahora tambi\u00e9n matan, violan, secuestran y destruyen propiedades, entre otros abusos.<\/p>\n\n\n\n<p>El estudio subraya que&nbsp;<strong>ser\u00e1 necesario desplegar mayores esfuerzos para fortalecer las instituciones&nbsp;<\/strong>del Estado de derecho en Hait\u00ed, en particular la polic\u00eda, el poder judicial y el sistema penitenciario.<\/p>\n\n\n\n<p>Bas-Artibonite, un ejemplo de la violencia<\/p>\n\n\n\n<p>El distrito de Bas-Artibonite, ubicado en el centro de Hait\u00ed, a unos 100 kil\u00f3metros de la capital, Puerto Pr\u00edncipe, sirve de ejemplo para evidenciar las advertencias de las Oficinas.&nbsp;<\/p>\n\n\n\n<p>Esa localidad ha sufrido un gran incremento de la violencia de las pandillas en los \u00faltimos dos a\u00f1os: entre&nbsp;<strong>enero de 2022 y octubre de 2023, al menos 1694 personas fueron asesinadas, heridas o secuestradas.<\/strong><\/p>\n\n\n\n<p>Adem\u00e1s, los secuestros para pedir rescate generan un&nbsp;<strong>temor constante<\/strong>&nbsp;entre los usuarios del transporte p\u00fablico en todo Bas-Artibonite.<\/p>\n\n\n\n<p>El documento cita el caso de una mujer de 22 a\u00f1os, que fue sacada a rastras de un autob\u00fas en marzo de este a\u00f1o. La joven estuvo cautiva m\u00e1s de dos semanas durante las cuales fue golpeada y violada repetidamente. Pocas semanas despu\u00e9s de ser liberada, la mujer se suicid\u00f3.<\/p>\n\n\n\n<p>Del mismo modo, los grupos criminales que&nbsp;<strong>arrasan aldeas, ejecutan a habitantes locales y utilizan la violencia sexual<\/strong>&nbsp;contra mujeres e incluso ni\u00f1os muy peque\u00f1os.<\/p>\n\n\n\n<p>Inseguridad alimentaria<\/p>\n\n\n\n<p>Las bandas tambi\u00e9n&nbsp;<strong>saquean las propiedades, los cultivos y el ganado<\/strong>&nbsp;de los agricultores y destruyen los canales de riego, lo que ha generado el desplazamiento de m\u00e1s de 22.000 personas y ha reducido la cantidad de tierra cultivada, aumentando la inseguridad alimentaria.&nbsp;<\/p>\n\n\n\n<p>En septiembre de 2023, m\u00e1s del&nbsp;<strong>45% de la poblaci\u00f3n de Bas-Artibonite se encontraba en una situaci\u00f3n de inseguridad alimentaria aguda<\/strong>. La violencia de las pandillas tambi\u00e9n ha dejado a muchas familias de agricultores sin acceso a servicios b\u00e1sicos.<\/p>\n\n\n\n<p>El Alto Comisionado de las Naciones Unidas para los Derechos Humanos, Volker T\u00fcrk, revel\u00f3 que s\u00f3lo&nbsp;<strong>este a\u00f1o han muerto al menos 3960 personas en el pa\u00eds caribe\u00f1o<\/strong>. En tanto, 1432 han sido heridas y 2951 secuestradas en actos de violencia relacionados con pandillas.<\/p>\n\n\n\n<p>Situaci\u00f3n catastr\u00f3fica<\/p>\n\n\n\n<p>\u201cLa situaci\u00f3n en Hait\u00ed es catastr\u00f3fica. Seguimos recibiendo denuncias de&nbsp;<strong>asesinatos, violencia sexual, desplazamientos<\/strong>&nbsp;y otros tipos de violencia, incluso en hospitales\u201d, alert\u00f3 T\u00fcrk.<\/p>\n\n\n\n<p>Agreg\u00f3 que, dada la violencia contra la poblaci\u00f3n y la incapacidad de la polic\u00eda haitiana para detener a los perpetradores, es imperativo desplegar la Misi\u00f3n de Apoyo Multinacional a la Seguridad lo m\u00e1s pronto posible.<\/p>\n\n\n\n<p>T\u00fcrk argument\u00f3 que&nbsp;<strong>la misi\u00f3n debe incluir mecanismos de supervisi\u00f3n interna<\/strong>&nbsp;y otras salvaguardias para garantizar el cumplimiento de las normas y est\u00e1ndares internacionales de derechos humanos.<\/p>\n\n\n\n<p>Las Oficinas de la ONU tambi\u00e9n llaman al Consejo de Seguridad a actualizar la lista de&nbsp;<strong>personas y<\/strong>&nbsp;<strong>entidades sujetas a sanciones<\/strong>&nbsp;por respaldar, preparar, ordenar o cometer transgresiones de las leyes internacionales de derechos humanos.<\/p>\n\n\n\n<p>El Alto Comisionado dijo que tambi\u00e9n es preciso&nbsp;<strong>insistir en la aplicaci\u00f3n del embargo de armas<\/strong>&nbsp;y las sanciones dirigidas a quienes est\u00e1n detr\u00e1s de la \u201csituaci\u00f3n insostenible\u201d que vive Hait\u00ed.<\/p>\n\n\n\n<p>Asimismo, T\u00fcrk conmin\u00f3 a las autoridades haitianas a cumplir con sus obligaciones internacionales en materia de derechos humanos y a tomar medidas para fortalecer las instituciones y la gobernanza del pa\u00eds, combatiendo la corrupci\u00f3n y la impunidad. Para estar informado de la actualidad internacional.<\/p>\n\n\n\n<p>Noticias ONU<\/p>\n","protected":false},"excerpt":{"rendered":"<p>diariodominicano.com New York, 29 de noviembre, 2023.- Las Oficinas del&nbsp;Alto Comisionado de la ONU para los Derechos Humanos&nbsp;y la Integrada de la ONU en Hait\u00ed&nbsp;reportaron un&nbsp;aumento de la violencia de las bandas en Hait\u00ed&nbsp;y conminaron a desplegar la Misi\u00f3n de Apoyo Multinacional a la Seguridad que autorizara en octubre el&nbsp;Consejo de Seguridad. En un nuevo&nbsp;informe, [&hellip;]<\/p>\n","protected":false},"author":5,"featured_media":492421,"comment_status":"closed","ping_status":"","sticky":true,"template":"","format":"standard","meta":{"footnotes":""},"categories":[112,23,27],"tags":[],"class_list":["post-492420","post","type-post","status-publish","format-standard","has-post-thumbnail","hentry","category-haiti","category-internacional","category-portada"],"_links":{"self":[{"href":"https:\/\/diariodominicano.com\/index.php?rest_route=\/wp\/v2\/posts\/492420","targetHints":{"allow":["GET"]}}],"collection":[{"href":"https:\/\/diariodominicano.com\/index.php?rest_route=\/wp\/v2\/posts"}],"about":[{"href":"https:\/\/diariodominicano.com\/index.php?rest_route=\/wp\/v2\/types\/post"}],"author":[{"embeddable":true,"href":"https:\/\/diariodominicano.com\/index.php?rest_route=\/wp\/v2\/users\/5"}],"replies":[{"embeddable":true,"href":"https:\/\/diariodominicano.com\/index.php?rest_route=%2Fwp%2Fv2%2Fcomments&post=492420"}],"version-history":[{"count":2,"href":"https:\/\/diariodominicano.com\/index.php?rest_route=\/wp\/v2\/posts\/492420\/revisions"}],"predecessor-version":[{"id":492638,"href":"https:\/\/diariodominicano.com\/index.php?rest_route=\/wp\/v2\/posts\/492420\/revisions\/492638"}],"wp:featuredmedia":[{"embeddable":true,"href":"https:\/\/diariodominicano.com\/index.php?rest_route=\/wp\/v2\/media\/492421"}],"wp:attachment":[{"href":"https:\/\/diariodominicano.com\/index.php?rest_route=%2Fwp%2Fv2%2Fmedia&parent=492420"}],"wp:term":[{"taxonomy":"category","embeddable":true,"href":"https:\/\/diariodominicano.com\/index.php?rest_route=%2Fwp%2Fv2%2Fcategories&post=492420"},{"taxonomy":"post_tag","embeddable":true,"href":"https:\/\/diariodominicano.com\/index.php?rest_route=%2Fwp%2Fv2%2Ftags&post=492420"}],"curies":[{"name":"wp","href":"https:\/\/api.w.org\/{rel}","templated":true}]}}