{"id":49239,"date":"2020-11-24T23:26:33","date_gmt":"2020-11-24T23:26:33","guid":{"rendered":"http:\/\/diariodominicano.ddns.net\/?p=49239"},"modified":"2020-11-24T23:26:33","modified_gmt":"2020-11-24T23:26:33","slug":"el-dia-que-agentes-de-la-dictadura-de-trujillo-asesinaron-a-las-hermanas-mirabal-y-a-rufino-de-la-cruz","status":"publish","type":"post","link":"https:\/\/diariodominicano.com\/?p=49239","title":{"rendered":"El d\u00eda que agentes de la dictadura de Trujillo asesinaron a las hermanas Mirabal y a Rufino de la Cruz"},"content":{"rendered":"<p><body><\/p>\n<p><img decoding=\"async\" src=\"img3\/Las-Hermanas-Mirabal.jpg\" \/><br \/><img decoding=\"async\" src=\"img3\/Dede m00.jpg\" \/><br \/><img decoding=\"async\" src=\"img3\/alicinio000.jpg\" \/>  <\/p>\n<p><strong>Diariodominicano.com<\/strong><\/p>\n<p><strong>El d\u00eda que agentes del SIM  de la dictadura de Trujillo asesinaron a las hermanas Mirabal<\/strong><\/p>\n<p><strong> <\/strong><\/p>\n<p><strong> Cuando regresaban, en la carretera La Cumbre-Tamboril, en la comunidad Pedro Garc\u00eda,  fueron detenidas junto a Rufino de la Cruz, quien conduc\u00eda el veh\u00edculo. El grupo fue torturado y luego los asesinos lanzaron el veh\u00edculo por un precipicio para simular un accidente de tr\u00e1nsito.<\/strong><\/p>\n<p><strong> <\/strong><\/p>\n<p><strong>Por H\u00e9ctor Tineo Nolasco<\/strong><\/p>\n<p><strong>Diariodominicano.com<\/strong><\/p>\n<\/p>\n<p><strong>  SALCEDO, RD, el  25 de noviembre de 1960, <\/strong> agentes de la dictadura  de Trujillo,1930-1961,  asesinaron a las hermanas Minerva, Patria y Mar\u00eda Teresa Mirabal, y al Rufino de la Cruz Lora, quien conduc\u00eda el vehiculo que abordaban.<\/p>\n<\/p>\n<p>  <strong> Hab\u00edan ido con  Rufino de la Cruz Lora a Puerto Plata a visitar  a sus esposos que estaban presos  en la c\u00e1rcel de San Felipe, por su lucha contra la tiran\u00eda de Rafael Le\u00f3nidas Trujillo Molina.<\/strong><\/p>\n<\/p>\n<p>    En el  viaje de regreso, en la carretera La Cumbre-Tamboril, en la comunidad Pedro Garc\u00eda,  fueron detenidas junto a Rufino. El grupo fue torturado y luego los asesinos lanzaron el veh\u00edculo por un precipicio para simular un accidente de tr\u00e1nsito.<\/p>\n<\/p>\n<p><strong>Do\u00f1a B\u00e9lgica Adela (Ded\u00e9) Mirabal, en una entrevista que concedi\u00f3 en noviembre de 1999, a los periodistas F\u00e9lix Jacinto Bret\u00f3n y Rafael Santos, con ocasi\u00f3n del 39 aniversario del hecho, dijo que el jefe del SIM en el Cibao, V\u00edctor Alicio Pe\u00f1a Rivera, fue el principal autor intelectual del asesinato de Mar\u00eda Teresa, Minerva, Patria y Rufino de la Cruz.<\/strong><\/p>\n<\/p>\n<p>     Los cad\u00e1veres fueron localizados por  campesinos de la comunidad. La primera versi\u00f3n que dio la dictadura,  fue la de que  los cuatro murieron en un accidente de tr\u00e1nsito.<\/p>\n<\/p>\n<p>    Sin embargo, las huellas de torturas  que dejaron los asesinos en los cuerpos echaron desde el primer esa versi\u00f3n por el suelo.<\/p>\n<\/p>\n<p>   <strong> Patria Mirabal  Reyes, hab\u00eda nacido el 24 de febrero de 1924; Minerva, el 12 de marzo de 1927 y Mar\u00eda Teresa, el 15 de octubre de 1935, hijas Enrique Mirabal Fern\u00e1ndez y Mercedes Reyes de Mirabal.<\/strong><\/p>\n<\/p>\n<p>    Minerva Mirabal,  se gradu\u00f3 en el a\u00f1o 1952, de doctora en derecho en la Universidad de Santo Domingo. De joven fue una opositora a la tiran\u00eda, posici\u00f3n que mantuvo en el  matrimonio con el abogado Manuel Aurelio ?Manolo-  Tavarez Justo, el 30 de noviembre de 1955.<\/p>\n<\/p>\n<p>     Procrearon a Min\u00fa Tav\u00e1rez Mirabal y a Manuel Tav\u00e1rez Mirabal.<\/p>\n<\/p>\n<p>   <strong> Manolo Tav\u00e1rez Justo fue detenido en 1960 porque ser el l\u00edder del Movimiento clandestino 14 de junio.<\/strong><\/p>\n<\/p>\n<p>    Patria, quien estuvo en prisi\u00f3n en varias ocasiones,  cas\u00f3 con Pedro Gonz\u00e1lez Cruz, el 26 de febrero de 1941 y Mar\u00eda Teresa, con Leandro Guzm\u00e1n, el d\u00eda 14 de febrero de 1958. <\/p>\n<\/p>\n<p>   Como  Manolo Tav\u00e1rez Justo, Pedro Gonz\u00e1lez Cruz y Leandro Guzm\u00e1n, fueron apresados en el a\u00f1o 1960.<\/p>\n<\/p>\n<p>     <strong> Una de las versiones respecto al crimen da cuenta de que la orden de asesinar a las hermanas Mirabal fue impartida por el jefe del Servicio de Inteligencia Militar (SIM) en el Cibao, V\u00edctor Alicinio Pe\u00f1a Rivera.<\/strong><\/p>\n<\/p>\n<p>    El hecho caus\u00f3 indignaci\u00f3n en Rep\u00fablica Dominicana, y fue determinante para la ca\u00edda de la dictadura de Trujillo.<\/p>\n<\/p>\n<p><strong>Criminales disfrutaron de impunidad<\/strong><\/p>\n<\/p>\n<p> Como  autores materiales  del hecho  fueron acusados Ciriaco de la Rosa, Alfonso Cruz Valerio, Emilio Estrada Malleta, Ram\u00f3n Emilio Rojas Lora y N\u00e9stor Antonio P\u00e9rez Terrero. Y como c\u00f3mplices  Sandito Almonte, C\u00e1ndido Torres Tejada, jefe de Operaciones del Servicio de Inteligencia Militar (SIM),  V\u00edctor Alicinio Pe\u00f1a Rivera, jefe de Operaciones del SIM en el Cibao,  Silvio Antonio G\u00f3mez Santana, Viterbo \u00c1lvarez (Pechito), Pedro Pe\u00f1a Ortiz y David Olivero.<\/p>\n<\/p>\n<p><strong>El juicio comenz\u00f3 el 12 de Junio de 1962, en la  C\u00e1mara Penal del Distrito Nacional. <\/strong><\/p>\n<\/p>\n<p>El tribunal conden\u00f3 a 30 a\u00f1os de  prisi\u00f3n a Alfonso Cruz Valerio, Emilio Estrada Malleta, Ram\u00f3n Emilio Rojas Lora y N\u00e9stor Antonio P\u00e9rez Terrero. En virtud de la misma sentencia, Ciriaco de la Rosa fue condenado a 20 a\u00f1os de prisi\u00f3n. Y como c\u00f3mplices a  Sandito Almonte, C\u00e1ndido Torres Tejada, jefe de Operaciones del  SIM,  V\u00edctor Alicinio Pe\u00f1a Rivera, jefe de Operaciones del SIM en el Cibao,  Silvio Antonio G\u00f3mez Santana, Viterbo \u00c1lvarez (Pechito), Pedro Pe\u00f1a Ortiz y David Olivero.<\/p>\n<\/p>\n<p><strong>Cuando estall\u00f3 la Guerra de Abril de 1965, el grupo de condenados estaba preso en la Fortaleza Ozama y de all\u00ed escaparon a la justicia con la ayuda de c\u00f3mplices.  De esa manera el m\u00faltiple crimen qued\u00f3 en la impunidad.<\/strong><\/p>\n<\/p>\n<p>Alicinio Pe\u00f1a Rivera dedic\u00f3 a\u00f1os para escribir su versi\u00f3n y presentarse ante el pa\u00eds  como un inocente de las acusaciones. Sin embargo, en la sociedad  dominicana siempre ha dominado la idea de que fue la persona que dirigi\u00f3 a  los autores materiales.<\/p>\n<p>Do\u00f1a Ded\u00e9 sostuvo que  fue Alicinio<\/p>\n<\/p>\n<p><strong>Do\u00f1a B\u00e9lgica Adela  (Ded\u00e9)  Mirabal, en una entrevista que concedi\u00f3 en noviembre de 1999, a los periodistas F\u00e9lix Jacinto Bret\u00f3n y Rafael Santos, con ocasi\u00f3n del 39 aniversario del hecho, dijo que el jefe del SIM en el Cibao, V\u00edctor Alicio Pe\u00f1a Rivera, fue el principal autor intelectual del asesinato de Mar\u00eda Teresa, Minerva, Patria y Rufino de la Cruz.<\/strong><\/p>\n<\/p>\n<p>\tSostuvo que aunque   Alicinio Pe\u00f1a Rivera pretendi\u00f3  \u00abdescaradamente lavarse las manos como Pilato, est\u00e1 clara su participaci\u00f3n en el hecho\u00bb.<\/p>\n<\/p>\n<p>     Cuando ocurri\u00f3 el crimen de las hermanas Mirabal, el 25 de noviembre de 1960,  Pe\u00f1a Rivera, era jefe del SIM en la regi\u00f3n Cibao. <\/p>\n<\/p>\n<p>\t\u00abEse se\u00f1or ten\u00eda 26 a\u00f1os cuando Trujillo lo nombr\u00f3 como jefe del SIM en la regi\u00f3n, y fue por algo\u00bb, sostuvo do\u00f1a  Ded\u00e9 Mirabal, quien segu\u00eda  residiendo en su casa paterna de la comunidad Ojo de Agua, Salcedo.<\/p>\n<\/p>\n<p>    Pe\u00f1a Rivera,  en libros y entrevistas neg\u00f3 tener participaci\u00f3n en el hecho, pero a Ded\u00e9 Mirabal, no hubo quien la convenciera de que no fue as\u00ed.<\/p>\n<\/p>\n<\/p>\n<p><strong>Los panfleteros de Santiago<\/strong><\/p>\n<\/p>\n<p>\u00abA los panfleteros de Santiago, \u00bfQui\u00e9n lo mat\u00f3?,  se pregunt\u00f3 la hermana de las hero\u00ednas, que en el momento de la entrevista ten\u00eda 74 a\u00f1os de edad.<\/p>\n<\/p>\n<p>\t(Los panfleteros de Santiago,  fue  un grupo  ?antitrullista que oper\u00f3 \u00aben la ciudad Santiago de los 30 Caballeros\u00bb y cuyos miembros fueron \u00abcazados\u00bb uno a uno por los esbirros de la tiran\u00eda).<\/p>\n<\/p>\n<p>\tAlicinio Pe\u00f1a Rivera,  siempre fue  calificado  \u00abcomo un mat\u00f3n\u00bb de Trujillo en la regi\u00f3n del Cibao.<\/p>\n<\/p>\n<p>\t\u00abDe la muerte de las muchachas (Mar\u00eda Teresa, Minerva y Patria) no cabe dudas de que \u00e9l fue el autor intelectual, aunque lo niegue y lo reniegue mil veces\u00bb, proclam\u00f3 Ded\u00e9.<\/p>\n<\/p>\n<p>\tDijo  que ahora \u00ablas cosas se quieren invertir\u00bb, pero razon\u00f3 que esto ocurre  \u00abporque a la historia, muchas veces, quieren darle otro rumbo y eso no lo vamos a permitir, al menos con el caso de las Mirabal\u00bb.<\/p>\n<\/p>\n<p>     A 39 a\u00f1os del asesinato, cuando fue entrevistada, dijo esperaba se haga justicia contra los responsables de este crimen,  \u00abbueno, eso espero\u00bb. \u00abYo quisiera que se hiciera justicia, pero veo que las cosas se alejan cada d\u00eda un poco m\u00e1s\u00bb, dijo tras admitir que ella, jur\u00eddicamente, no sabe qu\u00e9 es lo que se debe hacer.<\/p>\n<\/p>\n<p>\tDed\u00e9  explic\u00f3  que las circunstancias, los pueblos, la justicia a veces quieren hacer las cosas, pero se pierde el tiempo.<\/p>\n<\/p>\n<p>\tCuando se le pregunt\u00f3  si podr\u00eda, en el futuro, encabezar alguna acci\u00f3n judicial contra los asesinos de sus hermanas, algunos quienes  todav\u00eda estaban vivos,  dijo: \u00abcomo que yo, en eso, no me quiero inmiscuir\u00bb.<\/p>\n<\/p>\n<p><strong>Muri\u00f3 el 1 de Febrero de 2014<\/strong><\/p>\n<\/p>\n<p>Do\u00f1a  Ded\u00e9 Mirabal,  falleci\u00f3 la tarde del 1 de Febrero de 2014, aquejada de problemas respiratorios. Hab\u00eda cumplido  88 a\u00f1os y  llevaba varios d\u00edas ingresada en el Centro de Medicina Avanzada Doctor Abel Gonz\u00e1lez. <\/p>\n<p>Su muerte se produjo  a las  3:00 de la tarde.<\/p>\n<\/p>\n<\/p>\n<h6> 2020-11-24 23:26:33 <\/h6>\n<p><!--\n<link rel=\"stylesheet\" href=\"css\/bootstrap.min.css\">\n\n\n<ul class=\"pagination\">\n\t    \n\t\n\n<li >\n\t<a href='?page_no=18'>Previous<\/a>\n\t<\/li>\n\n\n       \n    \n\n<li><a href='?page_no=1'>1<\/a><\/li>\n\n\n\n<li><a href='?page_no=2'>2<\/a><\/li>\n\n\n\n<li><a>...<\/a><\/li>\n\n\n\n<li><a href='?page_no=17'>17<\/a><\/li>\n\n\n\n<li><a href='?page_no=18'>18<\/a><\/li>\n\n\n\n<li class='active'><a>19<\/a><\/li>\n\n\n\n<li><a href='?page_no=20'>20<\/a><\/li>\n\n\n\n<li><a href='?page_no=21'>21<\/a><\/li>\n\n\n\n<li><a>...<\/a><\/li>\n\n\n\n<li><a href='?page_no=22911'>22911<\/a><\/li>\n\n\n\n<li><a href='?page_no=22912'>22912<\/a><\/li>\n\n    \n\t\n\n<li >\n\t<a href='?page_no=20'>Next<\/a>\n\t<\/li>\n\n\n    \n\n<li><a href='?page_no=22912'>Last &rsaquo;&rsaquo;<\/a><\/li>\n\n<\/ul>\n\n\n--><br \/>\n<\/body><\/p>\n","protected":false},"excerpt":{"rendered":"<p>Diariodominicano.com El d\u00eda que agentes del SIM de la dictadura de Trujillo asesinaron a las hermanas Mirabal Cuando regresaban, en la carretera La Cumbre-Tamboril, en la comunidad Pedro Garc\u00eda, fueron detenidas junto a Rufino de la Cruz, quien conduc\u00eda el veh\u00edculo. El grupo fue torturado y luego los asesinos lanzaron el veh\u00edculo por un precipicio [&hellip;]<\/p>\n","protected":false},"author":3,"featured_media":0,"comment_status":"open","ping_status":"open","sticky":false,"template":"","format":"standard","meta":{"footnotes":""},"categories":[21],"tags":[],"class_list":["post-49239","post","type-post","status-publish","format-standard","hentry","category-cultura"],"_links":{"self":[{"href":"https:\/\/diariodominicano.com\/index.php?rest_route=\/wp\/v2\/posts\/49239","targetHints":{"allow":["GET"]}}],"collection":[{"href":"https:\/\/diariodominicano.com\/index.php?rest_route=\/wp\/v2\/posts"}],"about":[{"href":"https:\/\/diariodominicano.com\/index.php?rest_route=\/wp\/v2\/types\/post"}],"author":[{"embeddable":true,"href":"https:\/\/diariodominicano.com\/index.php?rest_route=\/wp\/v2\/users\/3"}],"replies":[{"embeddable":true,"href":"https:\/\/diariodominicano.com\/index.php?rest_route=%2Fwp%2Fv2%2Fcomments&post=49239"}],"version-history":[{"count":0,"href":"https:\/\/diariodominicano.com\/index.php?rest_route=\/wp\/v2\/posts\/49239\/revisions"}],"wp:attachment":[{"href":"https:\/\/diariodominicano.com\/index.php?rest_route=%2Fwp%2Fv2%2Fmedia&parent=49239"}],"wp:term":[{"taxonomy":"category","embeddable":true,"href":"https:\/\/diariodominicano.com\/index.php?rest_route=%2Fwp%2Fv2%2Fcategories&post=49239"},{"taxonomy":"post_tag","embeddable":true,"href":"https:\/\/diariodominicano.com\/index.php?rest_route=%2Fwp%2Fv2%2Ftags&post=49239"}],"curies":[{"name":"wp","href":"https:\/\/api.w.org\/{rel}","templated":true}]}}