{"id":492373,"date":"2023-11-29T01:50:03","date_gmt":"2023-11-29T05:50:03","guid":{"rendered":"https:\/\/diariodominicano.com\/?p=492373"},"modified":"2023-11-29T01:50:03","modified_gmt":"2023-11-29T05:50:03","slug":"pld-inscribe-candidaturas-municipales-domingo-contreras-y-janet-camilo","status":"publish","type":"post","link":"https:\/\/diariodominicano.com\/?p=492373","title":{"rendered":"PLD inscribe candidaturas municipales: Domingo Contreras y Janet Camilo"},"content":{"rendered":"\n<p><\/p>\n\n\n\n<p>El PLD inscribi\u00f3  la tarde de este martes a Domingo Contreras,\u00a0\u00a0candidato a la Alcald\u00eda del Distrito Nacional y Janet Camilo a la vice alcald\u00eda.<\/p>\n\n\n\n<p>El Partido de la Liberaci\u00f3n Dominicana (PLD) formaliz\u00f3 la inscripci\u00f3n de Domingo Contreras, candidato a la alcald\u00eda del Distrito Nacional y la lista de los candidatos y candidatas a regidores y Regidoras ante la Junta Electoral del Distrito Nacional en el Centro de los H\u00e9roes.<\/p>\n\n\n\n<p>Janet Camilo,&nbsp; del Partido Revolucionario Dominicano, como partido en la coalici\u00f3n&nbsp; Alianza Opositora Rescate RD es la candidata a la vice alcald\u00eda, acompa\u00f1ando a Contreras.&nbsp;<\/p>\n\n\n\n<p>Franklin de la Cruz, delegado del PLD ante la Junta Electoral del Distrito Nacional y su suplente. Manuel Galv\u00e1n, entregaron la documentaci\u00f3n de Domingo Contreras, Janet Camilo&nbsp;&nbsp;y los candidatos y candidatas a regidores de las tres&nbsp; Circunscripciones Electorales del Distrito Nacional.<\/p>\n\n\n\n<p>Previo al dep\u00f3sito de estos documentos desde la Secretar\u00eda de Asuntos Electorales del PLD colocaron en la plataforma digital habilitada por la Junta Central Electoral, la documentaci\u00f3n requerida por el \u00f3rgano de comicios.<\/p>\n\n\n\n<p>Cada candidato o candidata seleccionados en asambleas de delegados, llen\u00f3 un formulario con sus datos generales, entreg\u00f3 copia de la c\u00e9dula y la certificaci\u00f3n&nbsp;&nbsp;&nbsp;de no antecedentes y examen de laboratorios confirmando&nbsp;&nbsp;la no presencia de sustancias psicotr\u00f3picas en su organismos.<\/p>\n\n\n\n<p>\u201cPrimeramente hicimos el dep\u00f3sito digital en la plataforma de la Junta y esta tarde procedimos ante la Secretar\u00eda de la Junta Electoral del Distrito Nacional a entregar la documentaci\u00f3n f\u00edsica. Hemos entregado la boleta completa que presentaremos a los electores en los comicios municipales de febrero, la candidatura de Domingo Conteras a la alcald\u00eda, los candidatos y candidatas a Regidores y sus suplentes\u201d, explic\u00f3 Franklin de la Cruz.<\/p>\n\n\n\n<p>Raymundo Cuevas del equipo de campa\u00f1a de Domingo Contreras a la Alcald\u00eda, conjuntamente con parte del equipo operativo de la campa\u00f1a,&nbsp;&nbsp;participaron en el solemne acto de inscripci\u00f3n de candidaturas.<\/p>\n\n\n\n<p>La Junta Central Electoral (JCE) decidi\u00f3 extender el plazo que tienen los partidos para depositar las candidaturas municipales para las elecciones de febrero del pr\u00f3ximo a\u00f1o, hasta el viernes primero de diciembre a las 8:00 de la noche.<\/p>\n\n\n\n<p>El PLD que ten\u00eda preparada la documentaci\u00f3n de sus candidatos y candidatas a la municipalidad en el Distrito Nacional y en gran parte de los municipios y distritos municipales, aunque no se opuso a la extensi\u00f3n del plazo, procedi\u00f3 al registro de las candidaturas.&nbsp;&nbsp;&nbsp;<\/p>\n\n\n\n<p><strong>SECRETARIA DE COMUNICACIONES<\/strong><\/p>\n\n\n\n<p><strong>28 NOVIEMBRE 2023<\/strong><\/p>\n","protected":false},"excerpt":{"rendered":"<p>El PLD inscribi\u00f3 la tarde de este martes a Domingo Contreras,\u00a0\u00a0candidato a la Alcald\u00eda del Distrito Nacional y Janet Camilo a la vice alcald\u00eda. El Partido de la Liberaci\u00f3n Dominicana (PLD) formaliz\u00f3 la inscripci\u00f3n de Domingo Contreras, candidato a la alcald\u00eda del Distrito Nacional y la lista de los candidatos y candidatas a regidores y [&hellip;]<\/p>\n","protected":false},"author":28,"featured_media":492374,"comment_status":"closed","ping_status":"","sticky":true,"template":"","format":"standard","meta":{"footnotes":""},"categories":[22,27],"tags":[],"class_list":["post-492373","post","type-post","status-publish","format-standard","has-post-thumbnail","hentry","category-politica","category-portada"],"_links":{"self":[{"href":"https:\/\/diariodominicano.com\/index.php?rest_route=\/wp\/v2\/posts\/492373","targetHints":{"allow":["GET"]}}],"collection":[{"href":"https:\/\/diariodominicano.com\/index.php?rest_route=\/wp\/v2\/posts"}],"about":[{"href":"https:\/\/diariodominicano.com\/index.php?rest_route=\/wp\/v2\/types\/post"}],"author":[{"embeddable":true,"href":"https:\/\/diariodominicano.com\/index.php?rest_route=\/wp\/v2\/users\/28"}],"replies":[{"embeddable":true,"href":"https:\/\/diariodominicano.com\/index.php?rest_route=%2Fwp%2Fv2%2Fcomments&post=492373"}],"version-history":[{"count":1,"href":"https:\/\/diariodominicano.com\/index.php?rest_route=\/wp\/v2\/posts\/492373\/revisions"}],"predecessor-version":[{"id":492375,"href":"https:\/\/diariodominicano.com\/index.php?rest_route=\/wp\/v2\/posts\/492373\/revisions\/492375"}],"wp:featuredmedia":[{"embeddable":true,"href":"https:\/\/diariodominicano.com\/index.php?rest_route=\/wp\/v2\/media\/492374"}],"wp:attachment":[{"href":"https:\/\/diariodominicano.com\/index.php?rest_route=%2Fwp%2Fv2%2Fmedia&parent=492373"}],"wp:term":[{"taxonomy":"category","embeddable":true,"href":"https:\/\/diariodominicano.com\/index.php?rest_route=%2Fwp%2Fv2%2Fcategories&post=492373"},{"taxonomy":"post_tag","embeddable":true,"href":"https:\/\/diariodominicano.com\/index.php?rest_route=%2Fwp%2Fv2%2Ftags&post=492373"}],"curies":[{"name":"wp","href":"https:\/\/api.w.org\/{rel}","templated":true}]}}