{"id":492329,"date":"2023-11-29T00:55:59","date_gmt":"2023-11-29T04:55:59","guid":{"rendered":"https:\/\/diariodominicano.com\/?p=492329"},"modified":"2023-11-29T19:40:18","modified_gmt":"2023-11-29T23:40:18","slug":"argentina-anulan-sobreseimiento-de-cristina-fernandez-por-lavado-de-dinero-y-ordenan-indagar-mas","status":"publish","type":"post","link":"https:\/\/diariodominicano.com\/?p=492329","title":{"rendered":"Argentina: Anulan sobreseimiento de Cristina Fern\u00e1ndez por lavado de dinero y ordenan indagar m\u00e1s"},"content":{"rendered":"\n<p>La vicepresidenta argentina, Cristina Fern\u00e1ndez de Kirchner, enfrenta nuevamente un tribunal luego de que su sobreseimiento de junio pasado fuera anulado este martes. <\/p>\n\n\n\n<p>Un tribunal revoc\u00f3 el martes el sobreseimiento de la vicepresidenta y exmandataria argentina Cristina Fern\u00e1ndez de Kirchner por supuesto lavado de dinero a pocos d\u00edas de su salida del gobierno.<\/p>\n\n\n\n<p>Con el voto disidente de uno de sus tres integrantes, la C\u00e1mara Federal anul\u00f3 el sobreseimiento de Fern\u00e1ndez de Kirchner dispuesto en junio por el juez federal Sebasti\u00e1n Casanello y orden\u00f3 al magistrado que profundice la investigaci\u00f3n en torno a la dirigente peronista que gobern\u00f3 entre 2015 y 2019, dijeron medios de prensa que reprodujeron la medida, entre ellos la agencia oficial de noticias T\u00e9lam.<\/p>\n\n\n\n<p>Fern\u00e1ndez de Kirchner, de 70 a\u00f1os, dejar\u00e1 el 10 de diciembre la vicepresidencia por la llegada al poder del binomio de ultraderecha conformado por el presidente y la vicepresidenta electos Javier Milei y Victoria Villarruel.<\/p>\n\n\n\n<p>La vicepresidenta, que\u00a0<strong><em>fue condenada en 2022 a seis a\u00f1os de prisi\u00f3n<\/em><\/strong>\u00a0por administraci\u00f3n fraudulenta durante su mandato \u2014sentencia que ha apelado\u2014 y adem\u00e1s enfrenta otras investigaciones judiciales, quedar\u00e1 sin fueros que la protejan de medidas judiciales como el pedido de detenci\u00f3n.<\/p>\n\n\n\n<p>La exmandataria rechaz\u00f3 la decisi\u00f3n judicial en su cuenta de X, antes Twitter. \u201cPensar que en Argentina todav\u00eda hay quienes hablan de la independencia del Poder Judicial y no se les cae la cara. \u00a1Mamita!\u201d, dijo Fern\u00e1ndez de Kirchner sobre la revocaci\u00f3n de su sobreseimiento, que fue solicitada por la asociaci\u00f3n civil Bases Republicanas, af\u00edn al expresidente conservador Mauricio Macri (2015-2019).<\/p>\n\n\n\n<p>La exgobernante acusa a su sucesor en el poder y uno de los referentes de la oposici\u00f3n de manejar a sectores judiciales que la tienen en la mira en diferentes pesquisas.<\/p>\n\n\n\n<p>El sobreseimiento de la dirigente peronista en el caso sobre lavado de dinero fue solicitado en mayo por el fiscal del caso Guillermo Mariju\u00e1n con el aval de la Administraci\u00f3n Federal de Ingresos P\u00fablicos \u2014el ente recaudador de impuestos\u2014 y de la Unidad de Informaci\u00f3n Financiera (UIF) por entender que no exist\u00edan pruebas en su contra en la causa en la que el empresario L\u00e1zaro B\u00e1ez, allegado de la exmandataria, fue condenado a 10 a\u00f1os de prisi\u00f3n.<\/p>\n\n\n\n<p>La investigaci\u00f3n a Fern\u00e1ndez Kirchner se origin\u00f3 durante el gobierno del conservador Mauricio Macri (2015-2019), cuando el fiscal Mariju\u00e1n imput\u00f3 a la entonces exmandataria a partir de la declaraci\u00f3n como arrepentido de un financista que la involucr\u00f3 en supuestas maniobras de lavado y de la recomendaci\u00f3n de la UIF de investigarla como la presunta due\u00f1a en las sombras del dinero de B\u00e1ez, un empresario dedicado a la construcci\u00f3n de obras viales.<\/p>\n\n\n\n<p>Pero el mismo fiscal indic\u00f3 unos meses atr\u00e1s que no hab\u00eda conseguido pruebas que sustentaran la acusaci\u00f3n y que los centenares de contactos entre Fern\u00e1ndez de Kirchner y B\u00e1ez incorporados a la causa no eran suficientes para determinar que la vicepresidenta hubiera estado involucrada en una operaci\u00f3n de lavado de capitales encabezada por el empresario.<\/p>\n\n\n\n<p>La medida fue apelada por la asociaci\u00f3n civil Bases Republicanas, af\u00edn a Macri, y aceptada en agosto como querellante por la C\u00e1mara Federal. <\/p>\n\n\n\n<p>La relaci\u00f3n con B\u00e1ez le ha acarreado a la vicepresidenta varias causas con la justicia, entre ellas la que deriv\u00f3 en su condena de prisi\u00f3n por beneficiar al empresario con unas 50 obras viales con fondos estatales durante su mandato.<\/p>\n\n\n\n<p>En su mensaje en X cuestionando a la justicia, Fern\u00e1ndez de Kirchner critic\u00f3 adem\u00e1s que el m\u00e1ximo tribunal penal argentino confirmara la desvinculaci\u00f3n de Macri y de varios miembros de la Agencia Federal de Inteligencia de la causa que investig\u00f3 el presunto espionaje los familiares de los marinos muertos con el hundimiento del submarino ARA San Juan en 2017.<\/p>\n\n\n\n<p>\u201cMacri confirm\u00f3 su impunidad en la causa por la muerte de los 44 tripulantes del ARA San Juan\u201d, sostuvo la exmandataria.<\/p>\n","protected":false},"excerpt":{"rendered":"<p>La vicepresidenta argentina, Cristina Fern\u00e1ndez de Kirchner, enfrenta nuevamente un tribunal luego de que su sobreseimiento de junio pasado fuera anulado este martes. Un tribunal revoc\u00f3 el martes el sobreseimiento de la vicepresidenta y exmandataria argentina Cristina Fern\u00e1ndez de Kirchner por supuesto lavado de dinero a pocos d\u00edas de su salida del gobierno. Con el [&hellip;]<\/p>\n","protected":false},"author":28,"featured_media":492531,"comment_status":"closed","ping_status":"","sticky":false,"template":"","format":"standard","meta":{"footnotes":""},"categories":[23,24,22],"tags":[],"class_list":["post-492329","post","type-post","status-publish","format-standard","has-post-thumbnail","hentry","category-internacional","category-justicia-y-derecho","category-politica"],"_links":{"self":[{"href":"https:\/\/diariodominicano.com\/index.php?rest_route=\/wp\/v2\/posts\/492329","targetHints":{"allow":["GET"]}}],"collection":[{"href":"https:\/\/diariodominicano.com\/index.php?rest_route=\/wp\/v2\/posts"}],"about":[{"href":"https:\/\/diariodominicano.com\/index.php?rest_route=\/wp\/v2\/types\/post"}],"author":[{"embeddable":true,"href":"https:\/\/diariodominicano.com\/index.php?rest_route=\/wp\/v2\/users\/28"}],"replies":[{"embeddable":true,"href":"https:\/\/diariodominicano.com\/index.php?rest_route=%2Fwp%2Fv2%2Fcomments&post=492329"}],"version-history":[{"count":3,"href":"https:\/\/diariodominicano.com\/index.php?rest_route=\/wp\/v2\/posts\/492329\/revisions"}],"predecessor-version":[{"id":492532,"href":"https:\/\/diariodominicano.com\/index.php?rest_route=\/wp\/v2\/posts\/492329\/revisions\/492532"}],"wp:featuredmedia":[{"embeddable":true,"href":"https:\/\/diariodominicano.com\/index.php?rest_route=\/wp\/v2\/media\/492531"}],"wp:attachment":[{"href":"https:\/\/diariodominicano.com\/index.php?rest_route=%2Fwp%2Fv2%2Fmedia&parent=492329"}],"wp:term":[{"taxonomy":"category","embeddable":true,"href":"https:\/\/diariodominicano.com\/index.php?rest_route=%2Fwp%2Fv2%2Fcategories&post=492329"},{"taxonomy":"post_tag","embeddable":true,"href":"https:\/\/diariodominicano.com\/index.php?rest_route=%2Fwp%2Fv2%2Ftags&post=492329"}],"curies":[{"name":"wp","href":"https:\/\/api.w.org\/{rel}","templated":true}]}}