{"id":492306,"date":"2023-11-29T00:08:12","date_gmt":"2023-11-29T04:08:12","guid":{"rendered":"https:\/\/diariodominicano.com\/?p=492306"},"modified":"2023-11-29T00:08:12","modified_gmt":"2023-11-29T04:08:12","slug":"centro-cultural-banreservas-presenta-concierto-por-50-anos-de-carrera-de-claudio-cohen","status":"publish","type":"post","link":"https:\/\/diariodominicano.com\/?p=492306","title":{"rendered":"Centro Cultural Banreservas presenta concierto por 50 a\u00f1os de carrera de Claudio Coh\u00e9n"},"content":{"rendered":"\n<p> Claudio Coh\u00e9n, celebra este viernes \u00a0primero de diciembre, sus 50 a\u00f1os de carrera, con un concierto en el Centro Cultural Banreservas.<\/p>\n\n\n\n<p>Fue fundador del Grupo Nueva Forma, basado en los par\u00e1metros musicales de la Nueva Trova Cubana<\/p>\n\n\n\n<p>Servicio de Prensa<\/p>\n\n\n\n<p>El cantautor Claudio Coh\u00e9n y un grupo de sus artistas amigos ofrecen este viernes 1 de diciembre 2023, Centro Cultural Banreservas, a las ocho de la noche un concierto para celebrar los 50 a\u00f1os de carrera del artista.<\/p>\n\n\n\n<p>Como compositor Claudio Coh\u00e9n har\u00e1 en el concierto de este viernes un recorrido entre las m\u00e1s de 215 canciones originales, adem\u00e1s de que se destac\u00f3 por las musicalizaciones de poetas como Pedro Mir, Jorge Luis Borges, Ren\u00e9 del Risco, Manuel del Cabral, Mario Benedetti, Pablo Neruda, Miguel Alfonseca y Juan Pablo Duarte.<\/p>\n\n\n\n<p>Un&nbsp; grupo de vocalistas que han tenido carreras paralelas junto a Coh\u00e9n, tendr\u00e1n d\u00faos con el artista, como forma de celebrar el medio siglo de actuaci\u00f3n<\/p>\n\n\n\n<p>Coh\u00e9n tiene un amplio historial como productor radial y televisivo, e incluso en su intento de publicista, donde tambi\u00e9n trascendi\u00f3, as\u00ed como su papel de promotor social y defensor de la ecolog\u00eda.<\/p>\n\n\n\n<p>Ha actuado en escenario junto a: Sonia Silvestre, Danny Rivera, V\u00edctor V\u00edctor, Jos\u00e9 Antonio Rodr\u00edguez, Patricia Pereyra, Maridalia Hern\u00e1ndez, Claudia Sierra, Wilfredo Nanita, V\u00edctor del Villar, Edil\u00ed, Adalgisa Pantale\u00f3n y su hijo Gabriel Coh\u00e9n.&nbsp;Fue fundador del Grupo Nueva Forma, basado en los par\u00e1metros musicales de la Nueva Trova Cubana.<\/p>\n\n\n\n<p>Pie de foto:<\/p>\n\n\n\n<p>Claudio Coh\u00e9n, celebra este viernes &nbsp;primero de diciembre, sus 50 a\u00f1os de carrera, con un concierto en el Centro Cultural Banreservas<\/p>\n","protected":false},"excerpt":{"rendered":"<p>Claudio Coh\u00e9n, celebra este viernes \u00a0primero de diciembre, sus 50 a\u00f1os de carrera, con un concierto en el Centro Cultural Banreservas. Fue fundador del Grupo Nueva Forma, basado en los par\u00e1metros musicales de la Nueva Trova Cubana Servicio de Prensa El cantautor Claudio Coh\u00e9n y un grupo de sus artistas amigos ofrecen este viernes 1 [&hellip;]<\/p>\n","protected":false},"author":28,"featured_media":492307,"comment_status":"closed","ping_status":"","sticky":true,"template":"","format":"standard","meta":{"footnotes":""},"categories":[21,36,27,32],"tags":[],"class_list":["post-492306","post","type-post","status-publish","format-standard","has-post-thumbnail","hentry","category-cultura","category-hombresmujeresycosas","category-portada","category-turismo"],"_links":{"self":[{"href":"https:\/\/diariodominicano.com\/index.php?rest_route=\/wp\/v2\/posts\/492306","targetHints":{"allow":["GET"]}}],"collection":[{"href":"https:\/\/diariodominicano.com\/index.php?rest_route=\/wp\/v2\/posts"}],"about":[{"href":"https:\/\/diariodominicano.com\/index.php?rest_route=\/wp\/v2\/types\/post"}],"author":[{"embeddable":true,"href":"https:\/\/diariodominicano.com\/index.php?rest_route=\/wp\/v2\/users\/28"}],"replies":[{"embeddable":true,"href":"https:\/\/diariodominicano.com\/index.php?rest_route=%2Fwp%2Fv2%2Fcomments&post=492306"}],"version-history":[{"count":1,"href":"https:\/\/diariodominicano.com\/index.php?rest_route=\/wp\/v2\/posts\/492306\/revisions"}],"predecessor-version":[{"id":492308,"href":"https:\/\/diariodominicano.com\/index.php?rest_route=\/wp\/v2\/posts\/492306\/revisions\/492308"}],"wp:featuredmedia":[{"embeddable":true,"href":"https:\/\/diariodominicano.com\/index.php?rest_route=\/wp\/v2\/media\/492307"}],"wp:attachment":[{"href":"https:\/\/diariodominicano.com\/index.php?rest_route=%2Fwp%2Fv2%2Fmedia&parent=492306"}],"wp:term":[{"taxonomy":"category","embeddable":true,"href":"https:\/\/diariodominicano.com\/index.php?rest_route=%2Fwp%2Fv2%2Fcategories&post=492306"},{"taxonomy":"post_tag","embeddable":true,"href":"https:\/\/diariodominicano.com\/index.php?rest_route=%2Fwp%2Fv2%2Ftags&post=492306"}],"curies":[{"name":"wp","href":"https:\/\/api.w.org\/{rel}","templated":true}]}}