{"id":492293,"date":"2023-11-28T23:58:47","date_gmt":"2023-11-29T03:58:47","guid":{"rendered":"https:\/\/diariodominicano.com\/?p=492293"},"modified":"2023-11-28T23:58:47","modified_gmt":"2023-11-29T03:58:47","slug":"fedotenis-celebra-xii-festival-de-colores-en-casa-de-espana","status":"publish","type":"post","link":"https:\/\/diariodominicano.com\/?p=492293","title":{"rendered":"Fedotenis celebra XII Festival de Colores\u00a0en Casa de Espa\u00f1a"},"content":{"rendered":"\n<p>Participantes del Festival de Colores<\/p>\n\n\n\n<p>SANTO DOMINGO, RD.- La Federaci\u00f3n Dominicana de Tenis (Fedotenis) celebr\u00f3 el pasado fin de semana la 12\u00a0edici\u00f3n de 18 actividades del programa Iniciativa de Tenis Juvenil (JTI), de la Federaci\u00f3n Internacional de Tenis (ITF).<\/p>\n\n\n\n<p>El Festival de Colores fue celebrado en Casa de Espa\u00f1a,&nbsp;ddirigido por Jos\u00e9 Ortiz,&nbsp;pro de tenis de&nbsp;Casa&nbsp;EEspa\u00f1a, bajo la direcci\u00f3n de deportes&nbsp;de&nbsp;su director,&nbsp;Wilfred de Jes\u00fas, y en representaci\u00f3n de la&nbsp;Fedotenis Emmanuel Novas, coordinador nacional,&nbsp;asistido por el entrenador Enmanuel Emiliano.<\/p>\n\n\n\n<figure class=\"wp-block-image size-large\"><img loading=\"lazy\" decoding=\"async\" width=\"1024\" height=\"682\" src=\"https:\/\/diariodominicano.com\/wp-content\/uploads\/2023\/11\/Festival-de-Colores-2-3-1024x682.jpeg\" alt=\"\" class=\"wp-image-492295\" srcset=\"https:\/\/diariodominicano.com\/wp-content\/uploads\/2023\/11\/Festival-de-Colores-2-3-1024x682.jpeg 1024w, https:\/\/diariodominicano.com\/wp-content\/uploads\/2023\/11\/Festival-de-Colores-2-3-300x200.jpeg 300w, https:\/\/diariodominicano.com\/wp-content\/uploads\/2023\/11\/Festival-de-Colores-2-3-768x512.jpeg 768w, https:\/\/diariodominicano.com\/wp-content\/uploads\/2023\/11\/Festival-de-Colores-2-3-1536x1023.jpeg 1536w, https:\/\/diariodominicano.com\/wp-content\/uploads\/2023\/11\/Festival-de-Colores-2-3-816x544.jpeg 816w, https:\/\/diariodominicano.com\/wp-content\/uploads\/2023\/11\/Festival-de-Colores-2-3.jpeg 1600w\" sizes=\"auto, (max-width: 1024px) 100vw, 1024px\" \/><\/figure>\n\n\n\n<p>Participaron 41 ni\u00f1os en tres categor\u00edas;&nbsp;en mini tenis&nbsp;rojo jugaron roun robin por tiempo y rotaciones, en la categor\u00eda U10 naranja y verde jugaron dobles y sencillos, hubo brindis y premios a todos los participantes. Todos los padres de los tenistas estuvieron&nbsp;presentes&nbsp;apoyando la actividad.<\/p>\n\n\n\n<p>Tanto la Fedotenis, como la JTI y la ITF llevaron alegr\u00eda y entusiasmo a los tenistas de 10 a\u00f1os o menos, que recibieron medallas y refrigerios. El evento infantil tambi\u00e9n tiene el apoyo del Banco de Reservas y el Ministerio de Turismo.<\/p>\n\n\n\n<p>El pr\u00f3ximo festival es el s\u00e1bado 2 de diciembre en Santiago,&nbsp;organizado por Agust\u00edn V\u00e1squez.<\/p>\n\n\n\n<p>El objetivo del programa es incentivar la competencia de ni\u00f1os de 6 hasta los 10 a\u00f1os, para fomentar las competencias entre los chicos, se\u00f1al\u00f3 Novas.<\/p>\n\n\n\n<p>\u201cEl programa de la JTI sirve para impulsar el tenis de competencia en ni\u00f1os de menores de 10 a\u00f1os\u201d, recalc\u00f3 Novas. \u201cEsperamos otra gran acogida en Santiago\u201d.<\/p>\n\n\n\n<p>El programa JTI, de la ITF, brinda oportunidades para que los ni\u00f1os de todo el mundo agarren una raqueta por primera vez, alent\u00e1ndolos a jugar en competencias y sesiones organizadas localmente dentro de las escuelas, la comunidad y las canchas de tenis para disfrutar del deporte.&nbsp;Es el punto de lanzamiento para muchos aspirantes a jugadores competitivos y una plataforma para introducir m\u00e1s talento al juego dentro del programa de desarrollo nacional de un pa\u00eds.<\/p>\n\n\n\n<p>Este programa brinda oportunidades para que los aspirantes a entrenadores de tenis, maestros de escuela y organizadores administrativos tambi\u00e9n se involucren, y estos proveedores son clave para impulsar una mayor participaci\u00f3n en el deporte.<\/p>\n\n\n\n<p>Federacion Dominicana de Tenis Fedotenis<a target=\"_blank\" href=\"mailto:prensafedotenis@gmail.com\" rel=\"noreferrer noopener\">prensafedotenis@gmail.com<\/a><\/p>\n\n\n\n<p>PRENSA FEDOTENIS&nbsp;<\/p>\n","protected":false},"excerpt":{"rendered":"<p>Participantes del Festival de Colores SANTO DOMINGO, RD.- La Federaci\u00f3n Dominicana de Tenis (Fedotenis) celebr\u00f3 el pasado fin de semana la 12\u00a0edici\u00f3n de 18 actividades del programa Iniciativa de Tenis Juvenil (JTI), de la Federaci\u00f3n Internacional de Tenis (ITF). El Festival de Colores fue celebrado en Casa de Espa\u00f1a,&nbsp;ddirigido por Jos\u00e9 Ortiz,&nbsp;pro de tenis de&nbsp;Casa&nbsp;EEspa\u00f1a, [&hellip;]<\/p>\n","protected":false},"author":28,"featured_media":492294,"comment_status":"closed","ping_status":"","sticky":false,"template":"","format":"standard","meta":{"footnotes":""},"categories":[36,17,32],"tags":[],"class_list":["post-492293","post","type-post","status-publish","format-standard","has-post-thumbnail","hentry","category-hombresmujeresycosas","category-deportes","category-turismo"],"_links":{"self":[{"href":"https:\/\/diariodominicano.com\/index.php?rest_route=\/wp\/v2\/posts\/492293","targetHints":{"allow":["GET"]}}],"collection":[{"href":"https:\/\/diariodominicano.com\/index.php?rest_route=\/wp\/v2\/posts"}],"about":[{"href":"https:\/\/diariodominicano.com\/index.php?rest_route=\/wp\/v2\/types\/post"}],"author":[{"embeddable":true,"href":"https:\/\/diariodominicano.com\/index.php?rest_route=\/wp\/v2\/users\/28"}],"replies":[{"embeddable":true,"href":"https:\/\/diariodominicano.com\/index.php?rest_route=%2Fwp%2Fv2%2Fcomments&post=492293"}],"version-history":[{"count":1,"href":"https:\/\/diariodominicano.com\/index.php?rest_route=\/wp\/v2\/posts\/492293\/revisions"}],"predecessor-version":[{"id":492296,"href":"https:\/\/diariodominicano.com\/index.php?rest_route=\/wp\/v2\/posts\/492293\/revisions\/492296"}],"wp:featuredmedia":[{"embeddable":true,"href":"https:\/\/diariodominicano.com\/index.php?rest_route=\/wp\/v2\/media\/492294"}],"wp:attachment":[{"href":"https:\/\/diariodominicano.com\/index.php?rest_route=%2Fwp%2Fv2%2Fmedia&parent=492293"}],"wp:term":[{"taxonomy":"category","embeddable":true,"href":"https:\/\/diariodominicano.com\/index.php?rest_route=%2Fwp%2Fv2%2Fcategories&post=492293"},{"taxonomy":"post_tag","embeddable":true,"href":"https:\/\/diariodominicano.com\/index.php?rest_route=%2Fwp%2Fv2%2Ftags&post=492293"}],"curies":[{"name":"wp","href":"https:\/\/api.w.org\/{rel}","templated":true}]}}