{"id":492274,"date":"2023-11-28T23:39:00","date_gmt":"2023-11-29T03:39:00","guid":{"rendered":"https:\/\/diariodominicano.com\/?p=492274"},"modified":"2023-11-28T23:39:26","modified_gmt":"2023-11-29T03:39:26","slug":"udesa-entrega-premio-hanns-hieronimus-al-empresario-televisivo-adalberto-de-leon","status":"publish","type":"post","link":"https:\/\/diariodominicano.com\/?p=492274","title":{"rendered":"UDESA entrega Premio Hanns Hieronimus al empresario televisivo Adalberto de Le\u00f3n"},"content":{"rendered":"\n<p> <strong>\u00a0En el centro, el empresario y propulsor deportivo Adalberto De Le\u00f3n, recibe el gran galard\u00f3n Hanns Hieronimus, que entregan, desde la izquierda, Emmanuel Garc\u00eda Musa, Ana Elsa Santos, Julia Lora de Hieronimus y Guillermo Jos\u00e9 Saleta P\u00e9rez<\/strong>.<\/p>\n\n\n\n<p><strong>SANTIAGO DE LOS CABALLEROS, Santiago, RD, 28 de noviembre de 2023.- L<\/strong>a Uni\u00f3n Deportiva de Santiago (UDESA), en el m\u00e1s emotivo ceremonial entreg\u00f3 el XXIX Premio Hanns Hieronimus al empresario televisivo y propulsor deportivo, Adalberto de Le\u00f3n, en un acto realizado el pasado lunes en la sala Julio Alberto Hern\u00e1ndez, del Gran Teatro del Cibao.<\/p>\n\n\n\n<p>El galardonado, como siempre, mostrando su eterna sonrisa, recibi\u00f3 muy emocionado la gran distinci\u00f3n entregada oficialmente por la licenciada Ana Elsa Santos, presidente de UDESA; licenciado Emmanuel Garc\u00eda Musa, secretario general de la entidad; do\u00f1a Julia Lora de Hieronimus, madre del deporte de Santiago y el licenciado Guillermo Jos\u00e9 Saleta P\u00e9rez.<\/p>\n\n\n\n<p>\u201cSin lugar a duda que estoy muy emocionado, al ver la calidad personal, las historias de quienes han recibido este premio, uno piensa, \u00bfestoy entre ellos?, esto es incre\u00edble, grandioso\u201d, dijo entre otras cosas el emotivo homenajeado.<\/p>\n\n\n\n<p>Asimismo, mientras dec\u00eda parte de su hist\u00f3rica labor deportiva, aconsej\u00f3 poner valor a esas actividades, sobre todo el de las asociaciones, enumerando parte de su incansable labor, en la cual, en otro orden, &nbsp;transmite cotidianamente las misas cat\u00f3licas y otras actividades diocesanas por su canal S\u00faper TV 55, adem\u00e1s de una variada y profesional programaci\u00f3n.<\/p>\n\n\n\n<p>De su lado, la licenciada Santos, en su discurso, luego de saludar a los presentes, destac\u00f3 la hist\u00f3rica vida deportiva y organizativa de Hanns Hieronimus, elogiando, adem\u00e1s, la distinci\u00f3n entregada al empresario televisivo y propulsor deportivo, Adalberto de Le\u00f3n, manifestando su emoci\u00f3n al conocer la trayectoria de su vida deportiva, entre otras cosas.<\/p>\n\n\n\n<p>Mientras que, el licenciado Guillermo Jos\u00e9 Saleta P\u00e9rez, quien describi\u00f3 muy acertadamente y con todo lujo de detalles, la semblanza del homenajeado mostr\u00f3 un ser humano preocupado por el bienestar de sus cong\u00e9neres, sobre todo por las organizaciones asociadas y las de los barrios y municipios de Santiago, narrando innumerables actividades por el deporte.<\/p>\n\n\n\n<p>El licenciado Emmanuel Garc\u00eda Musa, secretario general de UDESA, dijo una semblanza ilustrativa de la vida en el deporte del fundador de UDESA, Hanns Hieronimus, explicando sobre sus actitudes ante las eventualidades organizativas y competitivas, entre otras muchas cosas para la historia.<\/p>\n\n\n\n<p>Para iniciar el acto, Desir\u00e9e Hieronimus de Liriano, dijo una invocaci\u00f3n religiosa, luego fue escuchado el Himno Nacional Dominicano, completado el programa del ceremonial el homenajeado fue fotografiado con sus familiares presentes, con la familia de Hanns Hieronimus, con el Comit\u00e9 ejecutivo de UDESA, con los cronistas deportivos y otros miembros de la prensa, as\u00ed como con los representantes de las asociaciones afiliadas a la UDESA y con otros invitados especiales, al final a solicitud de la licenciada Santos, fue tomada una gr\u00e1fica con los presentes.<\/p>\n\n\n\n<p>El ceremonial fue auspiciado por, el Ministerio Dominicano de Deportes (MIDEREC), CORAASAN, Corporaci\u00f3n de Cr\u00e9dito Nordestana, Federaci\u00f3n Dominicana de Uniones Deportivas, Copiado Lu\u00eds y Gran Teatro del Cibao.<\/p>\n\n\n\n<p><strong>LOS GALARDONADOS HASTA AHORA<\/strong><\/p>\n\n\n\n<p>Adalberto De Le\u00f3n es la personalidad n\u00famero 32 que recibe el premio Hans J. Hieronimus, que comenz\u00f3 en 1992 con el reconocimiento al doctor Jos\u00e9 joaqu\u00edn Puello Herrera.<\/p>\n\n\n\n<p>El segundo en recibirlo fue Freddy Elmer Toribio (1993), para luego entregar el premio a tres miembros de la cr\u00f3nica deportiva, C\u00e9sar Delmonte y Consuegra (1994), Domingo Saint-Hilaire (1995) y H\u00e9ctor \u201cBullo\u201d Steffani (1996).<\/p>\n\n\n\n<p>En 1997 se premi\u00f3 a uno de los padres del olimpismo de Rep\u00fablica Dominicana, Roque Napole\u00f3n Mu\u00f1oz, un a\u00f1o m\u00e1s tarde 1998 lo recibi\u00f3 Guillermo Saleta, despu\u00e9s H\u00e9ctor Grull\u00f3n Moronta (1999) y en el 2000 Rafael \u201cPanch\u00f3n Tejada.<\/p>\n\n\n\n<p>Inici\u00f3 el siglo recibiendo el premio An\u00edbal Medina (2001), Ram\u00f3n Camacho (2002), Rafael Carrasco (2003), Pappy P\u00e9rez (2004), Reynaldo \u201cPapi\u201d Bison\u00f3 (2005), en 2006 se reconoci\u00f3 a Luis Pr\u00e1xedes Bueno&nbsp; y Flavio Dar\u00edo Espinal.<\/p>\n\n\n\n<p>Mario M\u00e9ndez fue seleccionado para recibir el Premio Hans J. Hieronimus en el 2007, Juan Vila&nbsp; (2008), Winston \u201cChilote\u201d Llenas (2009), Papi Pimentel (2010), V\u00edctor Garc\u00eda Sued (2011), V\u00edctor Tejada (2012) y Ram\u00f3n De Luna (2014.<\/p>\n\n\n\n<p>En el a\u00f1o 2016 el premio fue para el doctor Pr\u00edamo Rodr\u00edguez, seguido por Amalia Almonte de Germoso (1017, a\u00f1o que tambi\u00e9n se entreg\u00f3 la valiosa estatuilla a Juan Ulises Garc\u00eda Saleta (Wiche).<\/p>\n\n\n\n<p>En 2018 fue seleccionado para recibir el Premio en honor a Hans Hieronimus, el periodista H\u00e9ctor Garc\u00eda.<\/p>\n\n\n\n<p>Previo a la pandemia en 2019 fueron entregados dos premios a Adriano Miguel Tejada y H\u00e9ctor \u201cTito\u201d Pereyra In memoriam.<\/p>\n\n\n\n<p>Ya amenazado por la Covid-19 en el 2020 lo recibi\u00f3 Luis Elpidio Cumba y en el 2021 Osiris Tejada, para luego caer en un receso el a\u00f1o pasado.<\/p>\n\n\n\n<p>oscarpolanco.santiagord@gmail.com<\/p>\n\n\n\n<p><\/p>\n","protected":false},"excerpt":{"rendered":"<p>\u00a0En el centro, el empresario y propulsor deportivo Adalberto De Le\u00f3n, recibe el gran galard\u00f3n Hanns Hieronimus, que entregan, desde la izquierda, Emmanuel Garc\u00eda Musa, Ana Elsa Santos, Julia Lora de Hieronimus y Guillermo Jos\u00e9 Saleta P\u00e9rez. SANTIAGO DE LOS CABALLEROS, Santiago, RD, 28 de noviembre de 2023.- La Uni\u00f3n Deportiva de Santiago (UDESA), en [&hellip;]<\/p>\n","protected":false},"author":28,"featured_media":492275,"comment_status":"closed","ping_status":"","sticky":true,"template":"","format":"standard","meta":{"footnotes":""},"categories":[36,17,27,32],"tags":[],"class_list":["post-492274","post","type-post","status-publish","format-standard","has-post-thumbnail","hentry","category-hombresmujeresycosas","category-deportes","category-portada","category-turismo"],"_links":{"self":[{"href":"https:\/\/diariodominicano.com\/index.php?rest_route=\/wp\/v2\/posts\/492274","targetHints":{"allow":["GET"]}}],"collection":[{"href":"https:\/\/diariodominicano.com\/index.php?rest_route=\/wp\/v2\/posts"}],"about":[{"href":"https:\/\/diariodominicano.com\/index.php?rest_route=\/wp\/v2\/types\/post"}],"author":[{"embeddable":true,"href":"https:\/\/diariodominicano.com\/index.php?rest_route=\/wp\/v2\/users\/28"}],"replies":[{"embeddable":true,"href":"https:\/\/diariodominicano.com\/index.php?rest_route=%2Fwp%2Fv2%2Fcomments&post=492274"}],"version-history":[{"count":2,"href":"https:\/\/diariodominicano.com\/index.php?rest_route=\/wp\/v2\/posts\/492274\/revisions"}],"predecessor-version":[{"id":492277,"href":"https:\/\/diariodominicano.com\/index.php?rest_route=\/wp\/v2\/posts\/492274\/revisions\/492277"}],"wp:featuredmedia":[{"embeddable":true,"href":"https:\/\/diariodominicano.com\/index.php?rest_route=\/wp\/v2\/media\/492275"}],"wp:attachment":[{"href":"https:\/\/diariodominicano.com\/index.php?rest_route=%2Fwp%2Fv2%2Fmedia&parent=492274"}],"wp:term":[{"taxonomy":"category","embeddable":true,"href":"https:\/\/diariodominicano.com\/index.php?rest_route=%2Fwp%2Fv2%2Fcategories&post=492274"},{"taxonomy":"post_tag","embeddable":true,"href":"https:\/\/diariodominicano.com\/index.php?rest_route=%2Fwp%2Fv2%2Ftags&post=492274"}],"curies":[{"name":"wp","href":"https:\/\/api.w.org\/{rel}","templated":true}]}}