{"id":492246,"date":"2023-11-28T23:04:27","date_gmt":"2023-11-29T03:04:27","guid":{"rendered":"https:\/\/diariodominicano.com\/?p=492246"},"modified":"2023-11-28T23:04:27","modified_gmt":"2023-11-29T03:04:27","slug":"tribunal-de-disciplina-y-etica-del-pld-ordena-inscribir-candidata-a-vicealcaldesa-en-municipio-las-guaranas-de-provincia-duarte","status":"publish","type":"post","link":"https:\/\/diariodominicano.com\/?p=492246","title":{"rendered":"Tribunal de Disciplina y \u00c9tica del PLD\u00a0ordena inscribir candidata a vicealcaldesa en municipio Las Guaranas de provincia Duarte"},"content":{"rendered":"\n<p><strong>El Tribunal Nacional de Disciplina y \u00c9tica (TNDE)&nbsp;del Partido de la Liberaci\u00f3n Dominicana (PLD)<\/strong>&nbsp;orden\u00f3 la inscripci\u00f3n de Rosa Julia Mart\u00ednez Mayi (Katy) como candidata a vice alcaldesa por esa organizaci\u00f3n en el municipio Las Guaran\u00e1s, provincia Duarte al tiempo que inici\u00f3 proceso disciplinario contra Arsenio Hern\u00e1ndez (Rigo), presidente pelede\u00edsta en esa localidad, acogiendo denuncia del Enlace Provincial Lu\u00eds Reyes Santos.<\/p>\n\n\n\n<p>Aunque no precisa detalles, la Resoluci\u00f3n No. 06 del quince de cursante mes de noviembre del presente a\u00f1o 2023, rese\u00f1ada por la Secretar\u00eda de Comunicaciones pelede\u00edsta resoluto una medida cautelar contra Hern\u00e1ndez al admitir como regular y v\u00e1lida la denuncia de Reyes Santos.<\/p>\n\n\n\n<p>\u201c\u2026de fecha 20 de octubre del 2023, por haber sido presentada en tiempo h\u00e1bil, conforme a la Constituci\u00f3n, las Leyes Org\u00e1nicas del R\u00e9gimen Electoral, los Estatutos del Partido de la Liberaci\u00f3n Dominicana (PLD), y el Reglamento que regula este Tribunal de Disciplina y \u00c9tica del PLD.\u201d, se lee textualmente en el p\u00e1rrafo primero del dispositivo resolutorio, aprobando la instancia.<\/p>\n\n\n\n<p>En el p\u00e1rrafo segundo reitera el car\u00e1cter \u201cde oficio\u201d y definitivo de la decisi\u00f3n, adem\u00e1s de considerar la adopci\u00f3n de una \u201cmedida cautelar anticipada\u201d respecto del procesado Arsenio Hern\u00e1ndez (Rigo).<\/p>\n\n\n\n<p>Dice el Tribunal Nacional de Disciplina y \u00c9tica del PLD que la orden de inscribir a Mart\u00ednez Mayi como vicealcaldesa de Las Guaran\u00e1s, provincia Duarte, est\u00e1 avalada en \u201c.la primera Resoluci\u00f3n aprobada a unanimidad respecto de la Comisi\u00f3n de los Tres (3), integrada por los miembros del Comit\u00e9 Pol\u00edtico, apoderados formalmente, a unanimidad de los presentes en la Asamblea de Delegados, celebrada en fecha 2 de octubre del 2023, y los motivos expuestos\u201d en la Resoluci\u00f3n 06.<\/p>\n\n\n\n<p>La nota de la Secretar\u00eda de Comunicaciones del PLD refiere que en el tercer p\u00e1rrafo resolutorio el referido tribunal disciplinario acogi\u00f3 la solicitud de pr\u00f3rroga sometida por el proceso Arsenio Hern\u00e1ndez, quedando fijada audiencia para el mi\u00e9rcoles 29 de la presente semana y mes de noviembre.<\/p>\n\n\n\n<p>\u201c\u2026 a las 10:30 AM, a los fines de continuar conociendo la falta disciplinaria de la que est\u00e1 apoderado este Tribunal Disciplinario;\u201d, acota la referida nota citando la Resoluci\u00f3n 06.<\/p>\n\n\n\n<p>La sesi\u00f3n donde se tomaron las referidas decisiones se produjo en la sede capitalina de la organizaci\u00f3n pol\u00edtica a las 10:30 de la ma\u00f1ana del pasado quince de noviembre, presidida por la titular de dicho tribunal e integrante del Comit\u00e9 Pol\u00edtico; el vicepresidente Manuel Galv\u00e1n, el secretario Gustavo Guzm\u00e1n y los miembros Teodoro Ursino Reyes, John Garrido y Elic Fern\u00e1ndez.<\/p>\n\n\n\n<p>Los integrantes del TNDE del PLD dando cumplimiento al debido proceso revisaron las normativas constitucionales (art\u00edculos 216, 68 y 69), de la Ley Org\u00e1nica de Partidos, Agrupaciones y Movimientos Pol\u00edticos 33-18 (art\u00edculo 31); la Ley Org\u00e1nica del R\u00e9gimen Electoral; la Ley 13-07 de Transici\u00f3n hacia el Control Jurisdiccional de la Actividad Administrativa Estatal (art\u00edculo 7); y los estatutos del Partido de la Liberaci\u00f3n Dominicana (art\u00edculo 74).<\/p>\n\n\n\n<p><strong>SECRETARIA DE COMUNICACIONES<\/strong><\/p>\n\n\n\n<p><strong>28 DE NOVIEMBRE, 2023.-<\/strong><\/p>\n","protected":false},"excerpt":{"rendered":"<p>El Tribunal Nacional de Disciplina y \u00c9tica (TNDE)&nbsp;del Partido de la Liberaci\u00f3n Dominicana (PLD)&nbsp;orden\u00f3 la inscripci\u00f3n de Rosa Julia Mart\u00ednez Mayi (Katy) como candidata a vice alcaldesa por esa organizaci\u00f3n en el municipio Las Guaran\u00e1s, provincia Duarte al tiempo que inici\u00f3 proceso disciplinario contra Arsenio Hern\u00e1ndez (Rigo), presidente pelede\u00edsta en esa localidad, acogiendo denuncia del [&hellip;]<\/p>\n","protected":false},"author":28,"featured_media":492247,"comment_status":"closed","ping_status":"","sticky":true,"template":"","format":"standard","meta":{"footnotes":""},"categories":[22],"tags":[],"class_list":["post-492246","post","type-post","status-publish","format-standard","has-post-thumbnail","hentry","category-politica"],"_links":{"self":[{"href":"https:\/\/diariodominicano.com\/index.php?rest_route=\/wp\/v2\/posts\/492246","targetHints":{"allow":["GET"]}}],"collection":[{"href":"https:\/\/diariodominicano.com\/index.php?rest_route=\/wp\/v2\/posts"}],"about":[{"href":"https:\/\/diariodominicano.com\/index.php?rest_route=\/wp\/v2\/types\/post"}],"author":[{"embeddable":true,"href":"https:\/\/diariodominicano.com\/index.php?rest_route=\/wp\/v2\/users\/28"}],"replies":[{"embeddable":true,"href":"https:\/\/diariodominicano.com\/index.php?rest_route=%2Fwp%2Fv2%2Fcomments&post=492246"}],"version-history":[{"count":1,"href":"https:\/\/diariodominicano.com\/index.php?rest_route=\/wp\/v2\/posts\/492246\/revisions"}],"predecessor-version":[{"id":492248,"href":"https:\/\/diariodominicano.com\/index.php?rest_route=\/wp\/v2\/posts\/492246\/revisions\/492248"}],"wp:featuredmedia":[{"embeddable":true,"href":"https:\/\/diariodominicano.com\/index.php?rest_route=\/wp\/v2\/media\/492247"}],"wp:attachment":[{"href":"https:\/\/diariodominicano.com\/index.php?rest_route=%2Fwp%2Fv2%2Fmedia&parent=492246"}],"wp:term":[{"taxonomy":"category","embeddable":true,"href":"https:\/\/diariodominicano.com\/index.php?rest_route=%2Fwp%2Fv2%2Fcategories&post=492246"},{"taxonomy":"post_tag","embeddable":true,"href":"https:\/\/diariodominicano.com\/index.php?rest_route=%2Fwp%2Fv2%2Ftags&post=492246"}],"curies":[{"name":"wp","href":"https:\/\/api.w.org\/{rel}","templated":true}]}}