{"id":492185,"date":"2023-11-28T17:35:06","date_gmt":"2023-11-28T21:35:06","guid":{"rendered":"https:\/\/diariodominicano.com\/?p=492185"},"modified":"2023-11-28T17:35:06","modified_gmt":"2023-11-28T21:35:06","slug":"prd-y-miguel-vargas-invitan-a-inicio-de-trabajos-campana-municipal","status":"publish","type":"post","link":"https:\/\/diariodominicano.com\/?p=492185","title":{"rendered":"PRD y Miguel Vargas invitan a inicio de trabajos campa\u00f1a municipal"},"content":{"rendered":"\n<p>diariodominicano.com<\/p>\n\n\n\n<p>Santo Domingo, R. D.,   28 de noviembre, 2023.-  Este mi\u00e9rcoles, el Partido Revolucionario Dominicano (PRD), bajo la orientaci\u00f3n de su presidente, el\u00a0<strong>Ing. Miguel Vargas Maldonado<\/strong>, convoca al\u00a0Encuentro Nacional de Candidatas y Candidatos Municipales para las Elecciones del 2024.<\/p>\n\n\n\n<p>En esta ocasi\u00f3n, toca el turno a los candidatos a alcaldes, directores, vicealcaldes, y subdirectores, con el prop\u00f3sito de, cerrados ya los plazos del calendario electoral, iniciar la planificaci\u00f3n y estrategia de campa\u00f1a, con miras a febrero pr\u00f3ximo.<\/p>\n\n\n\n<p>Junto al tambi\u00e9n candidato presidencial Miguel Vargas estar\u00e1 la Direcci\u00f3n Nacional de Campa\u00f1a y la Direcci\u00f3n Pol\u00edtica del partido.<\/p>\n\n\n\n<p><strong>FECHA:<\/strong>&nbsp;mi\u00e9rcoles 29 de noviembre 2023<\/p>\n\n\n\n<p><strong>LUGAR:<\/strong>&nbsp; Hotel Dominican Fiesta, Distrito Nacional<\/p>\n\n\n\n<p><strong>HORA: 9:00 a. m.<\/strong><\/p>\n\n\n\n<p>Comunicaci\u00f3n Integral Rep Dom<\/p>\n\n\n\n<p><a rel=\"noreferrer noopener\" target=\"_blank\" href=\"mailto:comunicacionintegralrepdom@gmail.com\">comunicacionintegralrepdom@gmail.com<\/a><\/p>\n","protected":false},"excerpt":{"rendered":"<p>diariodominicano.com Santo Domingo, R. D., 28 de noviembre, 2023.- Este mi\u00e9rcoles, el Partido Revolucionario Dominicano (PRD), bajo la orientaci\u00f3n de su presidente, el\u00a0Ing. Miguel Vargas Maldonado, convoca al\u00a0Encuentro Nacional de Candidatas y Candidatos Municipales para las Elecciones del 2024. En esta ocasi\u00f3n, toca el turno a los candidatos a alcaldes, directores, vicealcaldes, y subdirectores, con [&hellip;]<\/p>\n","protected":false},"author":5,"featured_media":299212,"comment_status":"closed","ping_status":"","sticky":true,"template":"","format":"standard","meta":{"footnotes":""},"categories":[22,27],"tags":[],"class_list":["post-492185","post","type-post","status-publish","format-standard","has-post-thumbnail","hentry","category-politica","category-portada"],"_links":{"self":[{"href":"https:\/\/diariodominicano.com\/index.php?rest_route=\/wp\/v2\/posts\/492185","targetHints":{"allow":["GET"]}}],"collection":[{"href":"https:\/\/diariodominicano.com\/index.php?rest_route=\/wp\/v2\/posts"}],"about":[{"href":"https:\/\/diariodominicano.com\/index.php?rest_route=\/wp\/v2\/types\/post"}],"author":[{"embeddable":true,"href":"https:\/\/diariodominicano.com\/index.php?rest_route=\/wp\/v2\/users\/5"}],"replies":[{"embeddable":true,"href":"https:\/\/diariodominicano.com\/index.php?rest_route=%2Fwp%2Fv2%2Fcomments&post=492185"}],"version-history":[{"count":1,"href":"https:\/\/diariodominicano.com\/index.php?rest_route=\/wp\/v2\/posts\/492185\/revisions"}],"predecessor-version":[{"id":492186,"href":"https:\/\/diariodominicano.com\/index.php?rest_route=\/wp\/v2\/posts\/492185\/revisions\/492186"}],"wp:featuredmedia":[{"embeddable":true,"href":"https:\/\/diariodominicano.com\/index.php?rest_route=\/wp\/v2\/media\/299212"}],"wp:attachment":[{"href":"https:\/\/diariodominicano.com\/index.php?rest_route=%2Fwp%2Fv2%2Fmedia&parent=492185"}],"wp:term":[{"taxonomy":"category","embeddable":true,"href":"https:\/\/diariodominicano.com\/index.php?rest_route=%2Fwp%2Fv2%2Fcategories&post=492185"},{"taxonomy":"post_tag","embeddable":true,"href":"https:\/\/diariodominicano.com\/index.php?rest_route=%2Fwp%2Fv2%2Ftags&post=492185"}],"curies":[{"name":"wp","href":"https:\/\/api.w.org\/{rel}","templated":true}]}}